{"id":1165753,"date":"2026-09-03T23:19:19","date_gmt":"2026-09-03T23:19:19","guid":{"rendered":"https:\/\/www.europesays.com\/fr\/1165753\/"},"modified":"2026-09-03T23:19:19","modified_gmt":"2026-09-03T23:19:19","slug":"meteo-toulouse-previsions-du-vendredi-4-septembre-2026","status":"publish","type":"post","link":"https:\/\/www.europesays.com\/fr\/1165753\/","title":{"rendered":"M\u00e9t\u00e9o Toulouse : pr\u00e9visions du vendredi 4 septembre 2026"},"content":{"rendered":"<p>Cette journ\u00e9e sera synonyme de grand soleil pour Toulouse. Les valeurs afficheront entre 20\u00b0C et 36\u00b0C. Le matin, de tr\u00e8s importantes chaleurs (entre 20\u00b0C et 30\u00b0C) sont annonc\u00e9es. Les temp\u00e9ratures avoisineront les 24\u00b0C. Un vent de sud rafra\u00eechira l\u00e9g\u00e8rement l&rsquo;atmosph\u00e8re. Le temps va se r\u00e9chauffer l&rsquo;apr\u00e8s-midi avec une augmentation de plusieurs degr\u00e9s. Prenez garde \u00e0 la vague de chaleur. Des temp\u00e9ratures de 31 \u00e0 36\u00b0C sont attendues. La soir\u00e9e va se trouver tr\u00e8s suffocante : jusqu&rsquo;\u00e0 34\u00b0C. Un ciel d\u00e9pourvu de nuages est pr\u00e9vu dans la nuit entre vendredi et samedi.<\/p>\n<p>C&rsquo;est un soleil \u00e9clatant qui va se montrer demain sur Toulouse. Une chute des temp\u00e9ratures est \u00e0 pr\u00e9voir. Les valeurs \u00e9volueront entre 19 et 34\u2009\u00b0C. Les temp\u00e9ratures s&rsquo;\u00e9chelonneront entre 19 et 34\u00b0C. Une l\u00e9g\u00e8re brise d&rsquo;ouest sera ressentie par les habitants. Demain apr\u00e8s-midi, c&rsquo;est une hausse de plusieurs degr\u00e9s que vont enregistrer les temp\u00e9ratures. Les valeurs maximales pr\u00e9vues sont \u00e9lev\u00e9es, avec 34\u00b0C. La ville va souffrir des grosses chaleurs avec des temp\u00e9ratures qui devraient monter \u00e0 33\u00b0C demain soir.<\/p>\n<p>Des conditions m\u00e9t\u00e9orologiques instables sont attendues pour les jours \u00e0 venir. Une am\u00e9lioration est annonc\u00e9e lundi, alors que la journ\u00e9e de dimanche aura \u00e9t\u00e9 nuageuse.<\/p>\n<p><\/p>\n","protected":false},"excerpt":{"rendered":"Cette journ\u00e9e sera synonyme de grand soleil pour Toulouse. Les valeurs afficheront entre 20\u00b0C et 36\u00b0C. Le matin,&hellip;\n","protected":false},"author":2,"featured_media":1165754,"comment_status":"","ping_status":"","sticky":false,"template":"","format":"standard","meta":{"footnotes":"","_share_on_mastodon":"0"},"categories":[2816],"tags":[1111,11,1777,674,1011,27,12,2680,2119,25,2312],"class_list":["post-1165753","post","type-post","status-publish","format-standard","has-post-thumbnail","category-toulouse","tag-actu","tag-actualites","tag-eu","tag-europe","tag-fr","tag-france","tag-news","tag-occitanie","tag-previsions-meteo","tag-republique-francaise","tag-toulouse"],"share_on_mastodon":{"url":"https:\/\/pubeurope.com\/@fr\/117209672201893447","error":""},"_links":{"self":[{"href":"https:\/\/www.europesays.com\/fr\/wp-json\/wp\/v2\/posts\/1165753","targetHints":{"allow":["GET"]}}],"collection":[{"href":"https:\/\/www.europesays.com\/fr\/wp-json\/wp\/v2\/posts"}],"about":[{"href":"https:\/\/www.europesays.com\/fr\/wp-json\/wp\/v2\/types\/post"}],"author":[{"embeddable":true,"href":"https:\/\/www.europesays.com\/fr\/wp-json\/wp\/v2\/users\/2"}],"replies":[{"embeddable":true,"href":"https:\/\/www.europesays.com\/fr\/wp-json\/wp\/v2\/comments?post=1165753"}],"version-history":[{"count":0,"href":"https:\/\/www.europesays.com\/fr\/wp-json\/wp\/v2\/posts\/1165753\/revisions"}],"wp:featuredmedia":[{"embeddable":true,"href":"https:\/\/www.europesays.com\/fr\/wp-json\/wp\/v2\/media\/1165754"}],"wp:attachment":[{"href":"https:\/\/www.europesays.com\/fr\/wp-json\/wp\/v2\/media?parent=1165753"}],"wp:term":[{"taxonomy":"category","embeddable":true,"href":"https:\/\/www.europesays.com\/fr\/wp-json\/wp\/v2\/categories?post=1165753"},{"taxonomy":"post_tag","embeddable":true,"href":"https:\/\/www.europesays.com\/fr\/wp-json\/wp\/v2\/tags?post=1165753"}],"curies":[{"name":"wp","href":"https:\/\/api.w.org\/{rel}","templated":true}]}}