{"id":1165759,"date":"2026-09-03T23:22:22","date_gmt":"2026-09-03T23:22:22","guid":{"rendered":"https:\/\/www.europesays.com\/fr\/1165759\/"},"modified":"2026-09-03T23:22:22","modified_gmt":"2026-09-03T23:22:22","slug":"un-homme-blesse-par-balle-dans-le-centre-ville-de-marseille-un-suspect-interpelle","status":"publish","type":"post","link":"https:\/\/www.europesays.com\/fr\/1165759\/","title":{"rendered":"Un homme bless\u00e9 par balle dans le centre-ville de Marseille, un suspect interpell\u00e9"},"content":{"rendered":"<p class=\"su-standfirst chapeau\">Un homme de 44\u00a0ans a \u00e9t\u00e9 arr\u00eat\u00e9 \u00e0 Marseille\u00a0(Bouches-du-Rh\u00f4ne), dans la nuit du mardi\u00a01er au mercredi 2\u00a0septembre, apr\u00e8s des tirs dans le centre-ville. Un individu \u00e2g\u00e9 d\u2019une quarantaine d\u2019ann\u00e9es a \u00e9t\u00e9 touch\u00e9 par au moins une des balles et a \u00e9t\u00e9 transport\u00e9 en urgence \u00e0 l\u2019h\u00f4pital.<\/p>\n<p>                                        <img decoding=\"async\" class=\"su-media\" src=\"https:\/\/media.ouest-france.fr\/v1\/pictures\/MjAyNjA5MjNhMWFjMjYyNmVlOTljZGMzNmZkNTM2NzQ5ZTNkZjU?width=630&amp;height=354&amp;focuspoint=50%2C25&amp;cropresize=1&amp;client_id=bpeditorial&amp;sign=2dc288fa353af2eeb1810a1beddb6db19cd5e3af1a9fe31c565c9b70a860beca\" alt=\"Une enqu\u00eate a \u00e9t\u00e9 ouverte apr\u00e8s la blessure par balle d\u2019un quadrag\u00e9naire, dans la nuit du mardi\u00a01er au mercredi 2\u00a0septembre 2026, \u00e0 Marseille\u00a0(Bouches-du-Rh\u00f4ne). Photo d\u2019illustration.\"  \/><\/p>\n<p>                            Une enqu\u00eate a \u00e9t\u00e9 ouverte apr\u00e8s la blessure par balle d\u2019un quadrag\u00e9naire, dans la nuit du mardi\u00a01er au mercredi 2\u00a0septembre 2026, \u00e0 Marseille\u00a0(Bouches-du-Rh\u00f4ne). Photo d\u2019illustration. | JO\u00cbL LE GALL \/ ARCHIVES OUEST-FRANCE<\/p>\n<p>                            fermer<\/p>\n<ul class=\"su-row su-carrousel-container su-not-list\" data-suswipe=\"{\" rambo=\"\" .carrousel-nav-bas=\"\" .item=\"\">\n<li class=\"su-col-xs-6 su-col-md-24 carrousel-contenu su-carrousel-item\" data-ofvwidth=\"{\" mobileonly=\"\"><img decoding=\"async\" data-ofmaxheight=\"\" class=\"su-media lazyload\" alt=\"Une enqu\u00eate a \u00e9t\u00e9 ouverte apr\u00e8s la blessure par balle d\u2019un quadrag\u00e9naire, dans la nuit du mardi\u00a01er au mercredi 2\u00a0septembre 2026, \u00e0 Marseille\u00a0(Bouches-du-Rh\u00f4ne). Photo d\u2019illustration.\" src=\"data:image\/png;base64,iVBORw0KGgoAAAANSUhEUgAAABAAAAAJCAYAAAA7KqwyAAAAGXRFWHRTb2Z0d2FyZQBBZG9iZSBJbWFnZVJlYWR5ccllPAAAABhJREFUeNpi\/P\/\/PwMlgHHUgFEDgAAgwAD+lBrvy+NcxAAAAABJRU5ErkJggg==\" data-oflazyload=\"{&quot;srcset&quot;:&quot;https:\/\/media.ouest-france.fr\/v1\/pictures\/MjAyNjA5MjNhMWFjMjYyNmVlOTljZGMzNmZkNTM2NzQ5ZTNkZjU?width=320&amp;focuspoint=50%2C25&amp;cropresize=1&amp;client_id=bpeditorial&amp;sign=ad115741329f05b62e28ef2002015b9e48047e982b12f683cab66d732a5aa539 320w,https:\/\/media.ouest-france.fr\/v1\/pictures\/MjAyNjA5MjNhMWFjMjYyNmVlOTljZGMzNmZkNTM2NzQ5ZTNkZjU?width=375&amp;focuspoint=50%2C25&amp;cropresize=1&amp;client_id=bpeditorial&amp;sign=dabcbeb28e06326623b554e978d3a6b16a51f90dd3f823541f3678453086c772 360w,https:\/\/media.ouest-france.fr\/v1\/pictures\/MjAyNjA5MjNhMWFjMjYyNmVlOTljZGMzNmZkNTM2NzQ5ZTNkZjU?width=480&amp;focuspoint=50%2C25&amp;cropresize=1&amp;client_id=bpeditorial&amp;sign=b79d67d1adc8c817554e581363cb52b0110fa7eb2f94ef2bbb0f89e705496548 480w,https:\/\/media.ouest-france.fr\/v1\/pictures\/MjAyNjA5MjNhMWFjMjYyNmVlOTljZGMzNmZkNTM2NzQ5ZTNkZjU?width=630&amp;focuspoint=50%2C25&amp;cropresize=1&amp;client_id=bpeditorial&amp;sign=33ad7eb212f6293476a25eb5f01770f53c41ef14b3ca190c15e8e4215c436fa1 630w,https:\/\/media.ouest-france.fr\/v1\/pictures\/MjAyNjA5MjNhMWFjMjYyNmVlOTljZGMzNmZkNTM2NzQ5ZTNkZjU?width=940&amp;focuspoint=50%2C25&amp;cropresize=1&amp;client_id=bpeditorial&amp;sign=d92fa2c59c9571865dcff7c08db61401a34f258adcbc89ed746363a22143af71 940w,https:\/\/media.ouest-france.fr\/v1\/pictures\/MjAyNjA5MjNhMWFjMjYyNmVlOTljZGMzNmZkNTM2NzQ5ZTNkZjU?width=1260&amp;focuspoint=50%2C25&amp;cropresize=1&amp;client_id=bpeditorial&amp;sign=076152402d618ffd2db42f96586c5806c732a9d3196ef58cb63267502d1949b4 1260w&quot;}\"\/>Une enqu\u00eate a \u00e9t\u00e9 ouverte apr\u00e8s la blessure par balle d\u2019un quadrag\u00e9naire, dans la nuit du mardi\u00a01er au mercredi 2\u00a0septembre 2026, \u00e0 Marseille\u00a0(Bouches-du-Rh\u00f4ne). Photo d\u2019illustration. | JO\u00cbL LE GALL \/ ARCHIVES OUEST-FRANCE<\/li>\n<\/ul>\n<p data-ofstats-scroll=\"read_depth_40\">Un homme \u00e2g\u00e9 d\u2019une quarantaine d\u2019ann\u00e9es a \u00e9t\u00e9 bless\u00e9 par balle dans le centre-ville de\u00a0<a href=\"https:\/\/www.ouest-france.fr\/provence-alpes-cote-dazur\/marseille-13000\/entretien-fievre-touristique-a-marseille-les-infrastructures-souffrent-5337469e-8856-11f1-80e5-03ffc2b22a3a\" target=\"_blank\" rel=\"nofollow noopener\">Marseille<\/a>\u00a0(Bouches-du-Rh\u00f4ne), dans la soir\u00e9e du mardi 1er\u00a0septembre 2026. La piste du r\u00e8glement de comptes li\u00e9 au <a href=\"https:\/\/www.ouest-france.fr\/faits-divers\/trafic\/narcotrafic\/\" target=\"_blank\" rel=\"nofollow noopener\">trafic de stup\u00e9fiants<\/a> serait privil\u00e9gi\u00e9e par les enqu\u00eateurs, selon  <a href=\"https:\/\/actu.fr\/provence-alpes-cote-d-azur\/marseille_13055\/un-homme-de-40-ans-blesse-par-balle-en-plein-centre-ville-de-marseille-ce-que-l-on-sait_64734744.html\" target=\"_blank\" rel=\"nofollow noopener\">Actu Marseille<\/a> .<\/p>\n<p>        Un suspect au profil\u00a0\u00ab\u00a0int\u00e9ressant\u00a0\u00bb<\/p>\n<p data-ofstats-scroll=\"read_depth_70\">Un homme de 44\u00a0ans a \u00e9t\u00e9 interpell\u00e9 et plac\u00e9 en garde \u00e0 vue quelques heures apr\u00e8s l\u2019agression, rapporte  <a href=\"https:\/\/www.laprovence.com\/article\/faits-divers-justice\/1846782817011714\/un-homme-blesse-par-balle-dans-le-quartier-de-belsunce-a-marseille\" target=\"_blank\" rel=\"nofollow noopener\">La Provence<\/a> . Son profil a \u00e9t\u00e9 qualifi\u00e9 d&rsquo;<strong>\u00ab\u00a0int\u00e9ressant\u00a0\u00bb<\/strong> par les enqu\u00eateurs. La victime a, quant \u00e0 elle, \u00e9t\u00e9 prise en charge par les marins-pompiers vers 23\u00a0h\u00a030, pour une blessure \u00e0 la jambe. Son pronostic vital n\u2019est pas engag\u00e9, indiquent nos confr\u00e8res. L\u2019homme a \u00e9t\u00e9 conduit aux urgences.<\/p>\n<p data-ofstats-scroll=\"read_depth_100\">Les faits se sont d\u00e9roul\u00e9s dans un quartier du Ier\u00a0arrondissement de Marseille concern\u00e9 par le trafic de\u00a0crack et de\u00a0coca\u00efne. Dans le m\u00eame quartier, trois personnes avaient \u00e9t\u00e9 \u00e9galement bless\u00e9es au niveau des membres inf\u00e9rieurs dans une fusillade, le 20\u00a0juin.<\/p>\n","protected":false},"excerpt":{"rendered":"Un homme de 44\u00a0ans a \u00e9t\u00e9 arr\u00eat\u00e9 \u00e0 Marseille\u00a0(Bouches-du-Rh\u00f4ne), dans la nuit du mardi\u00a01er au mercredi 2\u00a0septembre, apr\u00e8s&hellip;\n","protected":false},"author":2,"featured_media":1165760,"comment_status":"","ping_status":"","sticky":false,"template":"","format":"standard","meta":{"footnotes":"","_share_on_mastodon":"0"},"categories":[2814],"tags":[1111,11,7404,9417,8008,885,1777,674,118,1011,27,884,12045,12,882,1306,25],"class_list":["post-1165759","post","type-post","status-publish","format-standard","has-post-thumbnail","category-marseille","tag-actu","tag-actualites","tag-aix-en-provence","tag-arles","tag-aubagne","tag-bouches-du-rhone","tag-eu","tag-europe","tag-faits-divers","tag-fr","tag-france","tag-marseille","tag-martigues","tag-news","tag-provence-alpes-cote-dazur","tag-regions","tag-republique-francaise"],"share_on_mastodon":{"url":"https:\/\/pubeurope.com\/@fr\/117209685852446695","error":""},"_links":{"self":[{"href":"https:\/\/www.europesays.com\/fr\/wp-json\/wp\/v2\/posts\/1165759","targetHints":{"allow":["GET"]}}],"collection":[{"href":"https:\/\/www.europesays.com\/fr\/wp-json\/wp\/v2\/posts"}],"about":[{"href":"https:\/\/www.europesays.com\/fr\/wp-json\/wp\/v2\/types\/post"}],"author":[{"embeddable":true,"href":"https:\/\/www.europesays.com\/fr\/wp-json\/wp\/v2\/users\/2"}],"replies":[{"embeddable":true,"href":"https:\/\/www.europesays.com\/fr\/wp-json\/wp\/v2\/comments?post=1165759"}],"version-history":[{"count":0,"href":"https:\/\/www.europesays.com\/fr\/wp-json\/wp\/v2\/posts\/1165759\/revisions"}],"wp:featuredmedia":[{"embeddable":true,"href":"https:\/\/www.europesays.com\/fr\/wp-json\/wp\/v2\/media\/1165760"}],"wp:attachment":[{"href":"https:\/\/www.europesays.com\/fr\/wp-json\/wp\/v2\/media?parent=1165759"}],"wp:term":[{"taxonomy":"category","embeddable":true,"href":"https:\/\/www.europesays.com\/fr\/wp-json\/wp\/v2\/categories?post=1165759"},{"taxonomy":"post_tag","embeddable":true,"href":"https:\/\/www.europesays.com\/fr\/wp-json\/wp\/v2\/tags?post=1165759"}],"curies":[{"name":"wp","href":"https:\/\/api.w.org\/{rel}","templated":true}]}}