{"id":1165761,"date":"2026-09-03T23:23:20","date_gmt":"2026-09-03T23:23:20","guid":{"rendered":"https:\/\/www.europesays.com\/fr\/1165761\/"},"modified":"2026-09-03T23:23:20","modified_gmt":"2026-09-03T23:23:20","slug":"meteo-marseille-previsions-du-vendredi-4-septembre-2026","status":"publish","type":"post","link":"https:\/\/www.europesays.com\/fr\/1165761\/","title":{"rendered":"M\u00e9t\u00e9o Marseille : pr\u00e9visions du vendredi 4 septembre 2026"},"content":{"rendered":"<p>Le soleil sera dominant, la garantie d&rsquo;une belle journ\u00e9e \u00e0 Marseille ! Les temp\u00e9ratures avoisineront les 27\u00b0C. Un vent de sud-ouest soufflera l\u00e9g\u00e8rement, avec 6 km\/h. Les temp\u00e9ratures afficheront entre 25 et 28\u00b0C le matin. Le soir, le mercure affichera 27\u00b0C en moyenne. La nuit sera claire.<\/p>\n<p>Demain, un important soleil brillera sur Marseille. Une m\u00e9t\u00e9o plus chaude est \u00e0 pr\u00e9voir puisque les temp\u00e9ratures vont conna\u00eetre une hausse. Les valeurs maximums annonc\u00e9es sont \u00e9lev\u00e9es, avec 34\u00b0C. Les temp\u00e9ratures seront comprises entre 25 et 34\u00b0C. Un vent de nord-ouest, atteignant 20 km\/h, soufflera. La matin\u00e9e va se trouver vraiment suffocante : jusqu&rsquo;\u00e0 31\u00b0C. Les valeurs s&rsquo;\u00e9chelonneront de 25 \u00e0 31\u00b0C. Les temp\u00e9ratures vont enregistrer une augmentation de plusieurs degr\u00e9s pendant l&rsquo;apr\u00e8s-midi. La ville va ressentir des fortes chaleurs avec des temp\u00e9ratures qui pourraient grimper \u00e0 34\u00b0C. Les grosses chaleurs sont pr\u00e9sentes. Avec des valeurs \u00e9chelonn\u00e9es entre 31 et 32\u00b0C.<\/p>\n<p>Des changements sont pr\u00e9vus les jours suivants. Apr\u00e8s une journ\u00e9e nuageuse dimanche, on s&rsquo;attend \u00e0 une am\u00e9lioration lundi.<\/p>\n<p><\/p>\n","protected":false},"excerpt":{"rendered":"Le soleil sera dominant, la garantie d&rsquo;une belle journ\u00e9e \u00e0 Marseille ! Les temp\u00e9ratures avoisineront les 27\u00b0C. Un&hellip;\n","protected":false},"author":2,"featured_media":1165762,"comment_status":"","ping_status":"","sticky":false,"template":"","format":"standard","meta":{"footnotes":"","_share_on_mastodon":"0"},"categories":[2814],"tags":[1111,11,1777,674,1011,27,884,12,2119,882,25],"class_list":["post-1165761","post","type-post","status-publish","format-standard","has-post-thumbnail","category-marseille","tag-actu","tag-actualites","tag-eu","tag-europe","tag-fr","tag-france","tag-marseille","tag-news","tag-previsions-meteo","tag-provence-alpes-cote-dazur","tag-republique-francaise"],"share_on_mastodon":{"url":"https:\/\/pubeurope.com\/@fr\/117209687885195216","error":""},"_links":{"self":[{"href":"https:\/\/www.europesays.com\/fr\/wp-json\/wp\/v2\/posts\/1165761","targetHints":{"allow":["GET"]}}],"collection":[{"href":"https:\/\/www.europesays.com\/fr\/wp-json\/wp\/v2\/posts"}],"about":[{"href":"https:\/\/www.europesays.com\/fr\/wp-json\/wp\/v2\/types\/post"}],"author":[{"embeddable":true,"href":"https:\/\/www.europesays.com\/fr\/wp-json\/wp\/v2\/users\/2"}],"replies":[{"embeddable":true,"href":"https:\/\/www.europesays.com\/fr\/wp-json\/wp\/v2\/comments?post=1165761"}],"version-history":[{"count":0,"href":"https:\/\/www.europesays.com\/fr\/wp-json\/wp\/v2\/posts\/1165761\/revisions"}],"wp:featuredmedia":[{"embeddable":true,"href":"https:\/\/www.europesays.com\/fr\/wp-json\/wp\/v2\/media\/1165762"}],"wp:attachment":[{"href":"https:\/\/www.europesays.com\/fr\/wp-json\/wp\/v2\/media?parent=1165761"}],"wp:term":[{"taxonomy":"category","embeddable":true,"href":"https:\/\/www.europesays.com\/fr\/wp-json\/wp\/v2\/categories?post=1165761"},{"taxonomy":"post_tag","embeddable":true,"href":"https:\/\/www.europesays.com\/fr\/wp-json\/wp\/v2\/tags?post=1165761"}],"curies":[{"name":"wp","href":"https:\/\/api.w.org\/{rel}","templated":true}]}}