{"id":1165770,"date":"2026-09-03T23:28:27","date_gmt":"2026-09-03T23:28:27","guid":{"rendered":"https:\/\/www.europesays.com\/fr\/1165770\/"},"modified":"2026-09-03T23:28:27","modified_gmt":"2026-09-03T23:28:27","slug":"spacex-et-blue-origin-annulent-leur-venue-au-sommet-spatial-de-paris-un-ordre-de-trump","status":"publish","type":"post","link":"https:\/\/www.europesays.com\/fr\/1165770\/","title":{"rendered":"SpaceX et Blue Origin annulent leur venue au Sommet spatial de Paris\u2026 Un ordre de Trump\u00a0?"},"content":{"rendered":"<p class=\"mb-4 text-lg md:leading-8 break-words\"><strong>Lost in space &#8211; Quatre entreprises spatiales am\u00e9ricaines, dont Blue Origin et SpaceX, ont annul\u00e9 leur venue au Sommet spatial international organis\u00e9 \u00e0 Paris les 9 et 10\u00a0septembre, sur fond de tensions politiques entre Washington et l&rsquo;Union europ\u00e9enne<\/strong><\/p>\n<p class=\"mb-4 text-lg md:leading-8 break-words\">Coup dur pour le rendez-vous voulu par <a data-ylk=\"slk:Emmanuel Macron;elm:context_link;itc:0;sec:content-canvas;\" data-yga=\"{&quot;yLinkElement&quot;:&quot;link&quot;,&quot;yLinkElementType&quot;:&quot;article_link&quot;}\" href=\"https:\/\/www.20minutes.fr\/politique\/emmanuel-macron\/?at_medium=RSS%20feed&amp;at_campaign=ynews&amp;utm_source=yahoo&amp;utm_medium=rss&amp;utm_campaign=news_feed&amp;utm_content=in_article_link\" rel=\"noopener noreferrer nofollow\" target=\"_blank\">Emmanuel Macron<\/a>. Quatre soci\u00e9t\u00e9s am\u00e9ricaines du secteur spatial ont annul\u00e9 leur participation au Sommet spatial international de Paris pr\u00e9vu les 9 et 10\u00a0septembre. Parmi elles figurent deux poids lourds de l&rsquo;industrie priv\u00e9e\u00a0: <a data-ylk=\"slk:Blue Origin;elm:context_link;itc:0;sec:content-canvas;\" data-yga=\"{&quot;yLinkElement&quot;:&quot;link&quot;,&quot;yLinkElementType&quot;:&quot;article_link&quot;}\" href=\"https:\/\/www.20minutes.fr\/high-tech\/blue-origin\/?at_medium=RSS%20feed&amp;at_campaign=ynews&amp;utm_source=yahoo&amp;utm_medium=rss&amp;utm_campaign=news_feed&amp;utm_content=in_article_link\" rel=\"noopener noreferrer nofollow\" target=\"_blank\">Blue Origin<\/a>, fond\u00e9e par Jeff Bezos, et <a data-ylk=\"slk:SpaceX;elm:context_link;itc:0;sec:content-canvas;\" data-yga=\"{&quot;yLinkElement&quot;:&quot;link&quot;,&quot;yLinkElementType&quot;:&quot;article_link&quot;}\" href=\"https:\/\/www.20minutes.fr\/high-tech\/sciences\/4240956-20260825-etats-unis-elon-musk-veut-construire-base-spatiale-geante-spacex-louisiane?at_medium=RSS%20feed&amp;at_campaign=ynews&amp;utm_source=yahoo&amp;utm_medium=rss&amp;utm_campaign=news_feed&amp;utm_content=in_article_link\" rel=\"noopener noreferrer nofollow\" target=\"_blank\">SpaceX<\/a>, dirig\u00e9e par <a data-ylk=\"slk:Elon Musk;elm:context_link;itc:0;sec:content-canvas;\" data-yga=\"{&quot;yLinkElement&quot;:&quot;link&quot;,&quot;yLinkElementType&quot;:&quot;article_link&quot;}\" href=\"https:\/\/www.20minutes.fr\/economie\/4228391-20260610-spacex-aimez-milliards-allez-adorer-chiffres-fous-arrivee-bourse?at_medium=RSS%20feed&amp;at_campaign=ynews&amp;utm_source=yahoo&amp;utm_medium=rss&amp;utm_campaign=news_feed&amp;utm_content=in_article_link\" rel=\"noopener noreferrer nofollow\" target=\"_blank\">Elon Musk<\/a>.<\/p>\n<p class=\"mb-4 text-lg md:leading-8 break-words\">Les deux autres entreprises concern\u00e9es sont les start-up Stoke Space et Starcloud. Le minist\u00e8re fran\u00e7ais de l&rsquo;Enseignement sup\u00e9rieur, de la Recherche et de l&rsquo;Espace estime qu&rsquo;il est difficile de ne pas faire le lien avec les informations relay\u00e9es ces derniers jours par plusieurs m\u00e9dias am\u00e9ricains \u00e9voquant des pressions de la Maison-Blanche.<\/p>\n<p>Washington a-t-il cherch\u00e9 \u00e0 d\u00e9courager les participants\u00a0?<\/p>\n<p class=\"mb-4 text-lg md:leading-8 break-words\">Le minist\u00e8re fran\u00e7ais assure vouloir poursuivre la coop\u00e9ration avec les acteurs am\u00e9ricains du spatial, tout en regrettant que certains \u00ab\u00a0revirements strat\u00e9giques\u00a0\u00bb et \u00ab\u00a0pressions politiques\u00a0\u00bb compliquent parfois les \u00e9changes. Sollicit\u00e9s, Blue Origin et SpaceX n&rsquo;ont pas r\u00e9pondu dans l&rsquo;imm\u00e9diat.<\/p>\n<p class=\"mb-4 text-lg md:leading-8 break-words\">Dans un article publi\u00e9 par Politico, plusieurs sources affirment que la Maison-Blanche aurait encourag\u00e9 des entreprises spatiales am\u00e9ricaines \u00e0 ne pas participer \u00e0 l&rsquo;\u00e9v\u00e9nement parisien. Le m\u00e9dia am\u00e9ricain \u00e9voque notamment un \u00e9change t\u00e9l\u00e9phonique entre des repr\u00e9sentants de l&rsquo;administration am\u00e9ricaine et plusieurs soci\u00e9t\u00e9s du secteur, dont SpaceX.<\/p>\n<p>Des accusations de \u00ab\u00a0pratiques anticoncurrentielles\u00a0\u00bb<\/p>\n<p class=\"mb-4 text-lg md:leading-8 break-words\">Toujours d&rsquo;apr\u00e8s Politico, il aurait \u00e9t\u00e9 indiqu\u00e9 durant cet \u00e9cha(&#8230;)<\/p>\n<p class=\"mb-4 text-lg md:leading-8 break-words\"><a data-ylk=\"slk:Lire la suite sur 20minutes;elm:context_link;itc:0;sec:content-canvas;\" data-yga=\"{&quot;yLinkElement&quot;:&quot;link&quot;,&quot;yLinkElementType&quot;:&quot;article_link&quot;}\" href=\"https:\/\/www.20minutes.fr\/monde\/etats-unis\/4242662-20260903-spacex-blue-origin-annulent-venue-sommet-spatial-paris-ordre-trump?at_medium=RSS%20feed&amp;at_campaign=ynews&amp;utm_source=yahoo&amp;utm_medium=rss&amp;utm_campaign=news_feed&amp;utm_content=read_more_link&quot;\" rel=\"noopener noreferrer nofollow\" target=\"_blank\">Lire la suite sur 20minutes<\/a><\/p>\n<p>\u00c0 lire aussi :<br \/><a data-ylk=\"slk:\u00ab\u00a0VivaTech 2026\u00a0\u00bb\u00a0: Jeff Bezos, patron de Blue Origin, se rendra mercredi au salon d\u00e9di\u00e9 aux nouvelles technologies;elm:context_link;itc:0;sec:content-canvas;\" data-yga=\"{&quot;yLinkElement&quot;:&quot;link&quot;,&quot;yLinkElementType&quot;:&quot;article_link&quot;}\" href=\"https:\/\/www.20minutes.fr\/high-tech\/4229184-20260615-vivatech-2026-jeff-bezos-patron-blue-origin-rendra-mercredi-salon-dedie-nouvelles-technologies?at_medium=RSS%20feed&amp;at_campaign=ynews&amp;utm_source=yahoo&amp;utm_medium=rss&amp;utm_campaign=news_feed&amp;utm_content=related_content_link\" rel=\"noopener noreferrer nofollow\" target=\"_blank\">\u00ab\u00a0VivaTech 2026\u00a0\u00bb\u00a0: Jeff Bezos, patron de Blue Origin, se rendra mercredi au salon d\u00e9di\u00e9 aux nouvelles technologies<\/a><br \/><a data-ylk=\"slk:Espace\u00a0: L&#039;Europe peut d\u00e9velopper des vols habit\u00e9s \u00e0 un \u00ab\u00a0co\u00fbt raisonnable\u00a0\u00bb, estime le directeur de l&#039;Agence spatiale;elm:context_link;itc:0;sec:content-canvas;\" data-yga=\"{&quot;yLinkElement&quot;:&quot;link&quot;,&quot;yLinkElementType&quot;:&quot;article_link&quot;}\" href=\"https:\/\/www.20minutes.fr\/high-tech\/4242439-20260902-espace-europe-peut-developper-vols-habites-cout-raisonnable-estime-directeur-agence-spatiale?at_medium=RSS%20feed&amp;at_campaign=ynews&amp;utm_source=yahoo&amp;utm_medium=rss&amp;utm_campaign=news_feed&amp;utm_content=related_content_link\" rel=\"noopener noreferrer nofollow\" target=\"_blank\">Espace\u00a0: L&rsquo;Europe peut d\u00e9velopper des vols habit\u00e9s \u00e0 un \u00ab\u00a0co\u00fbt raisonnable\u00a0\u00bb, estime le directeur de l&rsquo;Agence spatiale<\/a><\/p>\n","protected":false},"excerpt":{"rendered":"Lost in space &#8211; Quatre entreprises spatiales am\u00e9ricaines, dont Blue Origin et SpaceX, ont annul\u00e9 leur venue au&hellip;\n","protected":false},"author":2,"featured_media":1165771,"comment_status":"","ping_status":"","sticky":false,"template":"","format":"standard","meta":{"footnotes":"","_share_on_mastodon":"0"},"categories":[1888],"tags":[5658,1111,1928,11,1927,9002,1777,674,1011,27,697,120283,12,1926,626,1925,25,2764,45,2744],"class_list":["post-1165770","post","type-post","status-publish","format-standard","has-post-thumbnail","category-paris","tag-5658","tag-actu","tag-actu-paris","tag-actualites","tag-actualites-paris","tag-blue-origin","tag-eu","tag-europe","tag-fr","tag-france","tag-jeff-bezos","tag-le-ministere-francais","tag-news","tag-news-paris","tag-paris","tag-paris-news","tag-republique-francaise","tag-sommet","tag-spacex","tag-washington"],"share_on_mastodon":{"url":"https:\/\/pubeurope.com\/@fr\/117209707905058902","error":""},"_links":{"self":[{"href":"https:\/\/www.europesays.com\/fr\/wp-json\/wp\/v2\/posts\/1165770","targetHints":{"allow":["GET"]}}],"collection":[{"href":"https:\/\/www.europesays.com\/fr\/wp-json\/wp\/v2\/posts"}],"about":[{"href":"https:\/\/www.europesays.com\/fr\/wp-json\/wp\/v2\/types\/post"}],"author":[{"embeddable":true,"href":"https:\/\/www.europesays.com\/fr\/wp-json\/wp\/v2\/users\/2"}],"replies":[{"embeddable":true,"href":"https:\/\/www.europesays.com\/fr\/wp-json\/wp\/v2\/comments?post=1165770"}],"version-history":[{"count":0,"href":"https:\/\/www.europesays.com\/fr\/wp-json\/wp\/v2\/posts\/1165770\/revisions"}],"wp:featuredmedia":[{"embeddable":true,"href":"https:\/\/www.europesays.com\/fr\/wp-json\/wp\/v2\/media\/1165771"}],"wp:attachment":[{"href":"https:\/\/www.europesays.com\/fr\/wp-json\/wp\/v2\/media?parent=1165770"}],"wp:term":[{"taxonomy":"category","embeddable":true,"href":"https:\/\/www.europesays.com\/fr\/wp-json\/wp\/v2\/categories?post=1165770"},{"taxonomy":"post_tag","embeddable":true,"href":"https:\/\/www.europesays.com\/fr\/wp-json\/wp\/v2\/tags?post=1165770"}],"curies":[{"name":"wp","href":"https:\/\/api.w.org\/{rel}","templated":true}]}}