{"id":1165777,"date":"2026-09-03T23:34:05","date_gmt":"2026-09-03T23:34:05","guid":{"rendered":"https:\/\/www.europesays.com\/fr\/1165777\/"},"modified":"2026-09-03T23:34:05","modified_gmt":"2026-09-03T23:34:05","slug":"guerre-en-ukraine-poutine-nie-preparer-une-mobilisation-militaire-en-russie-et-berlin-nid-despions","status":"publish","type":"post","link":"https:\/\/www.europesays.com\/fr\/1165777\/","title":{"rendered":"Guerre en Ukraine\u00a0: Poutine nie pr\u00e9parer une mobilisation militaire en Russie et Berlin, nid d\u2019espions"},"content":{"rendered":"<p class=\"mb-4 text-lg md:leading-8 break-words\"><strong>R\u00e9cap &#8211; \u00ab 20 Minutes \u00bb fait le point pour vous tous les soirs sur le conflit en Ukraine. Ce jeudi 3 septembre a \u00e9t\u00e9 marqu\u00e9<\/strong><\/p>\n<p class=\"mb-4 text-lg md:leading-8 break-words\">Vous avez rat\u00e9 les derniers \u00e9v\u00e9nements sur la <a data-ylk=\"slk:guerre en Ukraine;elm:context_link;itc:0;sec:content-canvas;\" data-yga=\"{&quot;yLinkElement&quot;:&quot;link&quot;,&quot;yLinkElementType&quot;:&quot;article_link&quot;}\" href=\"https:\/\/www.20minutes.fr\/monde\/ukraine\/?at_medium=RSS%20feed&amp;at_campaign=ynews&amp;utm_source=yahoo&amp;utm_medium=rss&amp;utm_campaign=news_feed&amp;utm_content=in_article_link\" rel=\"noopener noreferrer nofollow\" target=\"_blank\">guerre en Ukraine<\/a> ? 20 Minutes fait le point pour vous tous les soirs. Voici l&rsquo;essentiel de ce jeudi 3 septembre 2026, au 1.653e jour du conflit.<\/p>\n<p>Le fait du jour<\/p>\n<p class=\"mb-4 text-lg md:leading-8 break-words\">Non, la Russie ne pr\u00e9voit pas une grande campagne de mobilisation militaire pour porter l&rsquo;estocade \u00e0 l&rsquo;Ukraine. C&rsquo;est du moins ce qu&rsquo;a affirm\u00e9 <a data-ylk=\"slk:Vladimir Poutine;elm:context_link;itc:0;sec:content-canvas;\" data-yga=\"{&quot;yLinkElement&quot;:&quot;link&quot;,&quot;yLinkElementType&quot;:&quot;article_link&quot;}\" href=\"https:\/\/www.20minutes.fr\/monde\/vladimir_poutine\/?at_medium=RSS%20feed&amp;at_campaign=ynews&amp;utm_source=yahoo&amp;utm_medium=rss&amp;utm_campaign=news_feed&amp;utm_content=in_article_link\" rel=\"noopener noreferrer nofollow\" target=\"_blank\">Vladimir Poutine<\/a>, lors d&rsquo;une intervention au Forum \u00e9conomique oriental (EEF) \u00e0 Vladivostok. \u00ab A ce jour, il n&rsquo;existe aucun sc\u00e9nario qui n\u00e9cessiterait une mobilisation \u00bb, a ass\u00e9n\u00e9 le ma\u00eetre du Kremlin, affirmant que les forces russes ne souffrent aucunement de probl\u00e8mes de recrutement.<\/p>\n<p class=\"mb-4 text-lg md:leading-8 break-words\">En juillet pourtant, <a data-ylk=\"slk:Volodymyr Zelensky;elm:context_link;itc:0;sec:content-canvas;\" data-yga=\"{&quot;yLinkElement&quot;:&quot;link&quot;,&quot;yLinkElementType&quot;:&quot;article_link&quot;}\" href=\"https:\/\/www.20minutes.fr\/monde\/volodymyr-zelensky\/?at_medium=RSS%20feed&amp;at_campaign=ynews&amp;utm_source=yahoo&amp;utm_medium=rss&amp;utm_campaign=news_feed&amp;utm_content=in_article_link\" rel=\"noopener noreferrer nofollow\" target=\"_blank\">Volodymyr Zelensky<\/a> affirmait avoir re\u00e7u des \u00ab informations claires \u00bb de ses services de renseignement, affirmant que la Russie pr\u00e9parait \u00ab pour l&rsquo;automne une nouvelle vague de mobilisation \u00bb. \u00ab C&rsquo;est une attaque informationnelle de la part de l&rsquo;ennemi \u00e0 la veille des \u00e9lections \u00e0 la Douma, avec une tentative d&rsquo;influer sur leur r\u00e9sultat \u00bb, a coup\u00e9 court Vladimir Poutine, en faisant allusion aux \u00e9lections l\u00e9gislatives pr\u00e9vues du 18 au 20 septembre.<\/p>\n<p>Le chiffre du jour<\/p>\n<p class=\"mb-4 text-lg md:leading-8 break-words\">4,22 milliards de dollars. Le montant que r\u00e9clame groupe \u00e9nerg\u00e9tique public ukrainien Naftogaz \u00e0 la Russie en d\u00e9dommagement d&rsquo;actifs saisis lors de l&rsquo;annexion de la Crim\u00e9e en 2014. C&rsquo;est en vertu de cette \u00ab dette \u00bb, valid\u00e9e par les instances internationales, que la Norv\u00e8ge a saisi mercredi le navire russe \u00ab Professor Molchanov \u00bb dans l&rsquo;Arctique, d\u00e9clenchant la col\u00e8re de (&#8230;)<\/p>\n<p class=\"mb-4 text-lg md:leading-8 break-words\"><a data-ylk=\"slk:Lire la suite sur 20minutes;elm:context_link;itc:0;sec:content-canvas;\" data-yga=\"{&quot;yLinkElement&quot;:&quot;link&quot;,&quot;yLinkElementType&quot;:&quot;article_link&quot;}\" href=\"https:\/\/www.20minutes.fr\/monde\/ukraine\/4242573-20260903-guerre-ukraine-poutine-nie-preparer-mobilisation-militaire-russie-berlin-nid-espions?at_medium=RSS%20feed&amp;at_campaign=ynews&amp;utm_source=yahoo&amp;utm_medium=rss&amp;utm_campaign=news_feed&amp;utm_content=read_more_link&quot;\" rel=\"noopener noreferrer nofollow\" target=\"_blank\">Lire la suite sur 20minutes<\/a><\/p>\n<p>\u00c0 lire aussi :<br \/><a data-ylk=\"slk:Rentr\u00e9e scolaire 2026 : Des manuels en cendres au \u00ab lavage de cerveau \u00bb, la Russie cible les \u00e9coliers ukrainiens;elm:context_link;itc:0;sec:content-canvas;\" data-yga=\"{&quot;yLinkElement&quot;:&quot;link&quot;,&quot;yLinkElementType&quot;:&quot;article_link&quot;}\" href=\"https:\/\/www.20minutes.fr\/monde\/ukraine\/4242096-20260902-rentree-scolaire-2026-manuels-cendres-lavage-cerveau-russie-cible-ecoliers-ukrainiens?at_medium=RSS%20feed&amp;at_campaign=ynews&amp;utm_source=yahoo&amp;utm_medium=rss&amp;utm_campaign=news_feed&amp;utm_content=related_content_link\" rel=\"noopener noreferrer nofollow\" target=\"_blank\">Rentr\u00e9e scolaire 2026 : Des manuels en cendres au \u00ab lavage de cerveau \u00bb, la Russie cible les \u00e9coliers ukrainiens<\/a><br \/><a data-ylk=\"slk:Guerre en Ukraine : Danger dans le ciel de Russie, \u00ab terrorisme d&#039;Etat \u00bb et IA perm\u00e9ables \u00e0 la propagande;elm:context_link;itc:0;sec:content-canvas;\" data-yga=\"{&quot;yLinkElement&quot;:&quot;link&quot;,&quot;yLinkElementType&quot;:&quot;article_link&quot;}\" href=\"https:\/\/www.20minutes.fr\/monde\/ukraine\/4242336-20260902-guerre-ukraine-danger-ciel-russie-terrorisme-etat-ia-permeables-propagande?at_medium=RSS%20feed&amp;at_campaign=ynews&amp;utm_source=yahoo&amp;utm_medium=rss&amp;utm_campaign=news_feed&amp;utm_content=related_content_link\" rel=\"noopener noreferrer nofollow\" target=\"_blank\">Guerre en Ukraine : Danger dans le ciel de Russie, \u00ab terrorisme d&rsquo;Etat \u00bb et IA perm\u00e9ables \u00e0 la propagande<\/a><\/p>\n","protected":false},"excerpt":{"rendered":"R\u00e9cap &#8211; \u00ab 20 Minutes \u00bb fait le point pour vous tous les soirs sur le conflit en&hellip;\n","protected":false},"author":2,"featured_media":1165778,"comment_status":"","ping_status":"","sticky":false,"template":"","format":"standard","meta":{"footnotes":"","_share_on_mastodon":"0"},"categories":[1590],"tags":[642,11,120315,120316,120317,1777,674,118125,1146,118124,120318,12,2828,120319,220,135,134],"class_list":["post-1165777","post","type-post","status-publish","format-standard","has-post-thumbnail","category-ukraine","tag-20-minutes","tag-actualites","tag-cest-du-moins-ce-qua","tag-cest-en-vertu-de-cette","tag-cest-une-attaque","tag-eu","tag-europe","tag-fait-le","tag-guerre","tag-jour-du-conflit","tag-la-russie-ne-prevoit","tag-news","tag-non","tag-russes-ne","tag-ukraine","tag-vladimir-poutine","tag-volodymyr-zelensky"],"share_on_mastodon":{"url":"https:\/\/pubeurope.com\/@fr\/117209731243792850","error":""},"_links":{"self":[{"href":"https:\/\/www.europesays.com\/fr\/wp-json\/wp\/v2\/posts\/1165777","targetHints":{"allow":["GET"]}}],"collection":[{"href":"https:\/\/www.europesays.com\/fr\/wp-json\/wp\/v2\/posts"}],"about":[{"href":"https:\/\/www.europesays.com\/fr\/wp-json\/wp\/v2\/types\/post"}],"author":[{"embeddable":true,"href":"https:\/\/www.europesays.com\/fr\/wp-json\/wp\/v2\/users\/2"}],"replies":[{"embeddable":true,"href":"https:\/\/www.europesays.com\/fr\/wp-json\/wp\/v2\/comments?post=1165777"}],"version-history":[{"count":0,"href":"https:\/\/www.europesays.com\/fr\/wp-json\/wp\/v2\/posts\/1165777\/revisions"}],"wp:featuredmedia":[{"embeddable":true,"href":"https:\/\/www.europesays.com\/fr\/wp-json\/wp\/v2\/media\/1165778"}],"wp:attachment":[{"href":"https:\/\/www.europesays.com\/fr\/wp-json\/wp\/v2\/media?parent=1165777"}],"wp:term":[{"taxonomy":"category","embeddable":true,"href":"https:\/\/www.europesays.com\/fr\/wp-json\/wp\/v2\/categories?post=1165777"},{"taxonomy":"post_tag","embeddable":true,"href":"https:\/\/www.europesays.com\/fr\/wp-json\/wp\/v2\/tags?post=1165777"}],"curies":[{"name":"wp","href":"https:\/\/api.w.org\/{rel}","templated":true}]}}