{"id":1165781,"date":"2026-09-03T23:36:31","date_gmt":"2026-09-03T23:36:31","guid":{"rendered":"https:\/\/www.europesays.com\/fr\/1165781\/"},"modified":"2026-09-03T23:36:31","modified_gmt":"2026-09-03T23:36:31","slug":"apres-la-tapisserie-de-bayeux-premier-entretien-burnham-macron-pour-renforcer-les-relations","status":"publish","type":"post","link":"https:\/\/www.europesays.com\/fr\/1165781\/","title":{"rendered":"Apr\u00e8s la tapisserie de Bayeux, premier entretien Burnham-Macron pour \u00ab\u00a0renforcer\u00a0\u00bb les relations"},"content":{"rendered":"<p>Le pr\u00eat au British Museum pour un an de cette broderie mill\u00e9naire, d\u00e9crivant la conqu\u00eate de l&rsquo;Angleterre en l&rsquo;an 1066 par Guillaume le Conqu\u00e9rant, \u00ab\u00a0montre ce que notre collaboration peut permettre de r\u00e9aliser\u00a0\u00bb, a soulign\u00e9 le chef de gouvernement travailliste au d\u00e9but de l&rsquo;entretien, soulignant qu&rsquo;Emmanuel Macron \u00e9tait le premier dirigeant \u00e9tranger qu&rsquo;il accueillait au 10, Downing Street.<\/p>\n<p>Aux c\u00f4t\u00e9s de celui qu&rsquo;il a d\u00e9crit comme le \u00ab\u00a0plus proche voisin\u00a0\u00bb de son pays et un \u00ab\u00a0ami tr\u00e8s important\u00a0\u00bb, Andy Burnham a aussi \u00e9voqu\u00e9 un bilan positif de leur coop\u00e9ration \u00ab\u00a0sur l&rsquo;Ukraine\u00a0\u00bb, sur la lutte contre les travers\u00e9es de la Manche par des migrants \u00e0 bord de petites embarcations, et \u00ab\u00a0sur le renforcement de la relation entre le Royaume-Uni et l&rsquo;UE\u00a0\u00bb.<\/p>\n<p>Emmanuel Macron a lui assur\u00e9 avoir \u00ab\u00a0la volont\u00e9 et l&rsquo;engagement de nous rapprocher encore davantage\u00a0\u00bb.<\/p>\n<p>A l&rsquo;issue d&rsquo;un d\u00e9jeuner en pr\u00e9sence de leurs \u00e9pouses et avant de quitter Londres, le pr\u00e9sident fran\u00e7ais a salu\u00e9 une \u00ab\u00a0tr\u00e8s bonne discussion\u00a0\u00bb.<\/p>\n<p>A l&rsquo;approche d&rsquo;un sommet crucial entre l&rsquo;UE et le Royaume-Uni attendu d&rsquo;ici la fin de l&rsquo;ann\u00e9e, ce rapprochement \u00e9tait en haut de l&rsquo;agenda de cette premi\u00e8re rencontre.<\/p>\n<p>Interrog\u00e9 mercredi soir par des journalistes, le Premier ministre britannique avait estim\u00e9 que \u00ab\u00a0dix ans apr\u00e8s le Brexit, les gens ici en ont assez des divisions. Ils voient que nous devons travailler plus \u00e9troitement ensemble\u00a0\u00bb.<\/p>\n<p>Il a toutefois soulign\u00e9 qu&rsquo;il y avait des \u00ab\u00a0sujets difficiles\u00a0\u00bb sur lesquels il esp\u00e9rait \u00ab\u00a0trouver ensemble un moyen de surmonter\u00a0\u00bb les obstacles, citant le plan de l&rsquo;UE pour soutenir l&rsquo;industrie \u00ab\u00a0made in Europe\u00a0\u00bb, qui pourrait selon lui avoir des \u00ab\u00a0r\u00e9percussions sur l&rsquo;industrie sid\u00e9rurgique\u00a0\u00bb britannique.<\/p>\n<p><img alt=\"Emmanuel Macron lors de son discours au British Museum de Londres le 2 septembre 2026\" loading=\"lazy\" decoding=\"async\" data-nimg=\"fill\" class=\" TwicCore_img__i9TC1 undefined  undefined\" style=\"position:absolute;height:100%;width:100%;left:0;top:0;right:0;bottom:0;color:transparent;background-size:cover;background-position:50% 50%;background-repeat:no-repeat;background-image:url(&quot;data:image\/svg+xml;charset=utf-8,%3Csvg xmlns='http:\/\/www.w3.org\/2000\/svg' %3E%3Cfilter id='b' color-interpolation-filters='sRGB'%3E%3CfeGaussianBlur stdDeviation='20'\/%3E%3CfeColorMatrix values='1 0 0 0 0 0 1 0 0 0 0 0 1 0 0 0 0 0 100 -1' result='s'\/%3E%3CfeFlood x='0' y='0' width='100%25' height='100%25'\/%3E%3CfeComposite operator='out' in='s'\/%3E%3CfeComposite in2='SourceGraphic'\/%3E%3CfeGaussianBlur stdDeviation='20'\/%3E%3C\/filter%3E%3Cimage width='100%25' height='100%25' x='0' y='0' preserveAspectRatio='none' style='filter: url(%23b);' href='data:image\/webp;base64,UklGRjYDAABXRUJQVlA4ICoDAABwOwCdASpYAjMBPkkkkEYipC2hIHHIYbAJCWlu4XY+BNqD18Y8NfsAGklspy5cuXLly5cuXLly5cuXLly5cuXLly5cuXLly5cuXLly5cuXLly5cuXLly5cuXLly5cuXLly5cuXLly5cuXLly5cuXLly5cOmSMpCYAqxrZTly5cuXLlb+kGzWSu8K3E1y5cuXLly5cuXLly586rC9hJ59veBEwBVjWynLly5cuXLug2VFzeerXpFBoE1DzVqRnK9boVWdU5uGOkJgCrGtlOXLl3LvfxUZpxwRcmsj79wb4EbKlE\/r22O42hBnpQFwx0hMAVY1spy4YzRxqGxu6c2HW2qsf0YBKFRSEwBVjWynLly5cuaOzYEbNk92seqt0qoLUhMAVY1spy5crUBhXE756j\/F5H4PuLhYztBdg85f1XvYrGtlOXLly5cuXLly8BqjFLIyVJAdajjWODMD9LlVAXDHSEwBVjWynLly9tbE8pMCyjcR7xcMdITAFWNbKcuXLly+D+fa3VF4N6KxrZTly5cuXLly5cuXLly5cuXLly5cuXLly5cuXLly5cuXLly5cuXLly5cuXLly5cuXLly5cuXLly5cuXLly5cuXLly5cuXLly5cuXLly5cuXLly5cuXLhAAAP7\/oF7\/uk\/U\/0X960XRsIAEB2AAAAAAN70kr1HHyAOX3hkoohV27A67FGK7ZDJxBrJxh4Ojbr\/WDeEfz\/7o3pHj59TQ8XGsQUhr3sN7hFK2Jryx8ktgST6T5ReQQ3\/8iFy18d24oI\/ehYDZRlXUy0Kupe8Eo1oGLy7EtnzszCA7wOSYi2TuBOTEajrI03t4X5RtPEfwApDODep6IxUiWEqwc10ClsN9PiXJYP\/ftxQ4kB\/fvVojv0hPD+UslrCvnBMHKjiIKuNWc2UVssi9Sc7OFkej4bXkVzuyn3wK6aai9cjlMoDj0aFvX1cABgc2Kb52QF9UStQKG7NBnYzqQyNQam2c8hYLfhjPkZw8Wtbagqpsowi5hfki1bc1bmdFsUiBCz012jpiep8diCSRABf4vizRKv35xIIAoAAAAAAAAAAAAAA='\/%3E%3C\/svg%3E&quot;)\"   src=\"https:\/\/www.europesays.com\/fr\/wp-content\/uploads\/2026\/09\/59a6ad27dff52520f0b639ef734732138c8bfe6d.jpg\"\/>Emmanuel Macron lors de son discours au British Museum de Londres le 2 septembre 2026 PHOTO AFP \/ Ludovic MARIN<\/p>\n<p>\u00ab\u00a0M\u00eame si nous ne sommes pas toujours d&rsquo;accord sur tout, nous nous respectons (&#8230;) et restons ouverts \u00e0 la discussion sur tous les sujets, y compris la relance des relations entre le Royaume-Uni et l&rsquo;Union europ\u00e9enne\u00a0\u00bb, avait de son c\u00f4t\u00e9 comment\u00e9 Emmanuel Macron dans son discours au British Museum.<\/p>\n<p>Paris veut \u00e9viter que Londres fasse du \u00ab\u00a0cherry-picking\u00a0\u00bb, autrement dit que les Britanniques ne retiennent du march\u00e9 int\u00e9rieur europ\u00e9en que ce qui les avantage.<\/p>\n<p>La lutte contre l&rsquo;arriv\u00e9e de migrants sur de petites embarcations via la Manche est \u00e9galement un sujet prioritaire pour Londres.<\/p>\n<p>Le gouvernement britannique, qui a enregistr\u00e9 cet \u00e9t\u00e9 le nombre le plus bas d&rsquo;arriv\u00e9es de migrants depuis 2019, a salu\u00e9 le succ\u00e8s de son accord de coop\u00e9ration avec la France, reconduit pour trois ans en avril, et Andy Burnham a plaid\u00e9 pour \u00ab\u00a0accomplir davantage encore\u00a0\u00bb.<\/p>\n<p>Afin d&#8217;emp\u00eacher la travers\u00e9e de \u00ab\u00a0m\u00e9ga-canots\u00a0\u00bb, comme celui qui a r\u00e9cemment transport\u00e9 230 personnes, une \u00e9quipe de 45 agents doit prochainement \u00eatre d\u00e9ploy\u00e9e sur les c\u00f4tes du nord-ouest de la France, soit \u00ab\u00a0un quasi-triplement\u00a0\u00bb des moyens dans cette zone, a fait savoir Downing Street dans un communiqu\u00e9.<\/p>\n<p>Autre sujet au menu: le renforcement de l&rsquo;aide \u00e0 l&rsquo;Ukraine \u00e0 un moment o\u00f9 les attaques russes de drones et de missiles balistiques s&rsquo;intensifient et font un nombre croissant de victimes civiles.<\/p>\n<p>Andy Burnham a effectu\u00e9 le 24 ao\u00fbt sa premi\u00e8re visite \u00e0 Kiev, pour une r\u00e9union de la Coalition des volontaires, le groupe de pays qui soutiennent l&rsquo;Ukraine, que le Royaume-Uni codirige avec la France.<\/p>\n<p><img alt=\"Le roi Charles III (D) et le pr\u00e9sident fran\u00e7ais Emmanuel Macron (G) devant la tapisserie de Bayeux au British Museum de Londres, le 2 septembre 2026\" loading=\"lazy\" decoding=\"async\" data-nimg=\"fill\" class=\" TwicCore_img__i9TC1 undefined  undefined\" style=\"position:absolute;height:100%;width:100%;left:0;top:0;right:0;bottom:0;color:transparent;background-size:cover;background-position:50% 50%;background-repeat:no-repeat;background-image:url(&quot;data:image\/svg+xml;charset=utf-8,%3Csvg xmlns='http:\/\/www.w3.org\/2000\/svg' %3E%3Cfilter id='b' color-interpolation-filters='sRGB'%3E%3CfeGaussianBlur stdDeviation='20'\/%3E%3CfeColorMatrix values='1 0 0 0 0 0 1 0 0 0 0 0 1 0 0 0 0 0 100 -1' result='s'\/%3E%3CfeFlood x='0' y='0' width='100%25' height='100%25'\/%3E%3CfeComposite operator='out' in='s'\/%3E%3CfeComposite in2='SourceGraphic'\/%3E%3CfeGaussianBlur stdDeviation='20'\/%3E%3C\/filter%3E%3Cimage width='100%25' height='100%25' x='0' y='0' preserveAspectRatio='none' style='filter: url(%23b);' href='data:image\/webp;base64,UklGRjYDAABXRUJQVlA4ICoDAABwOwCdASpYAjMBPkkkkEYipC2hIHHIYbAJCWlu4XY+BNqD18Y8NfsAGklspy5cuXLly5cuXLly5cuXLly5cuXLly5cuXLly5cuXLly5cuXLly5cuXLly5cuXLly5cuXLly5cuXLly5cuXLly5cuXLly5cOmSMpCYAqxrZTly5cuXLlb+kGzWSu8K3E1y5cuXLly5cuXLly586rC9hJ59veBEwBVjWynLly5cuXLug2VFzeerXpFBoE1DzVqRnK9boVWdU5uGOkJgCrGtlOXLl3LvfxUZpxwRcmsj79wb4EbKlE\/r22O42hBnpQFwx0hMAVY1spy4YzRxqGxu6c2HW2qsf0YBKFRSEwBVjWynLly5cuaOzYEbNk92seqt0qoLUhMAVY1spy5crUBhXE756j\/F5H4PuLhYztBdg85f1XvYrGtlOXLly5cuXLly8BqjFLIyVJAdajjWODMD9LlVAXDHSEwBVjWynLly9tbE8pMCyjcR7xcMdITAFWNbKcuXLly+D+fa3VF4N6KxrZTly5cuXLly5cuXLly5cuXLly5cuXLly5cuXLly5cuXLly5cuXLly5cuXLly5cuXLly5cuXLly5cuXLly5cuXLly5cuXLly5cuXLly5cuXLly5cuXLhAAAP7\/oF7\/uk\/U\/0X960XRsIAEB2AAAAAAN70kr1HHyAOX3hkoohV27A67FGK7ZDJxBrJxh4Ojbr\/WDeEfz\/7o3pHj59TQ8XGsQUhr3sN7hFK2Jryx8ktgST6T5ReQQ3\/8iFy18d24oI\/ehYDZRlXUy0Kupe8Eo1oGLy7EtnzszCA7wOSYi2TuBOTEajrI03t4X5RtPEfwApDODep6IxUiWEqwc10ClsN9PiXJYP\/ftxQ4kB\/fvVojv0hPD+UslrCvnBMHKjiIKuNWc2UVssi9Sc7OFkej4bXkVzuyn3wK6aai9cjlMoDj0aFvX1cABgc2Kb52QF9UStQKG7NBnYzqQyNQam2c8hYLfhjPkZw8Wtbagqpsowi5hfki1bc1bmdFsUiBCz012jpiep8diCSRABf4vizRKv35xIIAoAAAAAAAAAAAAAA='\/%3E%3C\/svg%3E&quot;)\"   src=\"https:\/\/www.europesays.com\/fr\/wp-content\/uploads\/2026\/09\/4cf75db7ea5433f5da384f2cc7059b74f94102d0.jpg\"\/>Le roi Charles III (D) et le pr\u00e9sident fran\u00e7ais Emmanuel Macron (G) devant la tapisserie de Bayeux au British Museum de Londres, le 2 septembre 2026 PHOTO AFP \/ Ludovic MARIN<\/p>\n<p>Lors de ce premier entretien, qui se tenait \u00e0 la veille d&rsquo;une rencontre entre Jordan Bardella du Rassemblement National et Nigel Farage du parti anti-immigration Reform UK, Emmanuel Macron et Andy Burnham ont aussi \u00e9voqu\u00e9 \u00ab\u00a0la mont\u00e9e des extr\u00eames\u00a0\u00bb dans leurs pays, soulignant leur \u00ab\u00a0int\u00e9r\u00eat commun\u00a0\u00bb \u00e0 montrer que des institutions d\u00e9mocratiques mod\u00e9r\u00e9es peuvent r\u00e9pondre aux probl\u00e8mes de leurs concitoyens, selon une source diplomatique. <\/p>\n<p>Pendant sa visite au British Museum mercredi soir, le pr\u00e9sident fran\u00e7ais, qui quittera l&rsquo;\u00c9lys\u00e9e en mai, a dit esp\u00e9rer que son pays et le Royaume-Uni puissent \u00ab\u00a0tisser un lien aussi \u00e9troit que les fils\u00a0\u00bb de la tapisserie.<\/p>\n<p>Le roi Charles III, accompagn\u00e9 de la reine Camilla, a quant \u00e0 lui salu\u00e9 un pr\u00eat qui constitue \u00ab\u00a0un pr\u00e9cieux symbole de confiance\u00a0\u00bb.<\/p>\n","protected":false},"excerpt":{"rendered":"Le pr\u00eat au British Museum pour un an de cette broderie mill\u00e9naire, d\u00e9crivant la conqu\u00eate de l&rsquo;Angleterre en&hellip;\n","protected":false},"author":2,"featured_media":1165782,"comment_status":"","ping_status":"","sticky":false,"template":"","format":"standard","meta":{"footnotes":"","_share_on_mastodon":"0"},"categories":[1588],"tags":[5734,11,150,76267,120321,2956,1777,674,329,12,471,7910,473,1853,52975,1851,1850,1852],"class_list":["post-1165781","post","type-post","status-publish","format-standard","has-post-thumbnail","category-royaume-uni","tag-5734","tag-actualites","tag-apres","tag-bayeux","tag-burnham-macron","tag-entretien","tag-eu","tag-europe","tag-france-monde","tag-news","tag-pour","tag-premier","tag-royaume-uni","tag-royaume-uni-de-grande-bretagne-et-dirlande-du-nord","tag-tapisserie","tag-uk","tag-united-kingdom","tag-united-kingdom-of-great-britain-and-northern-ireland"],"share_on_mastodon":{"url":"https:\/\/pubeurope.com\/@fr\/117209742113223130","error":""},"_links":{"self":[{"href":"https:\/\/www.europesays.com\/fr\/wp-json\/wp\/v2\/posts\/1165781","targetHints":{"allow":["GET"]}}],"collection":[{"href":"https:\/\/www.europesays.com\/fr\/wp-json\/wp\/v2\/posts"}],"about":[{"href":"https:\/\/www.europesays.com\/fr\/wp-json\/wp\/v2\/types\/post"}],"author":[{"embeddable":true,"href":"https:\/\/www.europesays.com\/fr\/wp-json\/wp\/v2\/users\/2"}],"replies":[{"embeddable":true,"href":"https:\/\/www.europesays.com\/fr\/wp-json\/wp\/v2\/comments?post=1165781"}],"version-history":[{"count":0,"href":"https:\/\/www.europesays.com\/fr\/wp-json\/wp\/v2\/posts\/1165781\/revisions"}],"wp:featuredmedia":[{"embeddable":true,"href":"https:\/\/www.europesays.com\/fr\/wp-json\/wp\/v2\/media\/1165782"}],"wp:attachment":[{"href":"https:\/\/www.europesays.com\/fr\/wp-json\/wp\/v2\/media?parent=1165781"}],"wp:term":[{"taxonomy":"category","embeddable":true,"href":"https:\/\/www.europesays.com\/fr\/wp-json\/wp\/v2\/categories?post=1165781"},{"taxonomy":"post_tag","embeddable":true,"href":"https:\/\/www.europesays.com\/fr\/wp-json\/wp\/v2\/tags?post=1165781"}],"curies":[{"name":"wp","href":"https:\/\/api.w.org\/{rel}","templated":true}]}}