{"id":1165791,"date":"2026-09-03T23:44:32","date_gmt":"2026-09-03T23:44:32","guid":{"rendered":"https:\/\/www.europesays.com\/fr\/1165791\/"},"modified":"2026-09-03T23:44:32","modified_gmt":"2026-09-03T23:44:32","slug":"adolescent-agresse-devant-le-groupama-stadium-la-piste-dun-fight-organise-entre-supporters","status":"publish","type":"post","link":"https:\/\/www.europesays.com\/fr\/1165791\/","title":{"rendered":"Adolescent agress\u00e9 devant le Groupama Stadium : la piste d\u2019un fight organis\u00e9 entre supporters"},"content":{"rendered":"<p itemprop=\"description\"><strong>INFO LYON FOOT. L\u2019enqu\u00eate sur l\u2019agression d\u2019un adolescent de 17 ans samedi soir pr\u00e8s du Groupama Stadium s\u2019oriente vers un contexte diff\u00e9rent de celui initialement pr\u00e9sent\u00e9. Le lyc\u00e9en aurait particip\u00e9 \u00e0 un rassemblement du groupe Atypik Lyonnais avant un possible fight organis\u00e9 avec des supporters rivaux.<\/strong><\/p>\n<p>La th\u00e8se d\u2019une agression totalement fortuite est remise en question par les premiers \u00e9l\u00e9ments de l\u2019enqu\u00eate.<\/p>\n<p>Le jeune homme de 17 ans, violemment frapp\u00e9 samedi soir avant OL-Le Havre et auquel 30 jours d\u2019ITT ont \u00e9t\u00e9 d\u00e9livr\u00e9s, avait racont\u00e9 au <a href=\"https:\/\/c.leprogres.fr\/faits-divers-justice\/2026\/09\/02\/ils-l-ont-massacre-machoire-fracassee-nez-casse-son-fils-a-ete-agresse-devant-le-groupama-stadium\" target=\"_blank\" rel=\"noopener nofollow\">Progr\u00e8s<\/a> avoir \u00e9t\u00e9 pris \u00e0 partie \u00e0 sa sortie du futsal d\u2019OL Vall\u00e9e, sans raison apparente, avant d\u2019\u00eatre rou\u00e9 de coups et vis\u00e9 par des insultes racistes.<\/p>\n<p>Selon nos informations, l\u2019exploitation des images de vid\u00e9osurveillance d\u2019OL Vall\u00e9e et du stade de D\u00e9cines-Charpieu aurait toutefois permis d\u2019\u00e9tablir qu\u2019il avait particip\u00e9, vers 20h, \u00e0 un rassemblement du groupe de supporters Atypik Lyonnais.<\/p>\n<p>Un affrontement entre groupes dans le viseur des enqu\u00eateurs<\/p>\n<p>Ce regroupement aurait eu pour objectif de pr\u00e9parer un fight avec un groupe rival. Les circonstances exactes de l\u2019agression restent n\u00e9anmoins \u00e0 \u00e9tablir.<\/p>\n<p>Une enqu\u00eate est toujours en cours afin d\u2019identifier les auteurs des violences et de d\u00e9terminer si des propos racistes ont bien \u00e9t\u00e9 tenus. Les investigations doivent \u00e9galement \u00e9tablir un \u00e9ventuel lien avec l\u2019agression d\u2019une \u00e9lue de Rillieux-la-Pape et de son compagnon plus tard dans la m\u00eame soir\u00e9e.<\/p>\n<p>Dans un communiqu\u00e9 publi\u00e9 ce jeudi, Atypik Lyonnais d\u00e9nonce pour sa part un \u00ab\u00a0guet-apens\u00a0\u00bb men\u00e9 par \u00ab\u00a070 personnes cagoul\u00e9es\u00a0\u00bb, sans faire mention d\u2019un fight organis\u00e9.<\/p>\n<blockquote class=\"twitter-tweet\"><p>&#13;<\/p>\n<p dir=\"ltr\" lang=\"fr\">Communiqu\u00e9 suite aux incidents d\u2019OL-Le Havre <a href=\"https:\/\/t.co\/QSgGKJPV48\" rel=\"nofollow\">pic.twitter.com\/QSgGKJPV48<\/a><\/p>\n<p>&#13;<br \/>\n\u2014 Atypik Lyonnais (@AtypikLyonnais) <a href=\"https:\/\/x.com\/AtypikLyonnais\/status\/2095522894608580775?ref_src=twsrc%5Etfw\" rel=\"nofollow\">September 3, 2026<\/a><\/p><\/blockquote>\n<p>\t\t  <script async src=\"https:\/\/platform.twitter.com\/widgets.js\" charset=\"utf-8\"><\/script><\/p>\n","protected":false},"excerpt":{"rendered":"INFO LYON FOOT. L\u2019enqu\u00eate sur l\u2019agression d\u2019un adolescent de 17 ans samedi soir pr\u00e8s du Groupama Stadium s\u2019oriente&hellip;\n","protected":false},"author":2,"featured_media":1165792,"comment_status":"","ping_status":"","sticky":false,"template":"","format":"standard","meta":{"footnotes":"","_share_on_mastodon":"0"},"categories":[2],"tags":[1111,11,2813,1109,1112,2257,1011,27,1922,1110,1114,2851,12,241,25,517],"class_list":["post-1165791","post","type-post","status-publish","format-standard","has-post-thumbnail","category-actualites","tag-actu","tag-actualites","tag-article","tag-breves","tag-depeches","tag-foot","tag-fr","tag-france","tag-info","tag-informations","tag-infos","tag-lyonfoot","tag-news","tag-ol","tag-republique-francaise","tag-sport"],"share_on_mastodon":{"url":"https:\/\/pubeurope.com\/@fr\/117209770544884000","error":""},"_links":{"self":[{"href":"https:\/\/www.europesays.com\/fr\/wp-json\/wp\/v2\/posts\/1165791","targetHints":{"allow":["GET"]}}],"collection":[{"href":"https:\/\/www.europesays.com\/fr\/wp-json\/wp\/v2\/posts"}],"about":[{"href":"https:\/\/www.europesays.com\/fr\/wp-json\/wp\/v2\/types\/post"}],"author":[{"embeddable":true,"href":"https:\/\/www.europesays.com\/fr\/wp-json\/wp\/v2\/users\/2"}],"replies":[{"embeddable":true,"href":"https:\/\/www.europesays.com\/fr\/wp-json\/wp\/v2\/comments?post=1165791"}],"version-history":[{"count":0,"href":"https:\/\/www.europesays.com\/fr\/wp-json\/wp\/v2\/posts\/1165791\/revisions"}],"wp:featuredmedia":[{"embeddable":true,"href":"https:\/\/www.europesays.com\/fr\/wp-json\/wp\/v2\/media\/1165792"}],"wp:attachment":[{"href":"https:\/\/www.europesays.com\/fr\/wp-json\/wp\/v2\/media?parent=1165791"}],"wp:term":[{"taxonomy":"category","embeddable":true,"href":"https:\/\/www.europesays.com\/fr\/wp-json\/wp\/v2\/categories?post=1165791"},{"taxonomy":"post_tag","embeddable":true,"href":"https:\/\/www.europesays.com\/fr\/wp-json\/wp\/v2\/tags?post=1165791"}],"curies":[{"name":"wp","href":"https:\/\/api.w.org\/{rel}","templated":true}]}}