{"id":1165795,"date":"2026-09-03T23:47:18","date_gmt":"2026-09-03T23:47:18","guid":{"rendered":"https:\/\/www.europesays.com\/fr\/1165795\/"},"modified":"2026-09-03T23:47:18","modified_gmt":"2026-09-03T23:47:18","slug":"mike-lorenzo-vera-invite-de-derniere-minute-a-crans-montana","status":"publish","type":"post","link":"https:\/\/www.europesays.com\/fr\/1165795\/","title":{"rendered":"Mike Lorenzo-Vera, invit\u00e9 de derni\u00e8re minute \u00e0 Crans-Montana"},"content":{"rendered":"<p>\t\t\t\t\t\t<img width=\"770\" height=\"556\" src=\"https:\/\/www.europesays.com\/fr\/wp-content\/uploads\/2026\/09\/afp__20250826__2232209032__v1__highres__omegaeuropeanmasters2025previews-770x556.jpg\" class=\"img-responsive wp-post-image\" alt=\"\" decoding=\"async\" fetchpriority=\"high\"  \/>\t\t\t\t\t<\/p>\n<p>\t\t\t\t\t\t Partager cet article <\/p>\n<p class=\"screen-reader-text juiz_sps_maybe_hidden_text\">Partager la publication \u00ab\u00a0Mike Lorenzo-Vera, invit\u00e9 de derni\u00e8re minute \u00e0 Crans-Montana\u00a0\u00bb<\/p>\n<p><strong>Un an apr\u00e8s avoir pris sa retraite lors de ce m\u00eame Omega European Masters, le Basque Mike Lorenzo-Vera a profit\u00e9 du retrait du N\u00e9o-Z\u00e9landais Daniel Hillier pour entrer dans le champ.<\/strong><\/p>\n<p><strong>N.C., \u00e0 Crans-Montana<\/strong><\/p>\n<p>Cela n\u2019\u00e9tait pas vraiment pr\u00e9vu, mais <strong>Mike Lorenzo-Vera<\/strong> va bien participer \u00e0 la 79e \u00e9dition de l\u2019<strong>Omega European Masters<\/strong>, \u00e0 Crans-Montana. En principe non concern\u00e9 par le tournoi, les organisateurs lui avaient octroy\u00e9 une invitation pour \u00eatre premi\u00e8re r\u00e9serve. Ce jeudi matin, le N\u00e9o-Z\u00e9landais <strong>Daniel Hillier<\/strong>, a d\u00fb renoncer \u00e0 prendre le d\u00e9part de l\u2019\u00e9preuve.<\/p>\n<p>Un an apr\u00e8s avoir pris sa retraite sur ce trac\u00e9 qui lui est si cher, le Biarrot va donc faire un retour \u00e0 la comp\u00e9tition. Il a les honneurs d\u2019une tr\u00e8s belle partie \u00e0 13h25 puisqu\u2019il est associ\u00e9 \u00e0 <strong>Patrick Reed<\/strong>, leader du classement g\u00e9n\u00e9ral, et au Sud-Africain <strong>Jayden Schaper<\/strong>, cinqui\u00e8me.<\/p>\n<blockquote data-service=\"instagram\" data-category=\"marketing\" data-placeholder-image=\"https:\/\/www.golfplanete.com\/wp-content\/plugins\/complianz-gdpr-premium\/assets\/images\/placeholders\/instagram-minimal.jpg\" class=\"cmplz-placeholder-element instagram-media\" style=\"background: #FFF; border: 0; border-radius: 3px; box-shadow: 0 0 1px 0 rgba(0,0,0,0.5),0 1px 10px 0 rgba(0,0,0,0.15); margin: 1px; max-width: 540px; min-width: 326px; padding: 0; width: calc(100% - 2px);\" data-instgrm-captioned=\"\" data-instgrm-permalink=\"https:\/\/www.instagram.com\/reel\/DN84qfCjC7S\/?utm_source=ig_embed&amp;utm_campaign=loading\" data-instgrm-version=\"14\"><p>&#13;<br \/>\n&#13;\n<\/p><\/blockquote>\n<p>Il n\u2019a plus foul\u00e9 les fairways d\u2019un tournoi officiel, \u00e0 l\u2019exception de la <strong>Coupe des Capitaines<\/strong>, depuis la derni\u00e8re \u00e9dition de ce m\u00eame tournoi. Il avait, non sans \u00e9motion, pris officiellement sa retraite apr\u00e8s des cartes de 72 (+2) et 75 (+5) lors des deux premiers tours.<\/p>\n<p>Le golfeur de 41 ans s\u2019appr\u00eate \u00e0 disputer le tournoi pour la douzi\u00e8me fois. Habitu\u00e9 \u00e0 franchir le cut, ce qu\u2019il a r\u00e9ussi \u00e0 faire \u00e0 huit reprises, il y a sign\u00e9 de belles performances, avec notamment une troisi\u00e8me place en 2018, puis une sixi\u00e8me l\u2019ann\u00e9e suivante.<\/p>\n<p>\u00a0<\/p>\n<p>\u00a0<\/p>\n<p>\u00a9STUART FRANKLIN \/ GETTY IMAGES EUROPE \/ Getty Images via AFP<\/p>\n<p>\t\t\t<script async src=\"\/\/www.instagram.com\/embed.js\"><\/script><\/p>\n","protected":false},"excerpt":{"rendered":"Partager cet article Partager la publication \u00ab\u00a0Mike Lorenzo-Vera, invit\u00e9 de derni\u00e8re minute \u00e0 Crans-Montana\u00a0\u00bb Un an apr\u00e8s avoir&hellip;\n","protected":false},"author":2,"featured_media":1165796,"comment_status":"","ping_status":"","sticky":false,"template":"","format":"standard","meta":{"footnotes":"","_share_on_mastodon":"0"},"categories":[1418],"tags":[1011,27,1472,60],"class_list":["post-1165795","post","type-post","status-publish","format-standard","has-post-thumbnail","category-golf","tag-fr","tag-france","tag-golf","tag-sports"],"share_on_mastodon":{"url":"https:\/\/pubeurope.com\/@fr\/117209783752732697","error":""},"_links":{"self":[{"href":"https:\/\/www.europesays.com\/fr\/wp-json\/wp\/v2\/posts\/1165795","targetHints":{"allow":["GET"]}}],"collection":[{"href":"https:\/\/www.europesays.com\/fr\/wp-json\/wp\/v2\/posts"}],"about":[{"href":"https:\/\/www.europesays.com\/fr\/wp-json\/wp\/v2\/types\/post"}],"author":[{"embeddable":true,"href":"https:\/\/www.europesays.com\/fr\/wp-json\/wp\/v2\/users\/2"}],"replies":[{"embeddable":true,"href":"https:\/\/www.europesays.com\/fr\/wp-json\/wp\/v2\/comments?post=1165795"}],"version-history":[{"count":0,"href":"https:\/\/www.europesays.com\/fr\/wp-json\/wp\/v2\/posts\/1165795\/revisions"}],"wp:featuredmedia":[{"embeddable":true,"href":"https:\/\/www.europesays.com\/fr\/wp-json\/wp\/v2\/media\/1165796"}],"wp:attachment":[{"href":"https:\/\/www.europesays.com\/fr\/wp-json\/wp\/v2\/media?parent=1165795"}],"wp:term":[{"taxonomy":"category","embeddable":true,"href":"https:\/\/www.europesays.com\/fr\/wp-json\/wp\/v2\/categories?post=1165795"},{"taxonomy":"post_tag","embeddable":true,"href":"https:\/\/www.europesays.com\/fr\/wp-json\/wp\/v2\/tags?post=1165795"}],"curies":[{"name":"wp","href":"https:\/\/api.w.org\/{rel}","templated":true}]}}