{"id":1165797,"date":"2026-09-03T23:49:13","date_gmt":"2026-09-03T23:49:13","guid":{"rendered":"https:\/\/www.europesays.com\/fr\/1165797\/"},"modified":"2026-09-03T23:49:13","modified_gmt":"2026-09-03T23:49:13","slug":"revivez-la-folle-victoire-de-provence-rugby-a-colomiers-en-ouverture-de-la-2e-journee-du-pro-d2","status":"publish","type":"post","link":"https:\/\/www.europesays.com\/fr\/1165797\/","title":{"rendered":"Revivez la folle victoire de Provence Rugby \u00e0 Colomiers en ouverture de la 2e journ\u00e9e du Pro D2"},"content":{"rendered":"<p>\n                En inf\u00e9riorit\u00e9 num\u00e9rique pendant une heure \u00e0 la suite de l&rsquo;expulsion de Ndiaye, Provence Rugby a fait tomber Colomiers dans son antre (13-18).\n            <\/p>\n<p>Il y a eu deux essais de chaque c\u00f4t\u00e9 : Carmona et Bazin ont marqu\u00e9 pour Colomiers, Lap\u00e8gue et Bituniyata ont \u00e9t\u00e9 les marqueurs proven\u00e7aux. La diff\u00e9rence a \u00e9t\u00e9 r\u00e9alis\u00e9e par les points au pied de Cazenave. Provence Rugby conforte sa place de leader avec 9 points. Malgr\u00e9 le bonus d\u00e9fensif, Colomiers, dernier demi-finaliste, prend du retard avec une deuxi\u00e8me d\u00e9faite de rang.\u00a0<\/p>\n<p>L&rsquo;arbitre de la rencontre sera M. Urruzmendi.\u00a0<\/p>\n","protected":false},"excerpt":{"rendered":"En inf\u00e9riorit\u00e9 num\u00e9rique pendant une heure \u00e0 la suite de l&rsquo;expulsion de Ndiaye, Provence Rugby a fait tomber&hellip;\n","protected":false},"author":2,"featured_media":1165798,"comment_status":"","ping_status":"","sticky":false,"template":"","format":"standard","meta":{"footnotes":"","_share_on_mastodon":"0"},"categories":[1416],"tags":[1011,27,2308,479,2115,1468,60],"class_list":["post-1165797","post","type-post","status-publish","format-standard","has-post-thumbnail","category-rugby","tag-fr","tag-france","tag-pro-d2","tag-rugby","tag-rugby-a-xv","tag-rugby-football","tag-sports"],"share_on_mastodon":{"url":"https:\/\/pubeurope.com\/@fr\/117209790396777707","error":""},"_links":{"self":[{"href":"https:\/\/www.europesays.com\/fr\/wp-json\/wp\/v2\/posts\/1165797","targetHints":{"allow":["GET"]}}],"collection":[{"href":"https:\/\/www.europesays.com\/fr\/wp-json\/wp\/v2\/posts"}],"about":[{"href":"https:\/\/www.europesays.com\/fr\/wp-json\/wp\/v2\/types\/post"}],"author":[{"embeddable":true,"href":"https:\/\/www.europesays.com\/fr\/wp-json\/wp\/v2\/users\/2"}],"replies":[{"embeddable":true,"href":"https:\/\/www.europesays.com\/fr\/wp-json\/wp\/v2\/comments?post=1165797"}],"version-history":[{"count":0,"href":"https:\/\/www.europesays.com\/fr\/wp-json\/wp\/v2\/posts\/1165797\/revisions"}],"wp:featuredmedia":[{"embeddable":true,"href":"https:\/\/www.europesays.com\/fr\/wp-json\/wp\/v2\/media\/1165798"}],"wp:attachment":[{"href":"https:\/\/www.europesays.com\/fr\/wp-json\/wp\/v2\/media?parent=1165797"}],"wp:term":[{"taxonomy":"category","embeddable":true,"href":"https:\/\/www.europesays.com\/fr\/wp-json\/wp\/v2\/categories?post=1165797"},{"taxonomy":"post_tag","embeddable":true,"href":"https:\/\/www.europesays.com\/fr\/wp-json\/wp\/v2\/tags?post=1165797"}],"curies":[{"name":"wp","href":"https:\/\/api.w.org\/{rel}","templated":true}]}}