{"id":1165801,"date":"2026-09-03T23:54:21","date_gmt":"2026-09-03T23:54:21","guid":{"rendered":"https:\/\/www.europesays.com\/fr\/1165801\/"},"modified":"2026-09-03T23:54:21","modified_gmt":"2026-09-03T23:54:21","slug":"nicolas-ambert-va-raccrocher-actualite","status":"publish","type":"post","link":"https:\/\/www.europesays.com\/fr\/1165801\/","title":{"rendered":"Nicolas Ambert va raccrocher &#8211; Actualit\u00e9"},"content":{"rendered":"<p style=\"text-align: justify;\">Nicolas Ambert ne sera plus dans les pelotons en 2027. Le soci\u00e9taire du VCU Schwenheim TPM annonce qu&rsquo;il n&rsquo;ira pas au-del\u00e0 de la saison actuelle.<\/p>\n<p style=\"text-align: justify;\">\u00ab\u00a0Apr\u00e8s 19 ann\u00e9es pass\u00e9es sur un v\u00e9lo, j&rsquo;ai d\u00e9cid\u00e9 qu&rsquo;il \u00e9tait temps de tourner la page du haut niveau et de la comp\u00e9tition. Depuis mes 5 ans, le v\u00e9lo a fait partie de ma vie. J&rsquo;ai grandi avec lui, appris, chut\u00e9, dout\u00e9, progress\u00e9 et v\u00e9cu des \u00e9motions que je n&rsquo;oublierai jamais\u00a0\u00bb, \u00e9crit-il sur ses r\u00e9seaux sociaux.<\/p>\n<p>\u00c0 23 ans, celui qui a couru sous les couleurs de l&rsquo;UV Aube, du CC Nogent-sur-Oise et donc du VCU Schwenheim TPM cette ann\u00e9e va donc se consacrer \u00e0 d&rsquo;autres projets. \u00ab\u00a0Petit, j&rsquo;avais un r\u00eave : devenir professionnel, courir les plus grandes courses et me mesurer aux meilleurs coureurs du monde. Ce r\u00eave ne se r\u00e9alisera pas comme je l&rsquo;avais imagin\u00e9. Pourtant, je suis fier du chemin parcouru\u00a0\u00bb.<\/p>\n<p><strong><a href=\"https:\/\/www.directvelo.com\/coureur\/30821\/nicolas-ambert\" target=\"_blank\" rel=\"noopener nofollow\">Nicolas Ambert<\/a><\/strong> a connu la victoire sur le Prix de Clermont en 2024. Il a \u00e9galement termin\u00e9 5e du Grand Prix de la Sologne des Etangs et 2e du Grand Prix de Saint-Ly\u00e9 en 2023, ou encore 2e du Championnat du Grand Est en cette ann\u00e9e 2026, avec plusieurs Top 10 en toutes cat\u00e9gories pour cette derni\u00e8re saison.<\/p>\n","protected":false},"excerpt":{"rendered":"Nicolas Ambert ne sera plus dans les pelotons en 2027. Le soci\u00e9taire du VCU Schwenheim TPM annonce qu&rsquo;il&hellip;\n","protected":false},"author":2,"featured_media":1165802,"comment_status":"","ping_status":"","sticky":false,"template":"","format":"standard","meta":{"footnotes":"","_share_on_mastodon":"0"},"categories":[1411],"tags":[834,828,836,829,837,827,83,826,824,823,1154,207,814,817,815,816,822,821,832,211,839,1011,27,820,818,819,835,831,830,833,838,60,212,208,825],"class_list":["post-1165801","post","type-post","status-publish","format-standard","has-post-thumbnail","category-cyclisme","tag-attaque","tag-belgique","tag-braquet","tag-bretagne","tag-chute","tag-competition","tag-coupe-de-france","tag-coureur","tag-course-cyclisme","tag-course-cycliste","tag-cycling","tag-cyclisme","tag-direct","tag-direct-velo","tag-directvelo","tag-directvelo-com","tag-epreuve","tag-epreuve-cycliste","tag-federation-francaise-de-cyclisme","tag-ffc","tag-flandres","tag-fr","tag-france","tag-live","tag-live-course","tag-live-epreuve","tag-peloton","tag-radio-peloton","tag-radio-tour","tag-ravitaillement","tag-relance","tag-sports","tag-uci","tag-velo","tag-velos"],"share_on_mastodon":{"url":"https:\/\/pubeurope.com\/@fr\/117209809901249752","error":""},"_links":{"self":[{"href":"https:\/\/www.europesays.com\/fr\/wp-json\/wp\/v2\/posts\/1165801","targetHints":{"allow":["GET"]}}],"collection":[{"href":"https:\/\/www.europesays.com\/fr\/wp-json\/wp\/v2\/posts"}],"about":[{"href":"https:\/\/www.europesays.com\/fr\/wp-json\/wp\/v2\/types\/post"}],"author":[{"embeddable":true,"href":"https:\/\/www.europesays.com\/fr\/wp-json\/wp\/v2\/users\/2"}],"replies":[{"embeddable":true,"href":"https:\/\/www.europesays.com\/fr\/wp-json\/wp\/v2\/comments?post=1165801"}],"version-history":[{"count":0,"href":"https:\/\/www.europesays.com\/fr\/wp-json\/wp\/v2\/posts\/1165801\/revisions"}],"wp:featuredmedia":[{"embeddable":true,"href":"https:\/\/www.europesays.com\/fr\/wp-json\/wp\/v2\/media\/1165802"}],"wp:attachment":[{"href":"https:\/\/www.europesays.com\/fr\/wp-json\/wp\/v2\/media?parent=1165801"}],"wp:term":[{"taxonomy":"category","embeddable":true,"href":"https:\/\/www.europesays.com\/fr\/wp-json\/wp\/v2\/categories?post=1165801"},{"taxonomy":"post_tag","embeddable":true,"href":"https:\/\/www.europesays.com\/fr\/wp-json\/wp\/v2\/tags?post=1165801"}],"curies":[{"name":"wp","href":"https:\/\/api.w.org\/{rel}","templated":true}]}}