{"id":1165809,"date":"2026-09-03T23:59:14","date_gmt":"2026-09-03T23:59:14","guid":{"rendered":"https:\/\/www.europesays.com\/fr\/1165809\/"},"modified":"2026-09-03T23:59:14","modified_gmt":"2026-09-03T23:59:14","slug":"nous-allons-avoir-besoin-de-nous-entendre-sur-lci-sarah-knafo-reconquete-tend-la-main-au-rn","status":"publish","type":"post","link":"https:\/\/www.europesays.com\/fr\/1165809\/","title":{"rendered":"\u00ab\u00a0Nous allons avoir besoin de nous entendre\u00a0\u00bb : sur LCI, Sarah Knafo (Reconqu\u00eate) tend la main au RN"},"content":{"rendered":"<ul class=\"jsx-25100651 ArticleChapo__List\">\n<li class=\"jsx-25100651 ArticleChapo__List_Item flex\">Invit\u00e9e de LCI ce jeudi 3 septembre, Sarah Knafo (Reconqu\u00eate) a ouvert la porte \u00e0 une alliance avec le Rassemblement national.<\/li>\n<li class=\"jsx-25100651 ArticleChapo__List_Item flex\">Travailler dans un gouvernement de Jordan Bardella ? \u00ab\u00a0Pourquoi pas\u00a0\u00bb, a-t-elle r\u00e9pondu&#8230; sous conditions.<\/li>\n<\/ul>\n<p id=\"body-_R_17v7tm_-block-6\" data-module=\"article-paragraph\" class=\"jsx-2921227388 Paragraph Paragraph__End\">En cas d&rsquo;accession \u00e0 l&rsquo;\u00c9lys\u00e9e, <a href=\"https:\/\/www.tf1info.fr\/actualite\/marine-le-pen-10022\/\" rel=\"nofollow noopener\" target=\"_blank\">Marine Le Pen<\/a> a-t-elle d\u00e9j\u00e0 trouv\u00e9 l&rsquo;une de ses ministres ? Invit\u00e9e de LCI ce jeudi 3 septembre, l\u2019eurod\u00e9put\u00e9e Reconqu\u00eate <a href=\"https:\/\/www.tf1info.fr\/actualite\/sarah-knafo-14479\/\" rel=\"nofollow noopener\" target=\"_blank\">Sarah Knafo<\/a> n&rsquo;a pas compl\u00e8tement ferm\u00e9 la porte \u00e0 l&rsquo;id\u00e9e de travailler avec le RN, malgr\u00e9 des d\u00e9saccords de longue date, notamment sur les sujets \u00e9conomiques. En vue de la pr\u00e9sidentielle 2027, \u00ab\u00a0nous allons avoir besoin de tous nous entendre\u00a0\u00bb, assure-t-elle (voir vid\u00e9o en t\u00eate de cet article).<\/p>\n<blockquote class=\"jsx-1755845245 Quote__Text\"><p>La derni\u00e8re fois que nous avons propos\u00e9 une alliance au RN&#8230;<\/p><\/blockquote>\n<p>Sarah Knafo sur LCI<\/p>\n<p id=\"body-_R_17v7tm_-block-9\" data-module=\"article-paragraph\" class=\"jsx-2921227388 Paragraph\">Pourrait-elle \u00eatre ministre d\u2019un gouvernement de <a href=\"https:\/\/www.tf1info.fr\/actualite\/jordan-bardella-12821\/\" rel=\"nofollow noopener\" target=\"_blank\">Jordan Bardella<\/a> ? \u00ab\u00a0Pourquoi pas\u00a0\u00bb, r\u00e9pond celle qui va soutenir <a href=\"https:\/\/www.tf1info.fr\/actualite\/eric-zemmour-11186\/\" rel=\"nofollow noopener\" target=\"_blank\">\u00c9ric Zemmour<\/a> en cas de candidature, avant de pr\u00e9ciser : \u00ab\u00a0Si c&rsquo;est sur un programme que je valide, avec lequel nos convictions sont align\u00e9es, oui.\u00a0\u00bb \u00ab\u00a0Il va falloir s&rsquo;entendre pour la France\u00a0\u00bb, ajoute Sarah Knafo. \u00ab\u00a0Je suis favorable \u00e0 l&rsquo;union des droites.\u00a0\u00bb<\/p>\n<p data-module=\"article-paragraph\" class=\"jsx-2921227388 Paragraph Paragraph__End\">Toutefois, <a href=\"https:\/\/www.tf1info.fr\/elections\/municipales-a-paris-second-tour-sarah-knafo-tend-la-main-a-rachida-dati-et-veut-un-accord-de-femme-a-femme-2430412.html\" rel=\"nofollow noopener\" target=\"_blank\">l&rsquo;ex-candidate \u00e0 la mairie de Paris<\/a> ne se montre pas tr\u00e8s optimiste. \u00ab\u00a0La derni\u00e8re fois que nous avons propos\u00e9 une alliance au Rassemblement national, c&rsquo;\u00e9tait en 2024\u00a0\u00bb, rappelle-t-elle, en r\u00e9f\u00e9rence <a href=\"https:\/\/www.tf1info.fr\/actualite\/il-y-a-un-an-emmanuel-macron-dissolvait-l-assemblee-et-plongeait-le-pays-dans-l-inconnu-14295\/\" rel=\"nofollow noopener\" target=\"_blank\">aux l\u00e9gislatives anticip\u00e9es<\/a>. \u00ab\u00a0Le RN \u00e9tait cens\u00e9 l&#8217;emporter. Dans les sondages, ils \u00e9taient \u00e0 quelques points d&rsquo;obtenir une majorit\u00e9. Nous leur avions tendu la main, ils l&rsquo;avaient refus\u00e9e. Ils n&rsquo;ont pas gagn\u00e9.\u00a0\u00bb<\/p>\n<p><a href=\"https:\/\/www.tf1info.fr\/politique\/dette-deficit-public-fiscalite-le-rapporteur-du-budget-demande-aux-candidats-a-la-presidentielle-de-detailler-leurs-mesures-2461791.html\" rel=\"nofollow noopener\" class=\"jsx-958316424 Link flex\" target=\"_blank\"><img decoding=\"async\" src=\"https:\/\/www.europesays.com\/fr\/wp-content\/uploads\/2026\/09\/le-maire-de-la-garenne-colombes-philippe-juvin-bd08ef-0@1x.jpeg\" alt=\"Le maire de La Garenne-Colombes, Philippe Juvin.\" loading=\"lazy\" importance=\"low\" fetchpriority=\"low\" class=\"\" copyright=\"VALENTIN FLAURAUD \/ CHAM \/ AFP-Services\" aria-hidden=\"true\"\/><\/p>\n<p class=\"jsx-4054529586 ReadMoreArticle__Title\">Lire aussi<\/p>\n<p class=\"jsx-4054529586\">Dette, d\u00e9ficit public, fiscalit\u00e9&#8230; Le rapporteur du budget demande aux candidats \u00e0 la pr\u00e9sidentielle de d\u00e9tailler leurs mesures<\/p>\n<p><\/a><\/p>\n<p id=\"body-_R_17v7tm_-block-13\" data-module=\"article-paragraph\" class=\"jsx-2921227388 Paragraph Paragraph__End\">Trois ans plus tard, une nouvelle alliance pourrait-elle voir le jour ? \u00ab\u00a0Nous allons porter nos diff\u00e9rences\u00a0\u00bb, affirme Sarah Knafo, qui donne rendez-vous au soir du premier tour de l&rsquo;\u00e9lection pr\u00e9sidentielle. \u00ab\u00a0Au second tour, j&rsquo;esp\u00e8re que nous aurons tous l&rsquo;intelligence de nous retrouver.\u00a0\u00bb<\/p>\n","protected":false},"excerpt":{"rendered":"Invit\u00e9e de LCI ce jeudi 3 septembre, Sarah Knafo (Reconqu\u00eate) a ouvert la porte \u00e0 une alliance avec&hellip;\n","protected":false},"author":2,"featured_media":1165810,"comment_status":"","ping_status":"","sticky":false,"template":"","format":"standard","meta":{"footnotes":"","_share_on_mastodon":"0"},"categories":[1356],"tags":[1111,11,1921,58,3079,117716,5949,59,3220,1011,27,1922,1077,430,1078,15232,252,1364,133,4530],"class_list":["post-1165809","post","type-post","status-publish","format-standard","has-post-thumbnail","category-television","tag-actu","tag-actualites","tag-article-video","tag-divertissement","tag-election-presidentielle-2027","tag-election-presidentielle-2027-la-course-aux-candidatures-est-lancee","tag-elections","tag-entertainment","tag-eric-zemmour","tag-fr","tag-france","tag-info","tag-jordan-bardella","tag-marine-le-pen","tag-rassemblement-national","tag-sarah-knafo","tag-television","tag-tv","tag-video","tag-video-politique"],"share_on_mastodon":{"url":"https:\/\/pubeurope.com\/@fr\/117209831650195300","error":""},"_links":{"self":[{"href":"https:\/\/www.europesays.com\/fr\/wp-json\/wp\/v2\/posts\/1165809","targetHints":{"allow":["GET"]}}],"collection":[{"href":"https:\/\/www.europesays.com\/fr\/wp-json\/wp\/v2\/posts"}],"about":[{"href":"https:\/\/www.europesays.com\/fr\/wp-json\/wp\/v2\/types\/post"}],"author":[{"embeddable":true,"href":"https:\/\/www.europesays.com\/fr\/wp-json\/wp\/v2\/users\/2"}],"replies":[{"embeddable":true,"href":"https:\/\/www.europesays.com\/fr\/wp-json\/wp\/v2\/comments?post=1165809"}],"version-history":[{"count":0,"href":"https:\/\/www.europesays.com\/fr\/wp-json\/wp\/v2\/posts\/1165809\/revisions"}],"wp:featuredmedia":[{"embeddable":true,"href":"https:\/\/www.europesays.com\/fr\/wp-json\/wp\/v2\/media\/1165810"}],"wp:attachment":[{"href":"https:\/\/www.europesays.com\/fr\/wp-json\/wp\/v2\/media?parent=1165809"}],"wp:term":[{"taxonomy":"category","embeddable":true,"href":"https:\/\/www.europesays.com\/fr\/wp-json\/wp\/v2\/categories?post=1165809"},{"taxonomy":"post_tag","embeddable":true,"href":"https:\/\/www.europesays.com\/fr\/wp-json\/wp\/v2\/tags?post=1165809"}],"curies":[{"name":"wp","href":"https:\/\/api.w.org\/{rel}","templated":true}]}}