{"id":1165825,"date":"2026-09-04T00:09:25","date_gmt":"2026-09-04T00:09:25","guid":{"rendered":"https:\/\/www.europesays.com\/fr\/1165825\/"},"modified":"2026-09-04T00:09:25","modified_gmt":"2026-09-04T00:09:25","slug":"poussees-par-donald-trump-ces-entreprises-americaines-annulent-leur-venue-pour-un-sommet-a-paris-2","status":"publish","type":"post","link":"https:\/\/www.europesays.com\/fr\/1165825\/","title":{"rendered":"Pouss\u00e9es par Donald Trump, ces entreprises am\u00e9ricaines annulent leur venue pour un sommet \u00e0 Paris"},"content":{"rendered":"<p>        <img decoding=\"async\" loading=\"lazy\" src=\"https:\/\/www.europesays.com\/fr\/wp-content\/uploads\/2026\/09\/80574b1_upload-1-vmbl62zbsz4b-afp-20260902-c77v6t9-v1-highres-uspoliticstrump.jpg\"  width=\"728\" height=\"410\" alt=\"Donald Trump, ici prenant la parole lors d\u2019un d\u00eener dans la roseraie de la Maison Blanche, \u00e0 Washington, le 2\u00a0septembre 2026.\"\/>  <\/p>\n<p>BRENDAN SMIALOWSKI \/ AFP<\/p>\n<p>Donald Trump, ici prenant la parole lors d\u2019un d\u00eener dans la roseraie de la Maison Blanche, \u00e0 Washington, le 2\u00a0septembre 2026.<\/p>\n<p class=\"asset asset-text\">Une question d\u2019image \u00e0 pr\u00e9server. Quatre soci\u00e9t\u00e9s am\u00e9ricaines, dont les g\u00e9ants Blue Origin et Space X, ont annul\u00e9 leur participation au Sommet spatial international organis\u00e9 \u00e0 Paris les 9\u00a0et 10\u00a0septembre, a appris l\u2019AFP ce jeudi 3\u00a0septembre aupr\u00e8s du minist\u00e8re fran\u00e7ais de l\u2019Enseignement sup\u00e9rieur, de la Recherche et de l\u2019Espace.<\/p>\n<p class=\"asset asset-text\">\u00ab\u00a0Il est difficile de ne pas faire de lien avec les rumeurs de pression dont la presse se fait l\u2019\u00e9cho. Nous voulons \u00e9videmment continuer \u00e0 travailler avec nos partenaires et alli\u00e9s am\u00e9ricains, m\u00eame\u00a0si les revirements strat\u00e9giques et les pressions politiques rendent parfois la t\u00e2che inutilement complexe\u00a0\u00bb, a estim\u00e9 le minist\u00e8re dans un message transmis \u00e0 l\u2019AFP.<\/p>\n<p class=\"asset asset-text\">Outre Blue Origin de Jeff Bezos et Space X d\u2019Elon Musk &#8211; deux acteurs mondiaux majeurs du secteur spatial priv\u00e9 -, les autres soci\u00e9t\u00e9s am\u00e9ricaines ayant annul\u00e9 leur venue sont les start-up Stoke Space et Starcloud, a pr\u00e9cis\u00e9 le minist\u00e8re.<\/p>\n<p class=\"asset asset-text\"><a href=\"https:\/\/www.politico.eu\/article\/spacex-blue-origin-ditch-emmanuel-macron-france-space-summit-amid-white-house-pressure\/\" target=\"_blank\" rel=\"noopener nofollow\" title=\"Nouvelle fen\u00eatre\">Selon le m\u00e9dia am\u00e9ricain Politico<\/a>, la Maison Blanche a pouss\u00e9 des entreprises spatiales am\u00e9ricaines \u00e0 ne pas participer \u00e0 ce sommet voulu par le pr\u00e9sident fran\u00e7ais Emmanuel Macron.<\/p>\n<p>                     Trois sources anonymes    <\/p>\n<p class=\"asset asset-text\">\u00ab\u00a0L\u2019administration Trump continue de collaborer avec ses alli\u00e9s et partenaires dans le domaine spatial. Nous nous r\u00e9jouissons de conversations productives lors du Sommet spatial sur des priorit\u00e9s essentielles, notamment les missions scientifiques, les programmes d\u2019exploration et la s\u00e9curit\u00e9 spatiale\u00a0\u00bb, a r\u00e9agi un responsable du Bureau de la politique scientifique et technologique de la Maison Blanche, sollicit\u00e9 par l\u2019AFP.<\/p>\n<p class=\"asset asset-text\">Politico a rapport\u00e9 un appel t\u00e9l\u00e9phonique entre un service de la Maison Blanche et plusieurs entreprises spatiales, dont SpaceX, au cours duquel \u00ab\u00a0il semblait que l\u2019administration (am\u00e9ricaine) d\u00e9courageait la participation \u00e0 l\u2019\u00e9v\u00e9nement\u00a0\u00bb \u00e0 Paris, avan\u00e7ant qu\u2019elle \u00ab\u00a0pourrait \u00eatre per\u00e7ue comme un soutien tacite aux positions politiques de l\u2019Union europ\u00e9enne\u00a0\u00bb.<\/p>\n<p class=\"asset asset-text\">Le site am\u00e9ricain a dit s\u2019appuyer sur trois sources, dont il pr\u00e9serve l\u2019anonymat, deux li\u00e9es aux entreprises spatiales et une \u00e9voluant dans la sph\u00e8re politique.<\/p>\n<p class=\"asset asset-text\">Selon ces sources, un responsable de la Maison Blanche a affirm\u00e9 pendant l\u2019\u00e9change t\u00e9l\u00e9phonique que \u00ab\u00a0la France ne s\u2019\u00e9tait pas coordonn\u00e9e avec les \u00c9tats-Unis, a accus\u00e9 le pays de \u201cpratiques anticoncurrentielles\u201d et sugg\u00e9r\u00e9 que les ateliers n\u2019avaient pas \u00e9t\u00e9 pens\u00e9s pour inclure la perspective am\u00e9ricaine\u00a0\u00bb, a \u00e9crit Politico.<\/p>\n","protected":false},"excerpt":{"rendered":"BRENDAN SMIALOWSKI \/ AFP Donald Trump, ici prenant la parole lors d\u2019un d\u00eener dans la roseraie de la&hellip;\n","protected":false},"author":2,"featured_media":1165826,"comment_status":"","ping_status":"","sticky":false,"template":"","format":"standard","meta":{"footnotes":"","_share_on_mastodon":"0"},"categories":[4],"tags":[11,9002,75,73,1011,27,14,12,25,45],"class_list":["post-1165825","post","type-post","status-publish","format-standard","has-post-thumbnail","category-france","tag-actualites","tag-blue-origin","tag-donald-trump","tag-etats-unis","tag-fr","tag-france","tag-international","tag-news","tag-republique-francaise","tag-spacex"],"share_on_mastodon":{"url":"https:\/\/pubeurope.com\/@fr\/117209870505731193","error":""},"_links":{"self":[{"href":"https:\/\/www.europesays.com\/fr\/wp-json\/wp\/v2\/posts\/1165825","targetHints":{"allow":["GET"]}}],"collection":[{"href":"https:\/\/www.europesays.com\/fr\/wp-json\/wp\/v2\/posts"}],"about":[{"href":"https:\/\/www.europesays.com\/fr\/wp-json\/wp\/v2\/types\/post"}],"author":[{"embeddable":true,"href":"https:\/\/www.europesays.com\/fr\/wp-json\/wp\/v2\/users\/2"}],"replies":[{"embeddable":true,"href":"https:\/\/www.europesays.com\/fr\/wp-json\/wp\/v2\/comments?post=1165825"}],"version-history":[{"count":0,"href":"https:\/\/www.europesays.com\/fr\/wp-json\/wp\/v2\/posts\/1165825\/revisions"}],"wp:featuredmedia":[{"embeddable":true,"href":"https:\/\/www.europesays.com\/fr\/wp-json\/wp\/v2\/media\/1165826"}],"wp:attachment":[{"href":"https:\/\/www.europesays.com\/fr\/wp-json\/wp\/v2\/media?parent=1165825"}],"wp:term":[{"taxonomy":"category","embeddable":true,"href":"https:\/\/www.europesays.com\/fr\/wp-json\/wp\/v2\/categories?post=1165825"},{"taxonomy":"post_tag","embeddable":true,"href":"https:\/\/www.europesays.com\/fr\/wp-json\/wp\/v2\/tags?post=1165825"}],"curies":[{"name":"wp","href":"https:\/\/api.w.org\/{rel}","templated":true}]}}