{"id":1165838,"date":"2026-09-04T00:19:15","date_gmt":"2026-09-04T00:19:15","guid":{"rendered":"https:\/\/www.europesays.com\/fr\/1165838\/"},"modified":"2026-09-04T00:19:15","modified_gmt":"2026-09-04T00:19:15","slug":"a-montpellier-1-cabas-pour-1-etudiant-lutte-contre-la-precarite-et-lisolement-des-jeunes","status":"publish","type":"post","link":"https:\/\/www.europesays.com\/fr\/1165838\/","title":{"rendered":"\u00c0 Montpellier, \u00ab 1 Cabas pour 1 \u00c9tudiant \u00bb lutte contre la pr\u00e9carit\u00e9 et l\u2019isolement des jeunes"},"content":{"rendered":"<p>                    Par<br \/>\n        <strong><br \/>\n            <a href=\"https:\/\/actu.fr\/auteur\/o-laloum\" title=\"Consulter tous les articles de Oc\u00e9ane LALOUM\" rel=\"nofollow noopener\" target=\"_blank\">Oc\u00e9ane LALOUM<\/a><br \/>\n                    <\/strong><\/p>\n<p>        Publi\u00e9 le<\/p>\n<p>            3 sept. 2026 \u00e0 18h02        <\/p>\n<p>La pr\u00e9carit\u00e9 \u00e9tudiante ne se r\u00e9sume pas \u00e0 une difficult\u00e9 \u00e0 remplir son r\u00e9frig\u00e9rateur. \u00c0 Montpellier, l\u2019association <a href=\"https:\/\/antigonedesassociations.montpellier.fr\/1cabaspour1etudiant-delegation-de-montpellier\" rel=\"nofollow noopener\" target=\"_blank\">1 Cabas pour 1 \u00c9tudiant<\/a> part d\u2019un constat simple\u2009: un \u00e9tudiant sur cinq serait en grande pr\u00e9carit\u00e9, avec parfois moins de 100 euros, pour le mois, une fois les d\u00e9penses essentielles pay\u00e9es. Depuis 2021, la premi\u00e8re plateforme en France de parrainage solidaire de proximit\u00e9 met en relation des \u00e9tudiants avec des parrains et marraines b\u00e9n\u00e9voles.<\/p>\n<p class=\" wall-content\">L\u2019objectif premier est de permettre aux jeunes de faire r\u00e9guli\u00e8rement des courses, mais l\u2019aide va rapidement bien au-del\u00e0 du panier alimentaire\u2009: \u00ab\u2009Le plus important, c\u2019est qu\u2019ils sont dans un isolement qui est absolument terrible\u2009\u00bb, t\u00e9moigne Fran\u00e7oise Gravouil, marraine depuis f\u00e9vrier avec son compagnon Jacques Guillo d\u2019une \u00e9tudiante b\u00e9ninoise de 22\u00a0ans. Courses, accompagnement dans certaines d\u00e9marches, conseils ou simples \u00e9changes par t\u00e9l\u00e9phone\u2009: chaque parrainage s\u2019adapte aux besoins de l\u2019\u00e9tudiant.<\/p>\n<p>Une relation qui se construit<\/p>\n<p class=\" wall-content\">La force du dispositif repose justement sur cette relation personnalis\u00e9e. Chaque bin\u00f4me avance \u00e0 son rythme, sans programme impos\u00e9. Certains \u00e9tudiants recherchent avant tout une aide mat\u00e9rielle, quand d\u2019autres ont surtout besoin de sortir, de d\u00e9couvrir Montpellier ou simplement de rompre leur solitude. Jean-Louis Pham, parrain depuis trois ans d\u2019un \u00e9tudiant guin\u00e9en en droit, raconte ainsi avoir partag\u00e9 avec lui des randonn\u00e9es, des sorties culturelles et des d\u00e9couvertes de la r\u00e9gion.<\/p>\n<p class=\" wall-content\">Fran\u00e7oise Gravouil, elle, invite r\u00e9guli\u00e8rement son filleul \u00e0 manger et lui apprend \u00e0 cuisiner des plats simples et peu co\u00fbteux. Avec le temps, la confiance s\u2019installe et les liens peuvent devenir presque familiaux\u2009: \u00ab\u2009L\u2019\u00e9change marche vraiment dans les deux sens, humainement c\u2019est assez fort\u2009\u00bb, r\u00e9sume un b\u00e9n\u00e9vole. Pour accompagner les parrains et marraines, l\u2019association propose notamment une formation d\u2019une heure, des espaces d\u2019\u00e9change entre b\u00e9n\u00e9voles et un suivi des parrainages.<\/p>\n<p>Un engagement adapt\u00e9 \u00e0 chacun<\/p>\n<p class=\" wall-content\">L\u2019association insiste sur un principe, le b\u00e9n\u00e9volat doit rester compatible avec la vie de chacun. Le parrainage se fait g\u00e9n\u00e9ralement sur une ann\u00e9e scolaire, avec un engagement moral, mais sans contrainte de fr\u00e9quence ou de montant. Les b\u00e9n\u00e9voles peuvent accompagner leur \u00e9tudiant une fois par semaine, tous les quinze jours ou selon leurs disponibilit\u00e9s.<\/p>\n<p>Vid\u00e9os : en ce moment sur Actu<\/p>\n<p class=\" wall-content\">Des partenariats locaux, notamment avec une \u00e9picerie solidaire, permettent aussi de r\u00e9duire le co\u00fbt des courses et de soutenir les \u00e9tudiants sans demander aux parrains de financer eux-m\u00eames tous les besoins n\u00e9cessaires. Pour Philippe Vernay, d\u00e9l\u00e9gu\u00e9 b\u00e9n\u00e9vole de l\u2019association, l\u2019enjeu est d\u00e9sormais de recruter de nouveaux parrains et marraines dont une quarantaine d\u2019\u00e9tudiants pourraient rejoindre le dispositif \u00e0 la rentr\u00e9e.\u00a0Une formule simple qui entend lutter \u00e0 la fois contre la pr\u00e9carit\u00e9 alimentaire et contre l\u2019isolement social.<\/p>\n<p class=\" wall-content\">Personnalisez votre actualit\u00e9 en ajoutant vos villes et m\u00e9dias en favori avec <a href=\"https:\/\/moncompte.actu.fr\" title=\"D\u00e9couvez Mon Actu\" rel=\"nofollow noopener\" data-trk=\"{&quot;cta&quot;:{&quot;action&quot;:&quot;https:\\\/\\\/moncompte.actu.fr&quot;,&quot;category&quot;:&quot;mon compte&quot;,&quot;from&quot;:&quot;article footer&quot;,&quot;name&quot;:&quot;Mon actu&quot;,&quot;type&quot;:&quot;cta&quot;}}\" target=\"_blank\">Mon Actu<\/a>.<\/p>\n","protected":false},"excerpt":{"rendered":"Par Oc\u00e9ane LALOUM Publi\u00e9 le 3 sept. 2026 \u00e0 18h02 La pr\u00e9carit\u00e9 \u00e9tudiante ne se r\u00e9sume pas \u00e0&hellip;\n","protected":false},"author":2,"featured_media":1165839,"comment_status":"","ping_status":"","sticky":false,"template":"","format":"standard","meta":{"footnotes":"","_share_on_mastodon":"0"},"categories":[9599],"tags":[1111,11,1777,674,1011,27,2208,12,2680,11090,25,104],"class_list":["post-1165838","post","type-post","status-publish","format-standard","has-post-thumbnail","category-montpellier","tag-actu","tag-actualites","tag-eu","tag-europe","tag-fr","tag-france","tag-montpellier","tag-news","tag-occitanie","tag-precarite-etudiante","tag-republique-francaise","tag-societe"],"share_on_mastodon":{"url":"https:\/\/pubeurope.com\/@fr\/117209908356609178","error":""},"_links":{"self":[{"href":"https:\/\/www.europesays.com\/fr\/wp-json\/wp\/v2\/posts\/1165838","targetHints":{"allow":["GET"]}}],"collection":[{"href":"https:\/\/www.europesays.com\/fr\/wp-json\/wp\/v2\/posts"}],"about":[{"href":"https:\/\/www.europesays.com\/fr\/wp-json\/wp\/v2\/types\/post"}],"author":[{"embeddable":true,"href":"https:\/\/www.europesays.com\/fr\/wp-json\/wp\/v2\/users\/2"}],"replies":[{"embeddable":true,"href":"https:\/\/www.europesays.com\/fr\/wp-json\/wp\/v2\/comments?post=1165838"}],"version-history":[{"count":0,"href":"https:\/\/www.europesays.com\/fr\/wp-json\/wp\/v2\/posts\/1165838\/revisions"}],"wp:featuredmedia":[{"embeddable":true,"href":"https:\/\/www.europesays.com\/fr\/wp-json\/wp\/v2\/media\/1165839"}],"wp:attachment":[{"href":"https:\/\/www.europesays.com\/fr\/wp-json\/wp\/v2\/media?parent=1165838"}],"wp:term":[{"taxonomy":"category","embeddable":true,"href":"https:\/\/www.europesays.com\/fr\/wp-json\/wp\/v2\/categories?post=1165838"},{"taxonomy":"post_tag","embeddable":true,"href":"https:\/\/www.europesays.com\/fr\/wp-json\/wp\/v2\/tags?post=1165838"}],"curies":[{"name":"wp","href":"https:\/\/api.w.org\/{rel}","templated":true}]}}