{"id":1165851,"date":"2026-09-04T00:28:18","date_gmt":"2026-09-04T00:28:18","guid":{"rendered":"https:\/\/www.europesays.com\/fr\/1165851\/"},"modified":"2026-09-04T00:28:18","modified_gmt":"2026-09-04T00:28:18","slug":"meteo-rennes-previsions-du-vendredi-4-septembre-2026","status":"publish","type":"post","link":"https:\/\/www.europesays.com\/fr\/1165851\/","title":{"rendered":"M\u00e9t\u00e9o Rennes : pr\u00e9visions du vendredi 4 septembre 2026"},"content":{"rendered":"<p>\u00c0 Rennes les temp\u00e9ratures s&rsquo;\u00e9chelonneront de 16 \u00e0 29\u00b0C sur l&rsquo;ensemble de la journ\u00e9e. La matin\u00e9e se d\u00e9roulera dans le brouillard. Le thermom\u00e8tre affichera 20\u00b0C en moyenne. Un vent de sud-ouest soufflera l\u00e9g\u00e8rement, avec 13 km\/h. Le ciel sera nuageux dans l&rsquo;apr\u00e8s-midi. D&rsquo;un autre c\u00f4t\u00e9, les temp\u00e9ratures vont enregistrer une augmentation de plusieurs degr\u00e9s. Les valeurs afficheront entre 26 et 29\u00b0C. La ville sera touch\u00e9e par un vent d&rsquo;ouest de 20 km\/h. La ville aura quelques \u00e9claircies le soir. \u00c0 la nuit tomb\u00e9e, le ciel sera brumeux.<\/p>\n<p>Demain, une diminution des temp\u00e9ratures est \u00e0 pr\u00e9voir \u00e0 Rennes. On anticipe des temp\u00e9ratures avoisinant 20\u00b0C. Un vent de nord-est rafra\u00eechira l\u00e9g\u00e8rement l&rsquo;atmosph\u00e8re. La grisaille ne se disperse toujours pas, il y aura encore des nuages le matin. Demain apr\u00e8s-midi, les Rennais vont pouvoir b\u00e9n\u00e9ficier d&rsquo;un soleil radieux. Les temp\u00e9ratures vont conna\u00eetre une hausse de plusieurs degr\u00e9s. Les valeurs seront de 23\u00b0C au plus bas et de 26\u00b0C au plus haut. Il fera en moyenne 21\u00b0C, demain soir.<\/p>\n<p>Le temps des jours suivants va se d\u00e9grader. Des temp\u00e9ratures dans les 29\u00b0C iront de pair avec un ciel nuageux.<\/p>\n<p><\/p>\n","protected":false},"excerpt":{"rendered":"\u00c0 Rennes les temp\u00e9ratures s&rsquo;\u00e9chelonneront de 16 \u00e0 29\u00b0C sur l&rsquo;ensemble de la journ\u00e9e. La matin\u00e9e se d\u00e9roulera&hellip;\n","protected":false},"author":2,"featured_media":1165852,"comment_status":"","ping_status":"","sticky":false,"template":"","format":"standard","meta":{"footnotes":"","_share_on_mastodon":"0"},"categories":[2821],"tags":[1111,11,829,1777,674,1011,27,12,2119,584,25],"class_list":["post-1165851","post","type-post","status-publish","format-standard","has-post-thumbnail","category-rennes","tag-actu","tag-actualites","tag-bretagne","tag-eu","tag-europe","tag-fr","tag-france","tag-news","tag-previsions-meteo","tag-rennes","tag-republique-francaise"],"share_on_mastodon":{"url":"","error":""},"_links":{"self":[{"href":"https:\/\/www.europesays.com\/fr\/wp-json\/wp\/v2\/posts\/1165851","targetHints":{"allow":["GET"]}}],"collection":[{"href":"https:\/\/www.europesays.com\/fr\/wp-json\/wp\/v2\/posts"}],"about":[{"href":"https:\/\/www.europesays.com\/fr\/wp-json\/wp\/v2\/types\/post"}],"author":[{"embeddable":true,"href":"https:\/\/www.europesays.com\/fr\/wp-json\/wp\/v2\/users\/2"}],"replies":[{"embeddable":true,"href":"https:\/\/www.europesays.com\/fr\/wp-json\/wp\/v2\/comments?post=1165851"}],"version-history":[{"count":0,"href":"https:\/\/www.europesays.com\/fr\/wp-json\/wp\/v2\/posts\/1165851\/revisions"}],"wp:featuredmedia":[{"embeddable":true,"href":"https:\/\/www.europesays.com\/fr\/wp-json\/wp\/v2\/media\/1165852"}],"wp:attachment":[{"href":"https:\/\/www.europesays.com\/fr\/wp-json\/wp\/v2\/media?parent=1165851"}],"wp:term":[{"taxonomy":"category","embeddable":true,"href":"https:\/\/www.europesays.com\/fr\/wp-json\/wp\/v2\/categories?post=1165851"},{"taxonomy":"post_tag","embeddable":true,"href":"https:\/\/www.europesays.com\/fr\/wp-json\/wp\/v2\/tags?post=1165851"}],"curies":[{"name":"wp","href":"https:\/\/api.w.org\/{rel}","templated":true}]}}