{"id":116586,"date":"2025-05-21T10:09:11","date_gmt":"2025-05-21T10:09:11","guid":{"rendered":"https:\/\/www.europesays.com\/fr\/116586\/"},"modified":"2025-05-21T10:09:11","modified_gmt":"2025-05-21T10:09:11","slug":"f1-et-si-ferrari-rappelait-carlos-sainz-voici-ce-quil-a-repondu","status":"publish","type":"post","link":"https:\/\/www.europesays.com\/fr\/116586\/","title":{"rendered":"F1 : et si Ferrari rappelait Carlos Sainz ? Voici ce qu\u2019il a r\u00e9pondu"},"content":{"rendered":"<p><img loading=\"lazy\" decoding=\"async\" width=\"1200\" height=\"800\" src=\"https:\/\/www.europesays.com\/fr\/wp-content\/uploads\/2025\/04\/carlos-sainz-williams.jpg\" alt=\"\" class=\"wp-image-37914\"  \/><\/p>\n<p>Carlos Sainz n\u2019est plus un pilote de la <a href=\"https:\/\/www.italpassion.fr\/tag\/scuderia-ferrari\" target=\"_blank\" rel=\"noopener\">Scuderia Ferrari<\/a>, mais son ombre plane toujours sur Maranello. Transf\u00e9r\u00e9 chez Williams apr\u00e8s l\u2019annonce de l\u2019arriv\u00e9e de Lewis Hamilton en 2025, l\u2019Espagnol \u00e9tonne depuis le d\u00e9but de saison de <a href=\"https:\/\/www.italpassion.fr\/competition\/formule-1\/\" target=\"_blank\" rel=\"noopener\">Formule 1<\/a>\u2026 au point de faire regretter son d\u00e9part ? Et surtout, que penserait-il d\u2019un retour \u00e0 Maranello si Ferrari d\u00e9cidait un jour de le rappeler ? Sa r\u00e9ponse a de quoi surprendre.<\/p>\n<p>Un d\u00e9but de saison renversant avec Williams<\/p>\n<p>Lors du Grand Prix de Miami 2025, Carlos Sainz a marqu\u00e9 les esprits en pla\u00e7ant sa Williams devant les deux Ferrari, aussi bien en qualifications qu\u2019en course. Une performance qu\u2019il a lui-m\u00eame qualifi\u00e9e d\u2019inattendue :<\/p>\n<blockquote class=\"wp-block-quote is-layout-flow wp-block-quote-is-layout-flow\">\n<p>\u00ab\u00a0Je n\u2019ai jamais pens\u00e9 que je pourrais battre les Ferrari en qualifications apr\u00e8s six courses et \u00eatre au m\u00eame niveau qu\u2019elles en course.\u00a0\u00bb<\/p>\n<\/blockquote>\n<p>Une surprise confirm\u00e9e quelques semaines plus tard \u00e0 Imola, o\u00f9 Sainz a \u00e0 nouveau devanc\u00e9 les monoplaces rouges en qualifications.<\/p>\n<blockquote class=\"wp-block-quote is-layout-flow wp-block-quote-is-layout-flow\">\n<p>\u00ab\u00a0Je ne m\u2019attendais pas \u00e0 \u00e7a en d\u00e9but de saison,\u00a0\u00bb a-t-il d\u00e9clar\u00e9 avec un sourire rayonnant.<br \/>\u00ab\u00a0C\u2019est vrai que j\u2019avais une grande confiance dans le projet Williams au vu des chiffres qu\u2019ils m\u2019ont pr\u00e9sent\u00e9s, mais \u00eatre devant les Ferrari pour la deuxi\u00e8me course cons\u00e9cutive ? Si vous m\u2019aviez dit cela avant le d\u00e9but de l\u2019ann\u00e9e, j\u2019aurais sign\u00e9 le contrat avec Williams encore plus vite.\u00a0\u00bb<\/p>\n<\/blockquote>\n<p>Ce sc\u00e9nario semblait pourtant improbable il y a quelques mois. Quitter Ferrari pour Williams avait tout d\u2019un pas en arri\u00e8re\u2026 et voil\u00e0 que Sainz se retrouve \u00e0 jouer les trouble-f\u00eate devant son ancienne \u00e9curie.<\/p>\n<p>Ferrari en crise, Williams en renaissance ?<\/p>\n<p>Certes, la performance de Miami reste une exception \u00e0 ce stade de la saison. Mais elle r\u00e9v\u00e8le les difficult\u00e9s actuelles de la SF-25. Sainz, de son c\u00f4t\u00e9, croit toujours que Ferrari va redresser la barre :<\/p>\n<blockquote class=\"wp-block-quote is-layout-flow wp-block-quote-is-layout-flow\">\n<p>\u00ab\u00a0Ferrari va r\u00e9soudre ses probl\u00e8mes \u00e0 terme\u00a0\u00bb, assure-t-il.<\/p>\n<\/blockquote>\n<p>Mais l\u2019Espagnol voit d\u00e9sormais plus loin. Interview\u00e9 par le \u00ab\u00a0Corriere dello Sport\u00a0\u00bb, il confie :<\/p>\n<blockquote class=\"wp-block-quote is-layout-flow wp-block-quote-is-layout-flow\">\n<p>\u00ab\u00a0Quand Ferrari appelle, vous r\u00e9pondez, mais je veux imaginer autre chose : la renaissance de la glorieuse Williams du pass\u00e9, et que je sois le pilote qui les ram\u00e8ne au sommet. En ce moment, rien ne me motive plus.\u00a0\u00bb<\/p>\n<\/blockquote>\n<p>Sainz ne ferme pas la porte \u00e0 un retour dans l\u2019\u00e9curie italienne.<\/p>\n<blockquote class=\"wp-block-quote is-layout-flow wp-block-quote-is-layout-flow\">\n<p>\u00ab\u00a0Si on me rappelle \u00e0 l\u2019avenir, je reviendrai.\u00a0\u00bb<\/p>\n<\/blockquote>\n<p>Mais l\u2019objectif du pilote espagnol semble d\u00e9sormais clair : <strong>construire un projet gagnant chez Williams, \u00e0 long terme, notamment \u00e0 l\u2019horizon 2026 avec l\u2019arriv\u00e9e des nouveaux moteurs.<\/strong> Une situation qui n\u2019est pas sans rappeler le rebond spectaculaire de l\u2019\u00e9curie britannique en 2014.<\/p>\n<blockquote class=\"wp-block-quote is-layout-flow wp-block-quote-is-layout-flow\">\n<p>\u00ab\u00a0Devenir champion du monde, c\u2019est la seule raison pour laquelle je cours en F1. D\u2019ici trois ou quatre ans, cela pourrait \u00eatre possible.\u00a0\u00bb<\/p>\n<\/blockquote>\n","protected":false},"excerpt":{"rendered":"Carlos Sainz n\u2019est plus un pilote de la Scuderia Ferrari, mais son ombre plane toujours sur Maranello. Transf\u00e9r\u00e9&hellip;\n","protected":false},"author":2,"featured_media":24298,"comment_status":"","ping_status":"","sticky":false,"template":"","format":"standard","meta":{"footnotes":""},"categories":[1412],"tags":[1451,1452,1453,1454,1455,1011,27,3504,60],"class_list":{"0":"post-116586","1":"post","2":"type-post","3":"status-publish","4":"format-standard","5":"has-post-thumbnail","7":"category-f1","8":"tag-f1","9":"tag-formula-1","10":"tag-formula1","11":"tag-formule-1","12":"tag-formule1","13":"tag-fr","14":"tag-france","15":"tag-scuderia-ferrari","16":"tag-sports"},"share_on_mastodon":{"url":"https:\/\/pubeurope.com\/@fr\/114545279920184618","error":""},"_links":{"self":[{"href":"https:\/\/www.europesays.com\/fr\/wp-json\/wp\/v2\/posts\/116586","targetHints":{"allow":["GET"]}}],"collection":[{"href":"https:\/\/www.europesays.com\/fr\/wp-json\/wp\/v2\/posts"}],"about":[{"href":"https:\/\/www.europesays.com\/fr\/wp-json\/wp\/v2\/types\/post"}],"author":[{"embeddable":true,"href":"https:\/\/www.europesays.com\/fr\/wp-json\/wp\/v2\/users\/2"}],"replies":[{"embeddable":true,"href":"https:\/\/www.europesays.com\/fr\/wp-json\/wp\/v2\/comments?post=116586"}],"version-history":[{"count":0,"href":"https:\/\/www.europesays.com\/fr\/wp-json\/wp\/v2\/posts\/116586\/revisions"}],"wp:featuredmedia":[{"embeddable":true,"href":"https:\/\/www.europesays.com\/fr\/wp-json\/wp\/v2\/media\/24298"}],"wp:attachment":[{"href":"https:\/\/www.europesays.com\/fr\/wp-json\/wp\/v2\/media?parent=116586"}],"wp:term":[{"taxonomy":"category","embeddable":true,"href":"https:\/\/www.europesays.com\/fr\/wp-json\/wp\/v2\/categories?post=116586"},{"taxonomy":"post_tag","embeddable":true,"href":"https:\/\/www.europesays.com\/fr\/wp-json\/wp\/v2\/tags?post=116586"}],"curies":[{"name":"wp","href":"https:\/\/api.w.org\/{rel}","templated":true}]}}