{"id":116587,"date":"2025-05-21T10:10:09","date_gmt":"2025-05-21T10:10:09","guid":{"rendered":"https:\/\/www.europesays.com\/fr\/116587\/"},"modified":"2025-05-21T10:10:09","modified_gmt":"2025-05-21T10:10:09","slug":"malgre-le-passage-a-montmartre-jasper-philipsen-ne-savoue-pas-vaincu-la-derniere-etape-du-tour-sera-plus-exigeante-mais-un-sprinteur-peut-gagner","status":"publish","type":"post","link":"https:\/\/www.europesays.com\/fr\/116587\/","title":{"rendered":"Malgr\u00e9 le passage \u00e0 Montmartre, Jasper Philipsen ne s&rsquo;avoue pas vaincu\u00a0: \u00ab\u00a0La derni\u00e8re \u00e9tape du Tour sera plus exigeante mais un sprinteur peut gagner\u00a0\u00bb"},"content":{"rendered":"<p class=\"ap-StoryElement ap-StoryElement--mb ap-StoryText\">En tout cas, ce changement de parcours pourrait bouleverser les habitudes, comme le reconna\u00eet Jasper Philipsen, vainqueur sur les Champs en 2022. \u00ab\u00a0Un facteur majeur \u00e0 l&rsquo;approche de cette derni\u00e8re \u00e9tape sera le classement g\u00e9n\u00e9ral et les \u00e9carts entre les pr\u00e9tendants au classement g\u00e9n\u00e9ral. Aucun coureur du classement g\u00e9n\u00e9ral ne voudra perdre la moindre seconde, tandis que cette \u00e9tape offre une derni\u00e8re chance de se frayer un chemin dans le top dix et de gagner quelques pr\u00e9cieuses secondes. Alors que les ann\u00e9es pr\u00e9c\u00e9dentes, les \u00e9quipes du classement g\u00e9n\u00e9ral pouvaient profiter d&rsquo;une derni\u00e8re journ\u00e9e plus d\u00e9tendue, elles devront d\u00e9sormais rester concentr\u00e9es jusqu&rsquo;\u00e0 l&rsquo;arriv\u00e9e. Cela att\u00e9nuera la tension g\u00e9n\u00e9rale au sein du peloton.\u00a0\u00bb<\/p>\n<p class=\"ap-StoryElement ap-StoryElement--mb ap-StoryText\">Si le final sera donc diff\u00e9rent pour les coureurs du classement g\u00e9n\u00e9ral, ce qui ne pla\u00eet pas vraiment \u00e0 Remco Evenepoel ou Jonas Vingegaard, la donne sera \u00e9galement diff\u00e9rente pour les sprinteurs. \u00ab\u00a0L&rsquo;\u00e9tape est \u00e9galement devenue beaucoup plus exigeante pour les sprinteurs, tout simplement parce qu&rsquo;il y a davantage de coureurs susceptibles de gagner. Mais cela ne signifie pas qu&rsquo;un sprinteur ne peut plus gagner. En tant que sprinteur, c&rsquo;est certainement dommage de voir cette \u00e9tape changer, car elle \u00e9tait devenue une belle tradition. Personnellement, je ne vois aucune raison claire de le changer, mais je suis convaincu qu&rsquo;ASO a des motivations valables et bien r\u00e9fl\u00e9chies. Cela dit, je ne serai pas trop n\u00e9gatif non plus\u00a0: tout d\u00e9pendra de votre \u00e9tat apr\u00e8s trois semaines difficiles. La fra\u00eecheur et la sensation dans vos jambes seront d\u00e9terminantes pour savoir si vous pourrez encore r\u00e9ussir.\u00a0\u00bb<\/p>\n<p><a href=\"https:\/\/www.dhnet.be\/sports\/cyclisme\/tour-de-france\/2025\/05\/19\/tour-de-france-je-peux-le-battre-jonas-vingegaard-confiant-a-quelques-semaines-de-son-duel-attendu-face-a-tadej-pogacar-DWGTYOIWJJDW7PCLYUJKE5LZ2A\/\" target=\"_blank\" rel=\"noopener noreferrer\" class=\"ap-StoryInterstitialLink ap-StoryElement ap-StoryElement--mb\">Tour de France : \u00ab\u00a0Je peux le battre\u00a0\u00bb, Jonas Vingegaard confiant \u00e0 quelques semaines de son duel attendu face \u00e0 Tadej Pogacar<\/a><\/p>\n","protected":false},"excerpt":{"rendered":"En tout cas, ce changement de parcours pourrait bouleverser les habitudes, comme le reconna\u00eet Jasper Philipsen, vainqueur sur&hellip;\n","protected":false},"author":2,"featured_media":116588,"comment_status":"","ping_status":"","sticky":false,"template":"","format":"standard","meta":{"footnotes":""},"categories":[1411],"tags":[1151,6542,1154,207,20173,23684,1011,27,23685,19652,23686,23687,1161,6374,23688,16799,4103,23689,8804,4978,23690,209,517,60,3866,23691,23692,23693,3584,212,23694,8808,1172,213,23695],"class_list":{"0":"post-116587","1":"post","2":"type-post","3":"status-publish","4":"format-standard","5":"has-post-thumbnail","7":"category-cyclisme","8":"tag-nicovereeckenfoto","9":"tag-6542","10":"tag-cycling","11":"tag-cyclisme","12":"tag-etape","13":"tag-etape-13","14":"tag-fr","15":"tag-france","16":"tag-frankrijk","17":"tag-le-tour","18":"tag-le-tour-de-france","19":"tag-letour","20":"tag-nico-vereecken","21":"tag-pau","22":"tag-pro-tour","23":"tag-race","24":"tag-rit","25":"tag-rit-13","26":"tag-road","27":"tag-ronde","28":"tag-ronde-van-frankrijk","29":"tag-route","30":"tag-sport","31":"tag-sports","32":"tag-stage","33":"tag-stage-13","34":"tag-tdf","35":"tag-tdf2024","36":"tag-tour","37":"tag-uci","38":"tag-wegrit","39":"tag-wielerwedstrijd","40":"tag-wielrennen","41":"tag-world-tour","42":"tag-worldtour"},"share_on_mastodon":{"url":"https:\/\/pubeurope.com\/@fr\/114545283725441286","error":""},"_links":{"self":[{"href":"https:\/\/www.europesays.com\/fr\/wp-json\/wp\/v2\/posts\/116587","targetHints":{"allow":["GET"]}}],"collection":[{"href":"https:\/\/www.europesays.com\/fr\/wp-json\/wp\/v2\/posts"}],"about":[{"href":"https:\/\/www.europesays.com\/fr\/wp-json\/wp\/v2\/types\/post"}],"author":[{"embeddable":true,"href":"https:\/\/www.europesays.com\/fr\/wp-json\/wp\/v2\/users\/2"}],"replies":[{"embeddable":true,"href":"https:\/\/www.europesays.com\/fr\/wp-json\/wp\/v2\/comments?post=116587"}],"version-history":[{"count":0,"href":"https:\/\/www.europesays.com\/fr\/wp-json\/wp\/v2\/posts\/116587\/revisions"}],"wp:featuredmedia":[{"embeddable":true,"href":"https:\/\/www.europesays.com\/fr\/wp-json\/wp\/v2\/media\/116588"}],"wp:attachment":[{"href":"https:\/\/www.europesays.com\/fr\/wp-json\/wp\/v2\/media?parent=116587"}],"wp:term":[{"taxonomy":"category","embeddable":true,"href":"https:\/\/www.europesays.com\/fr\/wp-json\/wp\/v2\/categories?post=116587"},{"taxonomy":"post_tag","embeddable":true,"href":"https:\/\/www.europesays.com\/fr\/wp-json\/wp\/v2\/tags?post=116587"}],"curies":[{"name":"wp","href":"https:\/\/api.w.org\/{rel}","templated":true}]}}