{"id":1165894,"date":"2026-09-04T01:02:23","date_gmt":"2026-09-04T01:02:23","guid":{"rendered":"https:\/\/www.europesays.com\/fr\/1165894\/"},"modified":"2026-09-04T01:02:23","modified_gmt":"2026-09-04T01:02:23","slug":"guerre-en-ukraine-il-rallie-la-pologne-a-lorient-pour-recuperer-une-ambulance-destinee-au-front","status":"publish","type":"post","link":"https:\/\/www.europesays.com\/fr\/1165894\/","title":{"rendered":"Guerre en Ukraine\u00a0: il rallie la Pologne \u00e0 Lorient pour r\u00e9cup\u00e9rer une ambulance destin\u00e9e au front"},"content":{"rendered":"<p>\n                Article premium,<br \/>\n                    R\u00e9serv\u00e9 aux\u00a0abonn\u00e9s\n            <\/p>\n<p class=\"su-standfirst chapeau\">C\u2019est la quatri\u00e8me ambulance financ\u00e9e par l\u2019association lorientaise Unis pour l\u2019Ukraine 56\u00a0depuis le d\u00e9but de la guerre. Le v\u00e9hicule sera achemin\u00e9 sur le front par Valerii, qui vient de rallier la Pologne \u00e0 Lorient\u00a0(Morbihan) en v\u00e9lo.<\/p>\n<p>                                        <img decoding=\"async\" class=\"su-media\" src=\"https:\/\/media.ouest-france.fr\/v1\/pictures\/MjAyNjA5OTMyZWIxMDEyZjRkZDMxODM1ZjA2MjA4Mzc2MWM4YjQ?width=630&amp;height=354&amp;focuspoint=50%2C25&amp;cropresize=1&amp;client_id=bpeditorial&amp;sign=129957742f49be40630fed602d315ab2d3ac665e1654cdfd60f061c5c7c52b6c\" alt=\"Fran\u00e7oise, Patrice, Emmanuelle Trocad\u00e9ro, Valerii et Irina, devant la quatri\u00e8me ambulance convoy\u00e9e vers l\u2019Ukraine depuis le d\u00e9but de la guerre avec l\u2019association lorientaise Unis pour l\u2019Ukraine 56.\"  \/><\/p>\n<p>                            Fran\u00e7oise, Patrice, Emmanuelle Trocad\u00e9ro, Valerii et Irina, devant la quatri\u00e8me ambulance convoy\u00e9e vers l\u2019Ukraine depuis le d\u00e9but de la guerre avec l\u2019association lorientaise Unis pour l\u2019Ukraine 56. | OUEST-FRANCE<\/p>\n<p>                            fermer<\/p>\n<ul class=\"su-row su-carrousel-container su-not-list\" data-suswipe=\"{\" rambo=\"\" .carrousel-nav-bas=\"\" .item=\"\">\n<li class=\"su-col-xs-6 su-col-md-24 carrousel-contenu su-carrousel-item\" data-ofvwidth=\"{\" mobileonly=\"\"><img decoding=\"async\" data-ofmaxheight=\"\" class=\"su-media lazyload\" alt=\"Fran\u00e7oise, Patrice, Emmanuelle Trocad\u00e9ro, Valerii et Irina, devant la quatri\u00e8me ambulance convoy\u00e9e vers l\u2019Ukraine depuis le d\u00e9but de la guerre avec l\u2019association lorientaise Unis pour l\u2019Ukraine 56.\" src=\"data:image\/png;base64,iVBORw0KGgoAAAANSUhEUgAAABAAAAAJCAYAAAA7KqwyAAAAGXRFWHRTb2Z0d2FyZQBBZG9iZSBJbWFnZVJlYWR5ccllPAAAABhJREFUeNpi\/P\/\/PwMlgHHUgFEDgAAgwAD+lBrvy+NcxAAAAABJRU5ErkJggg==\" data-oflazyload=\"{&quot;srcset&quot;:&quot;https:\/\/media.ouest-france.fr\/v1\/pictures\/MjAyNjA5OTMyZWIxMDEyZjRkZDMxODM1ZjA2MjA4Mzc2MWM4YjQ?width=320&amp;focuspoint=50%2C25&amp;cropresize=1&amp;client_id=bpeditorial&amp;sign=12124a545fb78e62231af16e8d33d5e6211ad67cf349c947bcf659ff1659c8fc 320w,https:\/\/media.ouest-france.fr\/v1\/pictures\/MjAyNjA5OTMyZWIxMDEyZjRkZDMxODM1ZjA2MjA4Mzc2MWM4YjQ?width=375&amp;focuspoint=50%2C25&amp;cropresize=1&amp;client_id=bpeditorial&amp;sign=e8b77129667daa569c49321ffb8ae08e5d3af9225cf958e547d94064578a9fbf 360w,https:\/\/media.ouest-france.fr\/v1\/pictures\/MjAyNjA5OTMyZWIxMDEyZjRkZDMxODM1ZjA2MjA4Mzc2MWM4YjQ?width=480&amp;focuspoint=50%2C25&amp;cropresize=1&amp;client_id=bpeditorial&amp;sign=bdf9151297b8744d9b5262dfe30e54851c92f93035f07b20e0bcbf5f925a741d 480w,https:\/\/media.ouest-france.fr\/v1\/pictures\/MjAyNjA5OTMyZWIxMDEyZjRkZDMxODM1ZjA2MjA4Mzc2MWM4YjQ?width=630&amp;focuspoint=50%2C25&amp;cropresize=1&amp;client_id=bpeditorial&amp;sign=86018dc31fac754d316eefeaf770317e4d51cdff1fe62e00c2819854abb3d4ee 630w,https:\/\/media.ouest-france.fr\/v1\/pictures\/MjAyNjA5OTMyZWIxMDEyZjRkZDMxODM1ZjA2MjA4Mzc2MWM4YjQ?width=940&amp;focuspoint=50%2C25&amp;cropresize=1&amp;client_id=bpeditorial&amp;sign=21cda5a708c3134c81e4390d27d866d5599c56a4654e36f9fa27c76a0e2d6e36 940w,https:\/\/media.ouest-france.fr\/v1\/pictures\/MjAyNjA5OTMyZWIxMDEyZjRkZDMxODM1ZjA2MjA4Mzc2MWM4YjQ?width=1260&amp;focuspoint=50%2C25&amp;cropresize=1&amp;client_id=bpeditorial&amp;sign=589748941601ff456e14165427ab4ff63939640e5d5713f4a225fa25ee2f8752 1260w&quot;}\"\/>Fran\u00e7oise, Patrice, Emmanuelle Trocad\u00e9ro, Valerii et Irina, devant la quatri\u00e8me ambulance convoy\u00e9e vers l\u2019Ukraine depuis le d\u00e9but de la guerre avec l\u2019association lorientaise Unis pour l\u2019Ukraine 56. | OUEST-FRANCE<\/li>\n<\/ul>\n<p>1\u00a0500\u00a0km parcourus durant neuf jours \u00e0 v\u00e9lo pour rallier Wroclaw, en Pologne, \u00e0 Caen, en Normandie. Avant de rejoindre Lorient, dans le Morbihan, en train, pour les 300\u00a0derniers km. Huit kilos de moins sur la balance. Ce n\u2019est pas une balade de sant\u00e9, malgr\u00e9 les quelque 60\u00a0000\u00a0km au compteur de ce passionn\u00e9 de la petite reine. C\u2019est le d\u00e9fi ambitieux et personnel port\u00e9 par Valerii, un Ukrainien <a href=\"https:\/\/www.ouest-france.fr\/europe\/ukraine\/\" target=\"_self\" rel=\"nofollow noopener\">originaire de Kharkiv.<\/a> Un p\u00e9riple&#8230;<a href=\"https:\/\/www.ouest-france.fr\/bretagne\/lorient-56100\/ces-filets-ont-une-importance-cruciale-cette-association-du-morbihan-lance-un-convoi-humanitaire-pour-lukraine-4c38d244-c633-11f0-8a71-ab15ec98e10c\" target=\"_self\" rel=\"nofollow noopener\">&#8230;<\/a>.<\/p>\n<p style=\"text-align: center; background-color: #dbbe4d; padding-top: 5px; padding-bottom: 5px; font-size: 14px;\"><strong>D\u00e9j\u00e0 abonn\u00e9 ? <\/strong><a data-trkartmonet=\"Identification\" data-trk-sipa=\"{\" blockcategory=\"\" paywall=\"\" href=\"http:\/\/www.ouest-france.fr\/login?redirect=https:\/\/www.ouest-france.fr\/bretagne\/lorient-56100\/guerre-en-ukraine-il-rallie-la-pologne-a-lorient-pour-recuperer-une-ambulance-destinee-au-front-9ce39dde-a777-11f1-8a27-1e0c4eb5e395\" rel=\"nofollow noopener\" title=\"Se connecter \u00e0 Ouest-France\" class=\"su-link-light\" target=\"_blank\">Connectez-vous<\/a><\/p>\n<p style=\"text-align: center; padding-top: 15px; padding-bottom: 8px; vertical-align: bottom;\">bloqu\u00e9<strong> Pour lire la suite, abonnez-vous<\/strong><\/p>\n<p style=\"text-align: center;\"><strong>1er mois \u00e0 1\u20ac<\/strong><\/p>\n<p style=\"text-align: center; margin-top: -5px;\">Annulable \u00e0 tout moment<\/p>\n<p style=\"text-align: center;\">\u00a0<\/p>\n<p style=\"text-align: center;\"><a data-ida=\"\" data-trkartmonet=\"Tunnel OF+\" data-trk-sipa=\"{&#010;\" blockcategory=\"\" paywall=\"\" :=\"\" m=\"\" of=\"\" class=\"su-button su-subscription\" data-trk-bloc=\"paywall\" href=\"https:\/\/abonnement.ouest-france.fr\/tunnel\/pack-essentiel-article\/122096117101?int_medium=lien&amp;int_campaign=PWFR0225-OF&amp;int_content=page-article-payant_boutonjaune-paywall&amp;marquesource=OF&amp;rt=https:\/\/www.ouest-france.fr\/bretagne\/lorient-56100\/guerre-en-ukraine-il-rallie-la-pologne-a-lorient-pour-recuperer-une-ambulance-destinee-au-front-9ce39dde-a777-11f1-8a27-1e0c4eb5e395\" rel=\"nofollow noopener\" target=\"_blank\"><strong>Je m&rsquo;abonne<\/strong><\/a><\/p>\n<p style=\"text-align: center; padding-top: 10px; padding-bottom: 10px;\"><img decoding=\"async\" src=\"https:\/\/media.ouest-france.fr\/v1\/fonts\/be7723fcee3f1866f1ce99184077fc6f-carte-bancaire.svg?height=36\" alt=\"CB\"\/>\u00a0\u00a0<img decoding=\"async\" src=\"https:\/\/media.ouest-france.fr\/v1\/fonts\/1819d54c599d8afa64539cfba4ac9dde-rib.svg?height=36\" alt=\"RIB\"\/>\u00a0\u00a0<img decoding=\"async\" src=\"https:\/\/media.ouest-france.fr\/v1\/fonts\/065fc80d7b6a03d14a834c224ce723e1-paypal.svg?height=36\" alt=\"PAYPAL\"\/><\/p>\n","protected":false},"excerpt":{"rendered":"Article premium, R\u00e9serv\u00e9 aux\u00a0abonn\u00e9s C\u2019est la quatri\u00e8me ambulance financ\u00e9e par l\u2019association lorientaise Unis pour l\u2019Ukraine 56\u00a0depuis le d\u00e9but&hellip;\n","protected":false},"author":2,"featured_media":1165895,"comment_status":"","ping_status":"","sticky":false,"template":"","format":"standard","meta":{"footnotes":"","_share_on_mastodon":"0"},"categories":[1590],"tags":[11,4733,1777,674,17980,6349,93461,1781,3729,12,6411,220],"class_list":["post-1165894","post","type-post","status-publish","format-standard","has-post-thumbnail","category-ukraine","tag-actualites","tag-associations","tag-eu","tag-europe","tag-hennebont","tag-lanester","tag-larmor-plage","tag-lorient","tag-morbihan","tag-news","tag-ploemeur","tag-ukraine"],"share_on_mastodon":{"url":"https:\/\/pubeurope.com\/@fr\/117210079047026536","error":""},"_links":{"self":[{"href":"https:\/\/www.europesays.com\/fr\/wp-json\/wp\/v2\/posts\/1165894","targetHints":{"allow":["GET"]}}],"collection":[{"href":"https:\/\/www.europesays.com\/fr\/wp-json\/wp\/v2\/posts"}],"about":[{"href":"https:\/\/www.europesays.com\/fr\/wp-json\/wp\/v2\/types\/post"}],"author":[{"embeddable":true,"href":"https:\/\/www.europesays.com\/fr\/wp-json\/wp\/v2\/users\/2"}],"replies":[{"embeddable":true,"href":"https:\/\/www.europesays.com\/fr\/wp-json\/wp\/v2\/comments?post=1165894"}],"version-history":[{"count":0,"href":"https:\/\/www.europesays.com\/fr\/wp-json\/wp\/v2\/posts\/1165894\/revisions"}],"wp:featuredmedia":[{"embeddable":true,"href":"https:\/\/www.europesays.com\/fr\/wp-json\/wp\/v2\/media\/1165895"}],"wp:attachment":[{"href":"https:\/\/www.europesays.com\/fr\/wp-json\/wp\/v2\/media?parent=1165894"}],"wp:term":[{"taxonomy":"category","embeddable":true,"href":"https:\/\/www.europesays.com\/fr\/wp-json\/wp\/v2\/categories?post=1165894"},{"taxonomy":"post_tag","embeddable":true,"href":"https:\/\/www.europesays.com\/fr\/wp-json\/wp\/v2\/tags?post=1165894"}],"curies":[{"name":"wp","href":"https:\/\/api.w.org\/{rel}","templated":true}]}}