{"id":1165898,"date":"2026-09-04T01:04:33","date_gmt":"2026-09-04T01:04:33","guid":{"rendered":"https:\/\/www.europesays.com\/fr\/1165898\/"},"modified":"2026-09-04T01:04:33","modified_gmt":"2026-09-04T01:04:33","slug":"tapisserie-de-bayeux-macron-et-charles-iii-celebrent-le-pret","status":"publish","type":"post","link":"https:\/\/www.europesays.com\/fr\/1165898\/","title":{"rendered":"Tapisserie de Bayeux : Macron et Charles III c\u00e9l\u00e8brent le pr\u00eat"},"content":{"rendered":"<p>Emmanuel Macron et le roi Charles III ont c\u00e9l\u00e9br\u00e9 mercredi les liens franco-britanniques apr\u00e8s avoir visit\u00e9 l&rsquo;exposition de la tapisserie de Bayeux au British Museum de Londres avec la reine Camilla, Brigitte Macron et le nouveau Premier ministre Andy Burnham.<\/p>\n<p>Souriant et plaisantant, ils ont admir\u00e9 cette \u0153uvre du XIe si\u00e8cle, longue de 70 m\u00e8tres, expos\u00e9e pour la premi\u00e8re fois \u00e0 plat dans une salle faiblement \u00e9clair\u00e9e, en pr\u00e9sence \u00e9galement de la femme d&rsquo;Andy Burnham, Marie-France van Heel, et de repr\u00e9sentants du mus\u00e9e.<\/p>\n<p>Le pr\u00e9sident fran\u00e7ais a dit esp\u00e9rer que la France et le Royaume-Uni puissent \u00ab\u00a0tisser un lien aussi \u00e9troit que les fils\u00a0\u00bb de cette \u00ab\u00a0broderie mill\u00e9naire\u00a0\u00bb, pr\u00eat\u00e9e pour un an au c\u00e9l\u00e8bre mus\u00e9e, dans un discours apr\u00e8s sa visite.<\/p>\n<p>\u00ab\u00a0M\u00eame si nous ne sommes pas toujours d&rsquo;accord sur tout, nous nous respectons (&#8230;), et restons ouverts \u00e0 la discussion sur tous les sujets, y compris la relance des relations entre le Royaume-Uni et l&rsquo;Union europ\u00e9enne, a-t-il ajout\u00e9.<\/p>\n<p> <img decoding=\"async\" src=\"https:\/\/www.europesays.com\/fr\/wp-content\/uploads\/2026\/09\/b776a69e-29346603.image.jpeg\" alt=\"Le roi Charles III, la reine Camilla, Emmanuel Macron et Brigitte Macron visitent l'exposition de la Tapisserie de Bayeux au British Museum \u00e0 Londres, le 2 septembre 2026. [Times Media Ltd - RICHARD POHLE]\" title=\"Le roi Charles III, la reine Camilla, Emmanuel Macron et Brigitte Macron visitent l'exposition de la Tapisserie de Bayeux au British Museum \u00e0 Londres, le 2 septembre 2026. [Times Media Ltd - RICHARD POHLE]\" loading=\"lazy\"\/>  Le roi Charles III, la reine Camilla, Emmanuel Macron et Brigitte Macron visitent l&rsquo;exposition de la Tapisserie de Bayeux au British Museum \u00e0 Londres, le 2 septembre 2026. [Times Media Ltd &#8211; RICHARD POHLE] <\/p>\n<p><strong class=\"inline-title\">&gt;&gt; Lire aussi\u00a0: <\/strong><a href=\"https:\/\/www.rts.ch\/info\/culture\/arts-visuels\/2026\/article\/la-tapisserie-de-bayeux-est-arrivee-au-british-museum-a-londres-29299087.html\" data-item-id=\"richtext_link\" rel=\"nofollow noopener\" target=\"_blank\">La tapisserie de Bayeux a rejoint le British Museum sous haute surveillance<\/a><\/p>\n<p>\u00ab\u00a0Merveilleux\u00a0\u00bb<\/p>\n<p>Le roi a lui exprim\u00e9 \u00ab\u00a0une joie particuli\u00e8re\u00a0\u00bb \u00e0 voir cette tapisserie, dont le pr\u00eat au Royaume-Uni constitue \u00ab\u00a0un pr\u00e9cieux symbole de confiance\u00a0\u00bb, le \u00ab\u00a0meilleur symbole possible de cette entente amicale dont nous parlons avec tant d&rsquo;affection\u00a0\u00bb. \u00ab\u00a0Merveilleux\u00a0\u00bb, a-t-il encore l\u00e2ch\u00e9 aux journalistes, en quittant le quitter le mus\u00e9e.<\/p>\n<p>Charles III et son \u00e9pouse Camilla avaient re\u00e7u, plus t\u00f4t dans l&rsquo;apr\u00e8s-midi, le couple Macron \u00e0 leur r\u00e9sidence de Clarence House, pour une visite loin des cam\u00e9ras.<\/p>\n<p>Andy Burnham, qu&rsquo;Emmanuel Macron rencontrait pour la premi\u00e8re fois, avait lui salu\u00e9 d&rsquo;avance \u00ab\u00a0un moment majeur dans l&rsquo;histoire\u00a0\u00bb des deux pays (lire encadr\u00e9).<\/p>\n<p>\u00ab\u00a0Alors que nous c\u00e9l\u00e9brons notre patrimoine commun, le pr\u00e9sident Macron et moi-m\u00eame continuerons \u00e0 renforcer les liens entre nos deux nations\u00a0\u00bb, avait-il indiqu\u00e9 dans un communiqu\u00e9. L&rsquo;exposition de cette \u0153uvre du XIe si\u00e8cle illustrant la conqu\u00eate de l&rsquo;Angleterre en l&rsquo;an 1066 par Guillaume le Conqu\u00e9rant, ouvrira au public le 10 septembre.<\/p>\n<p> &gt;&gt; Les images dans le 19h30\u00a0:   <img decoding=\"async\" class=\"embed-responsive-item\" loading=\"lazy\" src=\"https:\/\/www.europesays.com\/fr\/wp-content\/uploads\/2026\/09\/860a2b46-29346942.image.jpeg\" alt=\"La tapisserie de Bayeux \u00e0 Londres, symbole des liens franco-britanniques\"\/>    La tapisserie de Bayeux \u00e0 Londres, symbole des liens franco-britanniques \/ 19h30 \/ 2 min. \/ hier \u00e0 19:30 <\/p>\n<p>Emmanuel Macron avait personnellement d\u00e9cid\u00e9 de pr\u00eater la tapisserie pour un an lors de sa visite d&rsquo;Etat au Royaume-Uni en juillet 2025, afin de \u00ab\u00a0revivifier la relation culturelle\u00a0\u00bb et marquer \u00ab\u00a0la confiance\u00a0\u00bb actuelle entre Paris et Londres.<\/p>\n<p>La tapisserie est parvenue le 10 juillet au British Museum, malgr\u00e9 les objections de certains experts et d\u00e9fenseurs du patrimoine en France, qui redoutaient une d\u00e9gradation irr\u00e9versible. Elle doit rester \u00e0 Londres jusqu&rsquo;au 11 juillet 2027. Lorsqu&rsquo;elle reviendra \u00e0 Bayeux en Normandie, dans l&rsquo;ouest de la France, Emmanuel Macron ne sera plus pr\u00e9sident.<\/p>\n<p class=\"sources\">ats\/fgn<\/p>\n","protected":false},"excerpt":{"rendered":"Emmanuel Macron et le roi Charles III ont c\u00e9l\u00e9br\u00e9 mercredi les liens franco-britanniques apr\u00e8s avoir visit\u00e9 l&rsquo;exposition de&hellip;\n","protected":false},"author":2,"featured_media":1165899,"comment_status":"","ping_status":"","sticky":false,"template":"","format":"standard","meta":{"footnotes":"","_share_on_mastodon":"0"},"categories":[1588],"tags":[11,55171,4708,1693,986,90572,6872,117605,251,120325,1073,1777,674,3293,5072,4534,74,3048,12,73304,46826,473,1853,1851,1850,1852],"class_list":["post-1165898","post","type-post","status-publish","format-standard","has-post-thumbnail","category-royaume-uni","tag-actualites","tag-andy-burnham","tag-angleterre","tag-arts-et-divertissement","tag-brigitte-macron","tag-british-museum","tag-camilla","tag-charles-iii-dangleterre","tag-culture","tag-duchesse-de-cornouailles","tag-emmanuel-macron","tag-eu","tag-europe","tag-exposition","tag-grande-bretagne","tag-londres","tag-monde","tag-musee","tag-news","tag-premier-ou-premiere-ministre","tag-president-de-la-republique-francaise","tag-royaume-uni","tag-royaume-uni-de-grande-bretagne-et-dirlande-du-nord","tag-uk","tag-united-kingdom","tag-united-kingdom-of-great-britain-and-northern-ireland"],"share_on_mastodon":{"url":"","error":"Validation failed: Text character limit of 500 exceeded"},"_links":{"self":[{"href":"https:\/\/www.europesays.com\/fr\/wp-json\/wp\/v2\/posts\/1165898","targetHints":{"allow":["GET"]}}],"collection":[{"href":"https:\/\/www.europesays.com\/fr\/wp-json\/wp\/v2\/posts"}],"about":[{"href":"https:\/\/www.europesays.com\/fr\/wp-json\/wp\/v2\/types\/post"}],"author":[{"embeddable":true,"href":"https:\/\/www.europesays.com\/fr\/wp-json\/wp\/v2\/users\/2"}],"replies":[{"embeddable":true,"href":"https:\/\/www.europesays.com\/fr\/wp-json\/wp\/v2\/comments?post=1165898"}],"version-history":[{"count":0,"href":"https:\/\/www.europesays.com\/fr\/wp-json\/wp\/v2\/posts\/1165898\/revisions"}],"wp:featuredmedia":[{"embeddable":true,"href":"https:\/\/www.europesays.com\/fr\/wp-json\/wp\/v2\/media\/1165899"}],"wp:attachment":[{"href":"https:\/\/www.europesays.com\/fr\/wp-json\/wp\/v2\/media?parent=1165898"}],"wp:term":[{"taxonomy":"category","embeddable":true,"href":"https:\/\/www.europesays.com\/fr\/wp-json\/wp\/v2\/categories?post=1165898"},{"taxonomy":"post_tag","embeddable":true,"href":"https:\/\/www.europesays.com\/fr\/wp-json\/wp\/v2\/tags?post=1165898"}],"curies":[{"name":"wp","href":"https:\/\/api.w.org\/{rel}","templated":true}]}}