{"id":1165913,"date":"2026-09-04T01:14:16","date_gmt":"2026-09-04T01:14:16","guid":{"rendered":"https:\/\/www.europesays.com\/fr\/1165913\/"},"modified":"2026-09-04T01:14:16","modified_gmt":"2026-09-04T01:14:16","slug":"pro-d2-a-un-de-moins-pendant-une-heure-provence-rugby-realise-lexploit-et-simpose-a-colomiers","status":"publish","type":"post","link":"https:\/\/www.europesays.com\/fr\/1165913\/","title":{"rendered":"Pro D2 &#8211; \u00c0 un de moins pendant une heure, Provence Rugby r\u00e9alise l&rsquo;exploit et s&rsquo;impose \u00e0 Colomiers"},"content":{"rendered":"<p>\n                En ouverture de la 2e journ\u00e9e du championnat, au stade Michel-Bendichou, Provence Rugby, malgr\u00e9 l&rsquo;expulsion de Ndiaye, a battu Colomiers (13-18). Favoris \u00e0 la mont\u00e9e, les Noirs assument leur statut et prennent la t\u00eate du championnat en attendant les autres r\u00e9sultats. Pour les prot\u00e9g\u00e9s de Nicot, tr\u00e8s peu pr\u00e9cis en touche, c&rsquo;est un deuxi\u00e8me revers de rang qui fait mal aux t\u00eates.\n            <\/p>\n<p>Comment on se retrouve, apr\u00e8s un peu plus de trois mois ? En mai dernier, dans une demi-finale haletante, Colomiers, dans son antre, \u00e9tait tomb\u00e9 face \u00e0 Provence Rugby (28-36). Cette affiche est rest\u00e9e dans les m\u00e9moires de nombreux acteurs des deux clubs, amen\u00e9s \u00e0 se recroiser d\u00e8s le d\u00e9but de cette nouvelle campagne 2026-2027.\u00a0<\/p>\n<p><a href=\"https:\/\/www.rugbyrama.fr\/2026\/09\/03\/direct-pro-d2-colomiers-provence-rugby-lusc-veut-rebondir-a-domicile-face-a-provence-suivez-le-match-en-direct-13530764.php\" target=\"_self\" rel=\"nofollow noopener\"><strong>En inf\u00e9riorit\u00e9 num\u00e9rique pendant une heure, Provence Rugby a r\u00e9sist\u00e9 au retour de Colomiers (13-18).<\/strong><\/a> Gr\u00e2ce \u00e0 ce deuxi\u00e8me succ\u00e8s, les Noirs restent le leader du Pro D2 avec neuf points. Pour les Haut-Garonnais, malgr\u00e9 le bonus d\u00e9fensif, c&rsquo;est un d\u00e9part cauchemardesque avec deux revers de rang et un seul point au compteur.\u00a0<\/p>\n<p>Ndiaye a vu rouge, Colomiers a connu une faillite en touche<\/p>\n<p>Encore en rodage, les deux \u00e9quipes n&rsquo;ont pas offert un sommet de rugby durant la premi\u00e8re p\u00e9riode. Provence Rugby a notamment \u00e9t\u00e9 tr\u00e8s indisciplin\u00e9e avec neuf p\u00e9nalit\u00e9s conc\u00e9d\u00e9es. Ndiaye, coupable d&rsquo;un plaquage haut sur le num\u00e9ro 8 Hardwick, a quant \u00e0 lui \u00e9t\u00e9 expuls\u00e9 (21e). Colomiers a \u00e9t\u00e9 tr\u00e8s impr\u00e9cis en touche, avec sept possessions perdues, dont plusieurs dans la zone de marque.\u00a0<\/p>\n<p>Malgr\u00e9 ces erreurs, les spectateurs ont quand m\u00eame vu trois essais dans ce premier acte. \u00c0 l&rsquo;aff\u00fbt, Ardron a r\u00e9cup\u00e9r\u00e9 un lancer en touche de Lachaud.\u00a0Au centre du terrain, Bituniyata a bonifi\u00e9 cette r\u00e9cup\u00e9ration en passant\u00a0les bras pour Finau. Le centre n\u00e9o-z\u00e9landais a parfaitement jou\u00e9 le deux contre un avec Lap\u00e8gue, au four et au moulin ce soir,\u00a0pour un essai imparable\u00a0(0-5, 15e).\u00a0<\/p>\n<p>Dans une partie tr\u00e8s tendue, o\u00f9 les coups de pied ont \u00e9t\u00e9 tr\u00e8s nombreux,\u00a0Debaes a\u00a0r\u00e9duit l&rsquo;\u00e9cart au score (3-5, 25e), mais cela n&rsquo;a pas fait douter les visiteurs.\u00a0Avec un avantage en cours, face \u00e0 une d\u00e9fense resserr\u00e9e gr\u00e2ce \u00e0 un maul port\u00e9, Cazenave a tromp\u00e9 la vigilance\u00a0adverse \u00e0 l&rsquo;aide d&rsquo;une feinte de passe. Le demi de m\u00eal\u00e9e a, par la suite, propuls\u00e9\u00a0Bituniyata en terre promise\u00a0(3-12, 38e). Provence Rugby a-t-il cru avoir fait le plus dur ? Difficile \u00e0 dire, mais les prot\u00e9g\u00e9s de Philippe Saint-Andr\u00e9 ont manqu\u00e9 leur sortie de camp. Une erreur dont a profit\u00e9 imm\u00e9diatement les Colum\u00e9rins pour se relancer avant la pause. Derri\u00e8re sa m\u00eal\u00e9e,\u00a0Danglot a lanc\u00e9 un mouvement dans le c\u00f4t\u00e9 ferm\u00e9, et, apr\u00e8s un crochet d\u00e9vastateur, Carmona a plong\u00e9 en coin\u00a0(8-12, 40e).\u00a0<\/p>\n<p>L&rsquo;incroyable essai de Bazin n&rsquo;aura pas suffi face \u00e0 la vaillance des Proven\u00e7aux<\/p>\n<p>Au retour des vestiaires, Cazenave a pris ses responsabilit\u00e9s. Le demi de m\u00eal\u00e9e de Provence Rugby a soulag\u00e9 Vareiro, peu en r\u00e9ussite, au but. Le choix a \u00e9t\u00e9 payant, puisque l&rsquo;ex-Colum\u00e9rin a pass\u00e9 deux coups de pied\u00a0(8-18, 50e et 55e).<\/p>\n<p>Avec le match en main, les visiteurs ont \u00e9t\u00e9 surpris par une superbe inspiration des Haut-Garonnais. \u00c0 cinq m\u00e8tres de sa ligne,\u00a0Debaes a r\u00e9alis\u00e9 une diagonale au pied vers Bazin.\u00a0Un peu aid\u00e9 par un rebond, le troisi\u00e8me ligne, apr\u00e8s une course de 80 m\u00e8tres, a r\u00e9sist\u00e9 au retour de Colombet (13-18, 61e). En double sup\u00e9riorit\u00e9 num\u00e9rique apr\u00e8s l&rsquo;avertissement re\u00e7u par Munz (70e), la Colombe, incroyablement maladroite dans la zone de marque et toujours inefficace en touche (11 ballons perdus au total), n&rsquo;a jamais su renverser de courageux Proven\u00e7aux.\u00a0Dans une semaine, Colomiers se rendra \u00e0 Biarritz. Le lendemain, Provence Rugby recevra Narbonne.<\/p>\n","protected":false},"excerpt":{"rendered":"En ouverture de la 2e journ\u00e9e du championnat, au stade Michel-Bendichou, Provence Rugby, malgr\u00e9 l&rsquo;expulsion de Ndiaye, a&hellip;\n","protected":false},"author":2,"featured_media":1165914,"comment_status":"","ping_status":"","sticky":false,"template":"","format":"standard","meta":{"footnotes":"","_share_on_mastodon":"0"},"categories":[1416],"tags":[1011,27,2308,479,2115,1468,60],"class_list":["post-1165913","post","type-post","status-publish","format-standard","has-post-thumbnail","category-rugby","tag-fr","tag-france","tag-pro-d2","tag-rugby","tag-rugby-a-xv","tag-rugby-football","tag-sports"],"share_on_mastodon":{"url":"https:\/\/pubeurope.com\/@fr\/117210124386494412","error":""},"_links":{"self":[{"href":"https:\/\/www.europesays.com\/fr\/wp-json\/wp\/v2\/posts\/1165913","targetHints":{"allow":["GET"]}}],"collection":[{"href":"https:\/\/www.europesays.com\/fr\/wp-json\/wp\/v2\/posts"}],"about":[{"href":"https:\/\/www.europesays.com\/fr\/wp-json\/wp\/v2\/types\/post"}],"author":[{"embeddable":true,"href":"https:\/\/www.europesays.com\/fr\/wp-json\/wp\/v2\/users\/2"}],"replies":[{"embeddable":true,"href":"https:\/\/www.europesays.com\/fr\/wp-json\/wp\/v2\/comments?post=1165913"}],"version-history":[{"count":0,"href":"https:\/\/www.europesays.com\/fr\/wp-json\/wp\/v2\/posts\/1165913\/revisions"}],"wp:featuredmedia":[{"embeddable":true,"href":"https:\/\/www.europesays.com\/fr\/wp-json\/wp\/v2\/media\/1165914"}],"wp:attachment":[{"href":"https:\/\/www.europesays.com\/fr\/wp-json\/wp\/v2\/media?parent=1165913"}],"wp:term":[{"taxonomy":"category","embeddable":true,"href":"https:\/\/www.europesays.com\/fr\/wp-json\/wp\/v2\/categories?post=1165913"},{"taxonomy":"post_tag","embeddable":true,"href":"https:\/\/www.europesays.com\/fr\/wp-json\/wp\/v2\/tags?post=1165913"}],"curies":[{"name":"wp","href":"https:\/\/api.w.org\/{rel}","templated":true}]}}