{"id":1165916,"date":"2026-09-04T01:19:16","date_gmt":"2026-09-04T01:19:16","guid":{"rendered":"https:\/\/www.europesays.com\/fr\/1165916\/"},"modified":"2026-09-04T01:19:16","modified_gmt":"2026-09-04T01:19:16","slug":"neriah-meunier-sow-encore-pas-mal-de-choses-a-optimiser-actualite","status":"publish","type":"post","link":"https:\/\/www.europesays.com\/fr\/1165916\/","title":{"rendered":"Neriah Meunier Sow : \u00ab Encore pas mal de choses \u00e0 optimiser \u00bb &#8211; Actualit\u00e9"},"content":{"rendered":"<p><strong>Fin ao\u00fbt, <a href=\"https:\/\/www.directvelo.com\/coureur\/41973\/neriah-meunier-sow\" target=\"_blank\" rel=\"noopener nofollow\">Neriah Meunier Sow<\/a> a d\u00e9couvert le Tour de l\u2019Avenir. C\u2019est avec le maillot de Champion du S\u00e9n\u00e9gal, <a href=\"https:\/\/www.directvelo.com\/actualite\/121911\/neriah-meunier-sow-choisit-le-senegal\" target=\"_blank\" rel=\"noopener nofollow\">sa nationalit\u00e9 sportive depuis l\u2019an dernier<\/a>, que l\u2019H\u00e9raultais de 21 ans a pris le d\u00e9part de l\u2019\u00e9preuve Espoirs o\u00f9 il s\u2019est plut\u00f4t bien comport\u00e9 en montagne. \u00c0 l\u2019image de sa saison qu\u2019il dispute en Espagne, sous les couleurs de l\u2019\u00e9quipe basque Surne Bilbao. Pour DirectVelo, l\u2019ancien coureur du VC La Pomme Marseille et de Martigues SC a fait le point sur son exercice 2026.<\/strong><\/p>\n<p><strong>DirectVelo : Quel bilan as-tu fait du Tour de l\u2019Avenir ?<\/strong> <br \/>Neriah Meunier Sow : C&rsquo;\u00e9tait une super exp\u00e9rience de se confronter \u00e0 des coureurs d&rsquo;un tel niveau. Le d\u00e9but du Tour de l&rsquo;Avenir a \u00e9t\u00e9 un peu compliqu\u00e9. Je n&rsquo;\u00e9tais pas tr\u00e8s bien sur le plat lors des premi\u00e8res \u00e9tapes et j&rsquo;ai perdu \u00e9norm\u00e9ment de temps pour le classement g\u00e9n\u00e9ral. Mais je suis rest\u00e9 motiv\u00e9 pour la montagne. \u00c7a s&rsquo;est tr\u00e8s bien pass\u00e9 sur l\u2019\u00e9tape de l&rsquo;Iseran et j&rsquo;\u00e9tais content, m\u00eame si je ne savais pas trop \u00e0 quoi m&rsquo;attendre sur une \u00e9tape aussi exigeante avec 5 000 m\u00e8tres de d\u00e9nivel\u00e9. Je savais depuis mi-juin que j\u2019allais \u00eatre sur la course avec le Centre Mondial. Je me suis pr\u00e9par\u00e9 sur les courses au Pays basque notamment. J\u2019aurais bien aim\u00e9 aller en altitude, comme l&rsquo;ont fait beaucoup de coureurs pr\u00e9sents sur la course, mais \u00e7a sera peut-\u00eatre pour l\u2019an prochain, j\u2019esp\u00e8re.<\/p>\n<p><strong>Quel est ton profil de coureur ?<\/strong><br \/>Je me d\u00e9couvre un profil plut\u00f4t orient\u00e9 vers la montagne et les courses \u00e0 \u00e9tapes. J\u2019arrive \u00e0 bien encha\u00eener les jours de course. J\u2019ai encore pas mal de choses \u00e0 optimiser, notamment sur l&rsquo;entra\u00eenement et la position sur le v\u00e9lo. Il y a une marge de progression, et je ne me donne pas de limite pour le moment. Puncheur ou grimpeur, on verra ce que \u00e7a donne \u00e0 l\u2019avenir.<\/p>\n<p><strong>CHAMPION DU S\u00c9N\u00c9GAL DEVANT SES PROCHES <\/strong><\/p>\n<p><strong>Comment juges-tu ta saison 2026 ?<\/strong><br \/>Ma saison en Espagne se passe tr\u00e8s bien. C\u2019est un peu sp\u00e9cial de partir de chez soi pour faire toute la saison \u00e0 l\u2019\u00e9tranger. Mais j\u2019ai \u00e9t\u00e9 bien accueilli par mon \u00e9quipe, je suis mis dans de bonnes dispositions. J\u2019apprends l\u2019espagnol, on est oblig\u00e9s l\u00e0-bas comme il y a les oreillettes\u2026 C&rsquo;est un calendrier difficile surtout au Pays basque, avec des mont\u00e9es r\u00e9p\u00e9titives et beaucoup de d\u00e9nivel\u00e9. Ce qui correspond \u00e0 ce que je recherchais. Il me manque encore cette petite victoire malgr\u00e9 plusieurs podiums. J\u2019esp\u00e8re lever les bras avant la fin de saison. <\/p>\n<p><strong>Depuis fin juin, tu es Champion du S\u00e9n\u00e9gal\u2026 Qu\u2019est-ce que \u00e7a repr\u00e9sente <\/strong><strong>pour toi ?<\/strong><br \/>C\u2019est incroyable d\u2019avoir gagn\u00e9 \u00e0 Dakar, avec une belle ambiance. C\u2019\u00e9tait mon premier Championnat du S\u00e9n\u00e9gal. J\u2019ai gagn\u00e9 devant toute la famille. Apr\u00e8s la course, on a pass\u00e9 pr\u00e8s d\u2019une heure \u00e0 faire des photos avec les proches, la coupe et le maillot. Maintenant, c\u2019est vraiment sp\u00e9cial pour moi de prendre le d\u00e9part des courses en Europe avec ce maillot. Ce serait sympa de lever les bras avec !<\/p>\n<p><strong>LE CANADA PUIS LE KENYA<\/strong><\/p>\n<p><strong>\u00c0 quoi va ressembler ta fin de saison ?<\/strong> <br \/>Je vais avoir une belle fin de saison avec le Championnat du Monde au Canada, puis le Championnat d&rsquo;Afrique fin octobre au Kenya. Il faudra un peu de pr\u00e9paration car \u00e7a sera \u00e0 2000 m\u00e8tres d\u2019altitude. La saison est loin d\u2019\u00eatre finie ! Je ferai les comptes en fin de saison pour 2027. Pour le moment, je ne sais pas o\u00f9 je serai. Il me reste une ann\u00e9e en Espoirs, il faut en profiter pour apprendre au maximum. <\/p>\n<p><strong>Pourrais-tu revenir en France ?<\/strong> <br \/>Je ne pense pas. Ce ne sont pas des profils qui me conviennent vraiment mais il y a quand m\u00eame des courses dures comme le Pi\u00e9mont Pyr\u00e9n\u00e9en ou une classique comme Annemasse. Je ne me ferme aucune porte.\u00a0<\/p>\n","protected":false},"excerpt":{"rendered":"Fin ao\u00fbt, Neriah Meunier Sow a d\u00e9couvert le Tour de l\u2019Avenir. C\u2019est avec le maillot de Champion du&hellip;\n","protected":false},"author":2,"featured_media":1165917,"comment_status":"","ping_status":"","sticky":false,"template":"","format":"standard","meta":{"footnotes":"","_share_on_mastodon":"0"},"categories":[1411],"tags":[834,828,836,829,837,827,83,826,824,823,1154,207,814,817,815,816,822,821,832,211,839,1011,27,820,818,819,835,831,830,833,838,60,212,208,825],"class_list":["post-1165916","post","type-post","status-publish","format-standard","has-post-thumbnail","category-cyclisme","tag-attaque","tag-belgique","tag-braquet","tag-bretagne","tag-chute","tag-competition","tag-coupe-de-france","tag-coureur","tag-course-cyclisme","tag-course-cycliste","tag-cycling","tag-cyclisme","tag-direct","tag-direct-velo","tag-directvelo","tag-directvelo-com","tag-epreuve","tag-epreuve-cycliste","tag-federation-francaise-de-cyclisme","tag-ffc","tag-flandres","tag-fr","tag-france","tag-live","tag-live-course","tag-live-epreuve","tag-peloton","tag-radio-peloton","tag-radio-tour","tag-ravitaillement","tag-relance","tag-sports","tag-uci","tag-velo","tag-velos"],"share_on_mastodon":{"url":"https:\/\/pubeurope.com\/@fr\/117210144047043069","error":""},"_links":{"self":[{"href":"https:\/\/www.europesays.com\/fr\/wp-json\/wp\/v2\/posts\/1165916","targetHints":{"allow":["GET"]}}],"collection":[{"href":"https:\/\/www.europesays.com\/fr\/wp-json\/wp\/v2\/posts"}],"about":[{"href":"https:\/\/www.europesays.com\/fr\/wp-json\/wp\/v2\/types\/post"}],"author":[{"embeddable":true,"href":"https:\/\/www.europesays.com\/fr\/wp-json\/wp\/v2\/users\/2"}],"replies":[{"embeddable":true,"href":"https:\/\/www.europesays.com\/fr\/wp-json\/wp\/v2\/comments?post=1165916"}],"version-history":[{"count":0,"href":"https:\/\/www.europesays.com\/fr\/wp-json\/wp\/v2\/posts\/1165916\/revisions"}],"wp:featuredmedia":[{"embeddable":true,"href":"https:\/\/www.europesays.com\/fr\/wp-json\/wp\/v2\/media\/1165917"}],"wp:attachment":[{"href":"https:\/\/www.europesays.com\/fr\/wp-json\/wp\/v2\/media?parent=1165916"}],"wp:term":[{"taxonomy":"category","embeddable":true,"href":"https:\/\/www.europesays.com\/fr\/wp-json\/wp\/v2\/categories?post=1165916"},{"taxonomy":"post_tag","embeddable":true,"href":"https:\/\/www.europesays.com\/fr\/wp-json\/wp\/v2\/tags?post=1165916"}],"curies":[{"name":"wp","href":"https:\/\/api.w.org\/{rel}","templated":true}]}}