{"id":1165926,"date":"2026-09-04T01:26:14","date_gmt":"2026-09-04T01:26:14","guid":{"rendered":"https:\/\/www.europesays.com\/fr\/1165926\/"},"modified":"2026-09-04T01:26:14","modified_gmt":"2026-09-04T01:26:14","slug":"michel-sardou-a-lolympia","status":"publish","type":"post","link":"https:\/\/www.europesays.com\/fr\/1165926\/","title":{"rendered":"Michel Sardou \u00e0 l&rsquo;Olympia"},"content":{"rendered":"<p>                <img loading=\"lazy\" decoding=\"async\" class=\"img_preview_image\" viewbox=\"true\" src=\"https:\/\/www.europesays.com\/fr\/wp-content\/uploads\/2026\/09\/7566847.jpg\" width=\"200\" height=\"155\" alt=\"Michel Sardou \u00e0 l'Olympia\"\/>Dans la salle embl\u00e9matique de L&rsquo;Olympia, Michel Sardou, capt\u00e9 au sommet de sa tourn\u00e9e \u00ab\u00a0Les Grands Moments\u00a0\u00bb. revisite plus de quarante ans de carri\u00e8re \u00e0 travers une s\u00e9lection de ses chansons les plus marquantes. Accompagn\u00e9 de ses musiciens et choristes, il alterne grands succ\u00e8s populaires, titres engag\u00e9s et ballades intimistes, offrant une performance \u00e0 la fois sobre, g\u00e9n\u00e9reuse et pleine d&rsquo;\u00e9motion. De \u00ab\u00a0La Maladie d&rsquo;amour\u00a0\u00bb aux \u00ab\u00a0Lacs du Connemara\u00a0\u00bb, en passant par \u00ab\u00a0Le France\u00a0\u00bb, \u00ab\u00a0En chantant\u00a0\u00bb, \u00ab\u00a0Je vais t&rsquo;aimer\u00a0\u00bb ou \u00ab\u00a0Les Ricains\u00a0\u00bb, ce spectacle c\u00e9l\u00e8bre son r\u00e9pertoire devant un public enthousiaste.            <\/p>\n","protected":false},"excerpt":{"rendered":"Dans la salle embl\u00e9matique de L&rsquo;Olympia, Michel Sardou, capt\u00e9 au sommet de sa tourn\u00e9e \u00ab\u00a0Les Grands Moments\u00a0\u00bb. revisite&hellip;\n","protected":false},"author":2,"featured_media":1165927,"comment_status":"","ping_status":"","sticky":false,"template":"","format":"standard","meta":{"footnotes":"","_share_on_mastodon":"0"},"categories":[1355],"tags":[58,59,1011,27,1361,873,51767],"class_list":["post-1165926","post","type-post","status-publish","format-standard","has-post-thumbnail","category-musique","tag-divertissement","tag-entertainment","tag-fr","tag-france","tag-music","tag-musique","tag-parallaxeinfeed"],"share_on_mastodon":{"url":"https:\/\/pubeurope.com\/@fr\/117210173054840112","error":""},"_links":{"self":[{"href":"https:\/\/www.europesays.com\/fr\/wp-json\/wp\/v2\/posts\/1165926","targetHints":{"allow":["GET"]}}],"collection":[{"href":"https:\/\/www.europesays.com\/fr\/wp-json\/wp\/v2\/posts"}],"about":[{"href":"https:\/\/www.europesays.com\/fr\/wp-json\/wp\/v2\/types\/post"}],"author":[{"embeddable":true,"href":"https:\/\/www.europesays.com\/fr\/wp-json\/wp\/v2\/users\/2"}],"replies":[{"embeddable":true,"href":"https:\/\/www.europesays.com\/fr\/wp-json\/wp\/v2\/comments?post=1165926"}],"version-history":[{"count":0,"href":"https:\/\/www.europesays.com\/fr\/wp-json\/wp\/v2\/posts\/1165926\/revisions"}],"wp:featuredmedia":[{"embeddable":true,"href":"https:\/\/www.europesays.com\/fr\/wp-json\/wp\/v2\/media\/1165927"}],"wp:attachment":[{"href":"https:\/\/www.europesays.com\/fr\/wp-json\/wp\/v2\/media?parent=1165926"}],"wp:term":[{"taxonomy":"category","embeddable":true,"href":"https:\/\/www.europesays.com\/fr\/wp-json\/wp\/v2\/categories?post=1165926"},{"taxonomy":"post_tag","embeddable":true,"href":"https:\/\/www.europesays.com\/fr\/wp-json\/wp\/v2\/tags?post=1165926"}],"curies":[{"name":"wp","href":"https:\/\/api.w.org\/{rel}","templated":true}]}}