{"id":1165940,"date":"2026-09-04T01:33:13","date_gmt":"2026-09-04T01:33:13","guid":{"rendered":"https:\/\/www.europesays.com\/fr\/1165940\/"},"modified":"2026-09-04T01:33:13","modified_gmt":"2026-09-04T01:33:13","slug":"allemagne-un-nouvel-objet-suspect-decouvert-pres-dun-poste-electrique","status":"publish","type":"post","link":"https:\/\/www.europesays.com\/fr\/1165940\/","title":{"rendered":"Allemagne\u00a0: Un nouvel objet suspect d\u00e9couvert pr\u00e8s d\u2019un poste \u00e9lectrique"},"content":{"rendered":"<p>L\u2019inqui\u00e9tude monte autour des <a href=\"https:\/\/www.20minutes.fr\/monde\/4242520-20260903-allemagne-engins-incendiaires-lances-proximite-entreprises-armement-munich\" target=\"_blank\" class=\"c-link c-link--is-underlined\" rel=\"nofollow noopener\">infrastructures \u00e9nerg\u00e9tiques allemandes<\/a>. Jeudi soir, un promeneur a signal\u00e9 la pr\u00e9sence d\u2019un objet suspect au pied d\u2019un poste de transformation \u00e9lectrique \u00e0 Dormagen, dans l\u2019ouest de <a href=\"https:\/\/www.20minutes.fr\/economie\/4236893-20260729-allemagne-coupe-subventions-energies-renouvelables-afin-responsabiliser\" target=\"_blank\" class=\"c-link c-link--is-underlined\" rel=\"nofollow noopener\">l\u2019Allemagne<\/a>. L\u2019objet a \u00e9t\u00e9 s\u00e9curis\u00e9 par les autorit\u00e9s et n\u2019a provoqu\u00e9 aucun d\u00e9g\u00e2t.<\/p>\n<p>La police pr\u00e9cise qu\u2019il est encore trop t\u00f4t pour d\u00e9terminer sa capacit\u00e9 de nuisance. Mais cette d\u00e9couverte intervient dans un contexte particuli\u00e8rement sensible, marqu\u00e9 par plusieurs incidents r\u00e9cents touchant des <a href=\"https:\/\/www.20minutes.fr\/dossier\/allemagne\" target=\"_blank\" class=\"c-link c-link--is-underlined\" rel=\"nofollow noopener\">installations \u00e9lectriques<\/a>.<\/p>\n<\/p>\n<p>Des incidents qui intriguent les enqu\u00eateurs<\/p>\n<p>Mardi, une enqu\u00eate antiterroriste a \u00e9t\u00e9 ouverte apr\u00e8s une attaque pr\u00e9sum\u00e9e contre un site de distribution d\u2019\u00e9lectricit\u00e9 \u00e0 J\u00e4nschwalde, pr\u00e8s de la fronti\u00e8re polonaise. Des explosifs artisanaux auraient \u00e9t\u00e9 tir\u00e9s sur cette infrastructure li\u00e9e \u00e0 une centrale au charbon. Un second incident a ensuite \u00e9t\u00e9 signal\u00e9 \u00e0 Bergheim, dans l\u2019ouest du pays. Des inconnus y auraient provoqu\u00e9 volontairement un court-circuit en s\u2019en prenant \u00e0 des c\u00e2bles a\u00e9riens d\u2019un poste \u00e9lectrique exploit\u00e9 par Amprion. Les sites de Bergheim et de Dormagen se trouvent \u00e0 une quinzaine de kilom\u00e8tres l\u2019un de l\u2019autre.<\/p>\n<p>Les autorit\u00e9s examinent d\u00e9sormais la possibilit\u00e9 d\u2019un lien entre les diff\u00e9rents incidents. Le ministre de l\u2019Int\u00e9rieur de Rh\u00e9nanie-du-Nord-Westphalie, Herbert Reul, a confirm\u00e9 que cette piste \u00e9tait \u00e9tudi\u00e9e. Le directeur de la police criminelle de Cologne a \u00e9galement \u00e9voqu\u00e9 la pr\u00e9sence d\u2019\u00ab\u00a0indices comparables\u00a0\u00bb entre les affaires de Bergheim et de J\u00e4nschwalde. D\u2019apr\u00e8s lui, des dispositifs pyrotechniques semblent avoir \u00e9t\u00e9 utilis\u00e9s sur les deux sites.<\/p>\n<p>Aucune de ces attaques n\u2019a provoqu\u00e9 de coupure de courant de grande ampleur, m\u00eame si le fonctionnement de centrales voisines a \u00e9t\u00e9 perturb\u00e9. Ces derniers mois, l\u2019Allemagne a d\u00e9j\u00e0 \u00e9t\u00e9 confront\u00e9e \u00e0 plusieurs attaques contre ses infrastructures \u00e9nerg\u00e9tiques. Certaines ont \u00e9t\u00e9 revendiqu\u00e9es par des militants d\u2019extr\u00eame gauche, tandis que Berlin accuse r\u00e9guli\u00e8rement Moscou de pr\u00e9parer des op\u00e9rations de sabotage sur son territoire, ce que le Kremlin d\u00e9ment.<\/p>\n","protected":false},"excerpt":{"rendered":"L\u2019inqui\u00e9tude monte autour des infrastructures \u00e9nerg\u00e9tiques allemandes. Jeudi soir, un promeneur a signal\u00e9 la pr\u00e9sence d\u2019un objet suspect&hellip;\n","protected":false},"author":2,"featured_media":1165941,"comment_status":"","ping_status":"","sticky":false,"template":"","format":"standard","meta":{"footnotes":"","_share_on_mastodon":"0"},"categories":[5],"tags":[47,11,672,893,118,1011,27,14,74,12,28],"class_list":["post-1165940","post","type-post","status-publish","format-standard","has-post-thumbnail","category-international","tag-actualite","tag-actualites","tag-allemagne","tag-energie","tag-faits-divers","tag-fr","tag-france","tag-international","tag-monde","tag-news","tag-world"],"share_on_mastodon":{"url":"https:\/\/pubeurope.com\/@fr\/117210199071666401","error":""},"_links":{"self":[{"href":"https:\/\/www.europesays.com\/fr\/wp-json\/wp\/v2\/posts\/1165940","targetHints":{"allow":["GET"]}}],"collection":[{"href":"https:\/\/www.europesays.com\/fr\/wp-json\/wp\/v2\/posts"}],"about":[{"href":"https:\/\/www.europesays.com\/fr\/wp-json\/wp\/v2\/types\/post"}],"author":[{"embeddable":true,"href":"https:\/\/www.europesays.com\/fr\/wp-json\/wp\/v2\/users\/2"}],"replies":[{"embeddable":true,"href":"https:\/\/www.europesays.com\/fr\/wp-json\/wp\/v2\/comments?post=1165940"}],"version-history":[{"count":0,"href":"https:\/\/www.europesays.com\/fr\/wp-json\/wp\/v2\/posts\/1165940\/revisions"}],"wp:featuredmedia":[{"embeddable":true,"href":"https:\/\/www.europesays.com\/fr\/wp-json\/wp\/v2\/media\/1165941"}],"wp:attachment":[{"href":"https:\/\/www.europesays.com\/fr\/wp-json\/wp\/v2\/media?parent=1165940"}],"wp:term":[{"taxonomy":"category","embeddable":true,"href":"https:\/\/www.europesays.com\/fr\/wp-json\/wp\/v2\/categories?post=1165940"},{"taxonomy":"post_tag","embeddable":true,"href":"https:\/\/www.europesays.com\/fr\/wp-json\/wp\/v2\/tags?post=1165940"}],"curies":[{"name":"wp","href":"https:\/\/api.w.org\/{rel}","templated":true}]}}