{"id":1165969,"date":"2026-09-04T01:56:35","date_gmt":"2026-09-04T01:56:35","guid":{"rendered":"https:\/\/www.europesays.com\/fr\/1165969\/"},"modified":"2026-09-04T01:56:35","modified_gmt":"2026-09-04T01:56:35","slug":"incendie-criminel-du-bowling-dalma-a-rennes-lenquete-classee-sans-suite-faute","status":"publish","type":"post","link":"https:\/\/www.europesays.com\/fr\/1165969\/","title":{"rendered":"Incendie criminel du bowling d\u2019Alma \u00e0 Rennes\u00a0: l\u2019enqu\u00eate class\u00e9e sans suite, faute"},"content":{"rendered":"<tr wp_automatic_readability=\"6.8870967741935\">\n<td valign=\"middle\" align=\"center\" class=\"col-logo\" wp_automatic_readability=\"5\">\n    <img decoding=\"async\" src=\"https:\/\/www.maville.com\/design\/images\/logo-of-monetise.svg?version=20130627\" alt=\"logo Ouest-France\" height=\"66\" loading=\"lazy\"\/><\/p>\n<p>Contenu r\u00e9serv\u00e9 aux abonn\u00e9s<\/p>\n<\/td>\n<td class=\"col-titre\">\n\t\t\tJeudi 03 septembre 2026 21:09<br \/>\n\t\t\t<a class=\"icon-bulle sizeL count\" href=\"#ancreAvis\"><br \/>\n\t&#8230;<br \/>\n<\/a><\/td>\n<\/tr>\n<p>\t\t<a class=\"mavillebox2 elmt-photo\" href=\"https:\/\/www.maville.com\/photosmvi\/2026\/09\/03\/P36108987D7463175G.jpg\" title=\" Le 20\u00a0janvier 2025, le bowling d\u2019Alma, \u00e0 Rennes\u00a0(Ille-et-Vilaine), \u00e9tait frapp\u00e9 par un incendie de grande ampleur.  \u00a9  Ouest-France  \" rel=\"galerie_actu nofollow noopener\" target=\"_blank\"><br \/>\n\t<img decoding=\"async\" src=\"https:\/\/www.europesays.com\/fr\/wp-content\/uploads\/2026\/09\/P36108987D7463175G_crop_640-330_.jpg\" alt=\"photo  le 20\u00a0janvier 2025, le bowling d\u2019alma, \u00e0 rennes\u00a0(ille-et-vilaine), \u00e9tait frapp\u00e9 par un incendie de grande ampleur.  \u00a9  ouest-france \" loading=\"lazy\"\/><br \/>\n\t2<br \/>\n<\/a><\/p>\n<p class=\"elmt-legende\"> Le 20\u00a0janvier 2025, le bowling d\u2019Alma, \u00e0 Rennes\u00a0(Ille-et-Vilaine), \u00e9tait frapp\u00e9 par un incendie de grande ampleur.  \u00a9  Ouest-France  <\/p>\n<p><a class=\"mavillebox2\" href=\"https:\/\/www.maville.com\/photosmvi\/2026\/09\/03\/P36108988D7463175G.jpg\" title=\"L\u2019incendie avait mobilis\u00e9 les pompiers pendant 38\u00a0heures. \u00a9  Sdis 35 \" rel=\"galerie_actu nofollow noopener\" target=\"_blank\"><\/p>\n<p>\t\tLa justice a d\u00e9cid\u00e9 de classer sans suite l\u2019enqu\u00eate sur l\u2019incendie criminel qui avait ravag\u00e9 le bowling du centre Alma \u00e0 Rennes\u00a0(Ille-et-Vilaine). Malgr\u00e9 les investigations, les enqu\u00eateurs n\u2019ont pas r\u00e9ussi \u00e0 identifier les auteurs de ces faits.<\/p>\n<p><b>Cet article est r\u00e9serv\u00e9 aux abonn\u00e9s<\/b><\/p>\n<p>Pour un acc\u00e8s imm\u00e9diat, abonnez-vous<\/p>\n<p><b>1er mois \u00e0 1\u20ac<\/b><\/p>\n<p>\t\t \u00c9milie Chassevant \u00a0\u00a0<br \/>\n\t\tOuest-France<\/p>\n<p>Retrouvez d&rsquo;autres actus sur la commune de :<\/p>\n","protected":false},"excerpt":{"rendered":"Contenu r\u00e9serv\u00e9 aux abonn\u00e9s Jeudi 03 septembre 2026 21:09 &#8230; 2 Le 20\u00a0janvier 2025, le bowling d\u2019Alma, \u00e0&hellip;\n","protected":false},"author":2,"featured_media":1165970,"comment_status":"","ping_status":"","sticky":false,"template":"","format":"standard","meta":{"footnotes":"","_share_on_mastodon":"0"},"categories":[2821],"tags":[1111,11,24105,1438,711,42373,829,44827,33526,1067,1777,674,28962,1011,27,23457,1310,12,584,25,5104],"class_list":["post-1165969","post","type-post","status-publish","format-standard","has-post-thumbnail","category-rennes","tag-actu","tag-actualites","tag-alma","tag-angers","tag-auteurs","tag-bowling","tag-bretagne","tag-classee","tag-criminel","tag-enquete","tag-eu","tag-europe","tag-faute","tag-fr","tag-france","tag-identification","tag-incendie","tag-news","tag-rennes","tag-republique-francaise","tag-suite"],"share_on_mastodon":{"url":"https:\/\/pubeurope.com\/@fr\/117210291445152118","error":""},"_links":{"self":[{"href":"https:\/\/www.europesays.com\/fr\/wp-json\/wp\/v2\/posts\/1165969","targetHints":{"allow":["GET"]}}],"collection":[{"href":"https:\/\/www.europesays.com\/fr\/wp-json\/wp\/v2\/posts"}],"about":[{"href":"https:\/\/www.europesays.com\/fr\/wp-json\/wp\/v2\/types\/post"}],"author":[{"embeddable":true,"href":"https:\/\/www.europesays.com\/fr\/wp-json\/wp\/v2\/users\/2"}],"replies":[{"embeddable":true,"href":"https:\/\/www.europesays.com\/fr\/wp-json\/wp\/v2\/comments?post=1165969"}],"version-history":[{"count":0,"href":"https:\/\/www.europesays.com\/fr\/wp-json\/wp\/v2\/posts\/1165969\/revisions"}],"wp:featuredmedia":[{"embeddable":true,"href":"https:\/\/www.europesays.com\/fr\/wp-json\/wp\/v2\/media\/1165970"}],"wp:attachment":[{"href":"https:\/\/www.europesays.com\/fr\/wp-json\/wp\/v2\/media?parent=1165969"}],"wp:term":[{"taxonomy":"category","embeddable":true,"href":"https:\/\/www.europesays.com\/fr\/wp-json\/wp\/v2\/categories?post=1165969"},{"taxonomy":"post_tag","embeddable":true,"href":"https:\/\/www.europesays.com\/fr\/wp-json\/wp\/v2\/tags?post=1165969"}],"curies":[{"name":"wp","href":"https:\/\/api.w.org\/{rel}","templated":true}]}}