{"id":1165979,"date":"2026-09-04T02:03:23","date_gmt":"2026-09-04T02:03:23","guid":{"rendered":"https:\/\/www.europesays.com\/fr\/1165979\/"},"modified":"2026-09-04T02:03:23","modified_gmt":"2026-09-04T02:03:23","slug":"on-est-treize-dans-la-classe-apres-une-annee-cauchemar-une-rentree-apaisee-dans-cette-ecole-pres-de-nantes","status":"publish","type":"post","link":"https:\/\/www.europesays.com\/fr\/1165979\/","title":{"rendered":"\u00ab\u00a0On est treize\u00a0dans la classe\u00a0\u00bb\u00a0: apr\u00e8s une ann\u00e9e cauchemar, une rentr\u00e9e apais\u00e9e dans cette \u00e9cole pr\u00e8s de Nantes"},"content":{"rendered":"<p data-ofstats-scroll=\"read_depth_20\">Deux fillettes scolaris\u00e9es en CM2 arrivent tout sourire \u00e0 l\u2019\u00e9cole, ce mardi 1er\u00a0septembre 2026. Cette ann\u00e9e, on est treize\u00a0dans la classe, explique l\u2019une d\u2019elles, et c\u2019est super. Cette petite \u00e9cole d\u2019Orvault\u00a0(Loire-Atlantique), nich\u00e9e dans le quartier r\u00e9sidentiel du Bois Saint-Louis, \u00e0 deux pas des immeubles, refl\u00e8te une mixit\u00e9 sociale harmonieuse.<\/p>\n<p data-ofstats-scroll=\"read_depth_20\"><strong>Lire aussi\u00a0:<\/strong> <a href=\"https:\/\/www.ouest-france.fr\/education\/jetais-heureux-detre-devant-les-eleves-pres-de-nantes-le-maire-troque-son-echarpe-pour-la-craie-d128c34a-a6e5-11f1-95a1-d7cb1b3759ac\" rel=\"nofollow noopener\" target=\"_blank\">\u00ab\u00a0J\u2019\u00e9tais heureux d\u2019\u00eatre devant les \u00e9l\u00e8ves\u00a0\u00bb\u00a0: pr\u00e8s de Nantes, le maire troque son \u00e9charpe pour la craie<\/a><\/p>\n<p data-ofstats-scroll=\"read_depth_30\"><a href=\"https:\/\/www.ouest-france.fr\/pays-de-la-loire\/bouaye-44830\/le-lycee-sera-mort-au-sud-de-nantes-les-enseignants-se-mettent-en-greve-jusqua-la-fin-de-la-semaine-a54f209a-a6c0-11f1-8a27-1e0c4eb5e395\" rel=\"nofollow noopener\" target=\"_blank\">Au premier abord, loin du tumulte et des tracas habituels de la rentr\u00e9e.<\/a> C\u00e9line Durmus, la nouvelle directrice, accueille les familles \u00e0 la porte de l\u2019\u00e9tablissement. Tout va bien, dit-elle. De petits effectifs, une moyenne de 13,5 \u00e9l\u00e8ves par classe, c\u2019est l\u2019id\u00e9al pour travailler.<\/p>\n<p>        \u00ab\u00a0Une \u00e9cole laiss\u00e9e \u00e0 l\u2019abandon\u00a0\u00bb<\/p>\n<p data-ofstats-scroll=\"read_depth_40\">Une situation hors norme, \u00e0 l\u2019oppos\u00e9 des probl\u00e8mes <a href=\"https:\/\/www.ouest-france.fr\/education\/la-violence-est-quotidienne-pres-de-nantes-une-ecole-au-bord-de-la-rupture-appelle-a-laide-36509caa-aacc-11f0-87b6-e1f65f9eda2b\" rel=\"nofollow noopener\" target=\"_blank\">rapport\u00e9s, l\u2019an pass\u00e9, par Ouest-France, le 17\u00a0octobre. Bagarres, insultes, harc\u00e8lement quotidien\u2026<\/a> L\u2019\u00e9cole \u00e9tait au bord de la rupture. Devant l\u2019\u00e9puisement des enseignants, souvent absents et remplac\u00e9s, impuissants \u00e0 ramener calme et s\u00e9r\u00e9nit\u00e9 dans l\u2019\u00e9cole, les parents d\u2019\u00e9l\u00e8ves d\u00e9non\u00e7aient une \u00e9cole laiss\u00e9e \u00e0 l\u2019abandon\u00a0\u00bb.<\/p>\n<p data-ofstats-scroll=\"read_depth_50\">Pourtant, les \u00e9lus et la communaut\u00e9 \u00e9ducative se mobilisaient pour obtenir des moyens de l\u2019\u00c9ducation nationale, comme une d\u00e9charge totale de la direction et un psychologue. Des moyens qui tardent, car l\u2019\u00e9cole, malgr\u00e9 ses difficult\u00e9s, n\u2019est pas class\u00e9e en zone prioritaire. Contrairement \u00e0 <a href=\"https:\/\/www.ouest-france.fr\/pays-de-la-loire\/orvault-44700\/orvault-ecole-la-ferriere-ils-retirent-leurs-enfants-6323891\" rel=\"nofollow noopener\" target=\"_blank\">l\u2019\u00e9cole de La Ferri\u00e8re<\/a>, \u00e0 deux pas d\u2019ici.<\/p>\n<p>        H\u00e9morragie des effectifs<\/p>\n<p data-ofstats-scroll=\"read_depth_70\">En cette rentr\u00e9e, la situation semble s\u2019\u00eatre r\u00e9gl\u00e9e d\u2019elle-m\u00eame apr\u00e8s une h\u00e9morragie des effectifs\u00a0: 95\u00a0enfants scolaris\u00e9s cette ann\u00e9e en \u00e9l\u00e9mentaire au Bois Saint-Louis, contre 145\u00a0l\u2019an dernier. Cependant l\u2019\u00c9ducation nationale a maintenu le nombre initial d\u2019enseignants\u00a0\u00bb, se f\u00e9licite Jean-Claude Leboss\u00e9, d\u00e9l\u00e9gu\u00e9 d\u00e9partemental de l\u2019\u00c9ducation nationale.<\/p>\n<p data-ofstats-scroll=\"read_depth_80\">La <a href=\"https:\/\/www.ouest-france.fr\/pays-de-la-loire\/orvault-44700\/lecole-simone-veil-a-orvault-en-loire-atlantique-ouvre-ses-portes-a-la-rentree-7187174c-a399-11f1-9a23-2458a7833d0a\" rel=\"nofollow noopener\" target=\"_blank\">nouvelle \u00e9cole Simone-Veil, dans le quartier de la Praudi\u00e8re,<\/a> a attir\u00e9 quelques familles, soucieuses de prot\u00e9ger leurs enfants d\u2019un climat anxiog\u00e8ne ou peut-\u00eatre s\u00e9duites par des b\u00e2timents neufs et bioclimatiques. La carte scolaire est redessin\u00e9e avec l\u2019arriv\u00e9e de cette nouvelle \u00e9cole. Nous esp\u00e9rons que ce ne sera pas au d\u00e9triment de la mixit\u00e9 de l\u2019\u00e9cole du Bois Saint-Louis\u00a0\u00bb, pr\u00e9vient le d\u00e9l\u00e9gu\u00e9 d\u00e9partemental.<\/p>\n<p data-ofstats-scroll=\"read_depth_100\">Quoi qu\u2019il en soit, chacun go\u00fbte cette rentr\u00e9e apais\u00e9e. Avec une nouvelle directrice exp\u00e9riment\u00e9e, une \u00e9quipe enseignante motiv\u00e9e et un p\u00e9riscolaire toujours tr\u00e8s impliqu\u00e9, l\u2019ann\u00e9e est pleine d\u2019espoir\u00a0! se r\u00e9jouit Sandrine Fouill\u00e9, adjointe \u00e0 l\u2019\u00c9ducation et au bien grandir. Un espoir partag\u00e9 par les enfants et leurs parents, qui ont \u00e9crit dans toutes les langues sur un grand panneau plac\u00e9 \u00e0 l\u2019entr\u00e9e \u00ab\u00a0Soyez les bienvenus \u00e0 l\u2019\u00e9cole\u00a0\u00bb.<\/p>\n","protected":false},"excerpt":{"rendered":"Deux fillettes scolaris\u00e9es en CM2 arrivent tout sourire \u00e0 l\u2019\u00e9cole, ce mardi 1er\u00a0septembre 2026. Cette ann\u00e9e, on est&hellip;\n","protected":false},"author":2,"featured_media":1165980,"comment_status":"","ping_status":"","sticky":false,"template":"","format":"standard","meta":{"footnotes":"","_share_on_mastodon":"0"},"categories":[2818],"tags":[1111,11,1777,674,1011,27,3047,766,12,4151,2636,10918,25,4286],"class_list":["post-1165979","post","type-post","status-publish","format-standard","has-post-thumbnail","category-nantes","tag-actu","tag-actualites","tag-eu","tag-europe","tag-fr","tag-france","tag-loire-atlantique","tag-nantes","tag-news","tag-orvault","tag-pays-de-la-loire","tag-rentree-scolaire","tag-republique-francaise","tag-saint-herblain"],"share_on_mastodon":{"url":"https:\/\/pubeurope.com\/@fr\/117210317217134735","error":""},"_links":{"self":[{"href":"https:\/\/www.europesays.com\/fr\/wp-json\/wp\/v2\/posts\/1165979","targetHints":{"allow":["GET"]}}],"collection":[{"href":"https:\/\/www.europesays.com\/fr\/wp-json\/wp\/v2\/posts"}],"about":[{"href":"https:\/\/www.europesays.com\/fr\/wp-json\/wp\/v2\/types\/post"}],"author":[{"embeddable":true,"href":"https:\/\/www.europesays.com\/fr\/wp-json\/wp\/v2\/users\/2"}],"replies":[{"embeddable":true,"href":"https:\/\/www.europesays.com\/fr\/wp-json\/wp\/v2\/comments?post=1165979"}],"version-history":[{"count":0,"href":"https:\/\/www.europesays.com\/fr\/wp-json\/wp\/v2\/posts\/1165979\/revisions"}],"wp:featuredmedia":[{"embeddable":true,"href":"https:\/\/www.europesays.com\/fr\/wp-json\/wp\/v2\/media\/1165980"}],"wp:attachment":[{"href":"https:\/\/www.europesays.com\/fr\/wp-json\/wp\/v2\/media?parent=1165979"}],"wp:term":[{"taxonomy":"category","embeddable":true,"href":"https:\/\/www.europesays.com\/fr\/wp-json\/wp\/v2\/categories?post=1165979"},{"taxonomy":"post_tag","embeddable":true,"href":"https:\/\/www.europesays.com\/fr\/wp-json\/wp\/v2\/tags?post=1165979"}],"curies":[{"name":"wp","href":"https:\/\/api.w.org\/{rel}","templated":true}]}}