{"id":1166004,"date":"2026-09-04T02:19:39","date_gmt":"2026-09-04T02:19:39","guid":{"rendered":"https:\/\/www.europesays.com\/fr\/1166004\/"},"modified":"2026-09-04T02:19:39","modified_gmt":"2026-09-04T02:19:39","slug":"les-pompiers-vont-investir-ce-chantier-du-grand-paris-express-une-operation-inhabituelle-se-prepare","status":"publish","type":"post","link":"https:\/\/www.europesays.com\/fr\/1166004\/","title":{"rendered":"Les pompiers vont investir ce chantier du Grand Paris Express : une op\u00e9ration inhabituelle se pr\u00e9pare"},"content":{"rendered":"<p>                    Par<br \/>\n        <strong><br \/>\n            <a href=\"https:\/\/actu.fr\/auteur\/thomas-martin\" title=\"Consulter tous les articles de Thomas Martin\" rel=\"nofollow noopener\" target=\"_blank\">Thomas Martin<\/a><br \/>\n                    <\/strong><\/p>\n<p>        Publi\u00e9 le<\/p>\n<p>            3 sept. 2026 \u00e0 6h37        <\/p>\n<p>Les habitants de Nanterre et de Courbevoie (Hauts-de-Seine) pourraient remarquer une agitation inhabituelle aux abords d\u2019un immense chantier du <a href=\"https:\/\/actu.fr\/tag\/grand-paris-express\" rel=\"nofollow noopener\" target=\"_blank\">Grand Paris Express<\/a>. Ce jeudi 3 septembre 2026, d\u2019importants moyens de la Brigade de sapeurs-pompiers de Paris (<a href=\"https:\/\/actu.fr\/tag\/brigade-de-sapeurs-pompiers-de-paris\" rel=\"nofollow noopener\" target=\"_blank\">BSPP<\/a>) doivent \u00eatre mobilis\u00e9s sur le site de la future gare Nanterre-La Folie.<\/p>\n<p class=\" wall-content\">Pas d\u2019inqui\u00e9tude cependant : aucun v\u00e9ritable incendie n\u2019est annonc\u00e9. Les pompiers participeront \u00e0 un exercice de s\u00e9curit\u00e9 de grande ampleur organis\u00e9 avec la Soci\u00e9t\u00e9 des grands projets (SGP), a annonc\u00e9 la ville de Courbevoie mercredi 2 septembre.<\/p>\n<p>Un incendie simul\u00e9 derri\u00e8re un tunnelier<\/p>\n<p class=\" wall-content\">Et le sc\u00e9nario choisi est particuli\u00e8rement pouss\u00e9. L\u2019exercice doit simuler un incendie en souterrain, \u00e0 l\u2019arri\u00e8re du tunnelier Yand\u00e9, actuellement \u00e0 l\u2019\u0153uvre sur la ligne 15 Ouest.<\/p>\n<p class=\" wall-content\">Le sc\u00e9nario pr\u00e9voit le d\u00e9part d\u2019un feu sur un groupe \u00e9lectrog\u00e8ne ainsi que l\u2019impossibilit\u00e9, toujours fictive, pour le personnel pr\u00e9sent dans la machine d\u2019\u00e9vacuer les lieux. L\u2019objectif est de tester l\u2019intervention des secours dans les conditions tr\u00e8s particuli\u00e8res d\u2019un chantier souterrain.<\/p>\n<p class=\" wall-content\">L\u2019op\u00e9ration est programm\u00e9e dans la journ\u00e9e du jeudi 3 septembre, dans l\u2019emprise de la future gare Nanterre-La Folie.<\/p>\n<p>D\u2019importants moyens visibles depuis l\u2019ext\u00e9rieur<\/p>\n<p class=\" wall-content\">L\u2019exercice ne devrait d\u2019ailleurs pas passer totalement inaper\u00e7u. La municipalit\u00e9 de Courbevoie pr\u00e9vient que \u00ab d\u2019importants moyens \u00bb de la BSPP seront mobilis\u00e9s et pourront \u00eatre aper\u00e7us depuis les abords du chantier, aussi bien \u00e0 Nanterre qu\u2019\u00e0 Courbevoie.<\/p>\n<p class=\" wall-content\">Une pr\u00e9cision qui permet surtout d\u2019\u00e9viter une fausse alerte : la pr\u00e9sence de nombreux v\u00e9hicules et pompiers autour de Nanterre-La Folie ce jeudi ne signifiera donc pas n\u00e9cessairement qu\u2019un accident vient de se produire.<\/p>\n<p class=\" wall-content\">Ces exercices men\u00e9s conjointement par la Soci\u00e9t\u00e9 des grands projets et les pompiers doivent permettre de tester la s\u00e9curisation des travaux r\u00e9alis\u00e9s en souterrain et les interventions autour des tunneliers.<\/p>\n<p>Une gare \u00e0 27 m\u00e8tres sous terre<\/p>\n<p class=\" wall-content\">Le lieu choisi n\u2019est pas anodin. La future gare Nanterre-La Folie constitue l\u2019un des grands chantiers de la ligne 15 Ouest du Grand Paris Express. Elle est construite dans le quartier des Groues, \u00e0 proximit\u00e9 imm\u00e9diate de la gare du RER E.<\/p>\n<p class=\" wall-content\">Ses futurs quais seront situ\u00e9s \u00e0 27 m\u00e8tres de profondeur. Les travaux de g\u00e9nie civil ont commenc\u00e9 en 2024. Apr\u00e8s la r\u00e9alisation des parois moul\u00e9es de la gare et du puits de d\u00e9part du tunnelier, le chantier est d\u00e9sormais entr\u00e9 dans la phase de creusement de l\u2019enceinte de la future station.<\/p>\n<p class=\" wall-content\">\u00c0 terme, Nanterre-La Folie doit devenir un important p\u00f4le de correspondance de l\u2019ouest parisien : les voyageurs de la ligne 15 pourront notamment y rejoindre le RER E.<\/p>\n<p class=\" wall-content\">Personnalisez votre actualit\u00e9 en ajoutant vos villes et m\u00e9dias en favori avec <a href=\"https:\/\/moncompte.actu.fr\" title=\"D\u00e9couvez Mon Actu\" rel=\"nofollow noopener\" data-trk=\"{&quot;cta&quot;:{&quot;action&quot;:&quot;https:\\\/\\\/moncompte.actu.fr&quot;,&quot;category&quot;:&quot;mon compte&quot;,&quot;from&quot;:&quot;article footer&quot;,&quot;name&quot;:&quot;Mon actu&quot;,&quot;type&quot;:&quot;cta&quot;}}\" target=\"_blank\">Mon Actu<\/a>.<\/p>\n","protected":false},"excerpt":{"rendered":"Par Thomas Martin Publi\u00e9 le 3 sept. 2026 \u00e0 6h37 Les habitants de Nanterre et de Courbevoie (Hauts-de-Seine)&hellip;\n","protected":false},"author":2,"featured_media":1166005,"comment_status":"","ping_status":"","sticky":false,"template":"","format":"standard","meta":{"footnotes":"","_share_on_mastodon":"0"},"categories":[1888],"tags":[1111,1928,11,1927,3056,1777,674,1011,27,12284,1310,12,1926,626,1925,25,104],"class_list":["post-1166004","post","type-post","status-publish","format-standard","has-post-thumbnail","category-paris","tag-actu","tag-actu-paris","tag-actualites","tag-actualites-paris","tag-brigade-de-sapeurs-pompiers-de-paris","tag-eu","tag-europe","tag-fr","tag-france","tag-grand-paris-express","tag-incendie","tag-news","tag-news-paris","tag-paris","tag-paris-news","tag-republique-francaise","tag-societe"],"share_on_mastodon":{"url":"https:\/\/pubeurope.com\/@fr\/117210379868264399","error":""},"_links":{"self":[{"href":"https:\/\/www.europesays.com\/fr\/wp-json\/wp\/v2\/posts\/1166004","targetHints":{"allow":["GET"]}}],"collection":[{"href":"https:\/\/www.europesays.com\/fr\/wp-json\/wp\/v2\/posts"}],"about":[{"href":"https:\/\/www.europesays.com\/fr\/wp-json\/wp\/v2\/types\/post"}],"author":[{"embeddable":true,"href":"https:\/\/www.europesays.com\/fr\/wp-json\/wp\/v2\/users\/2"}],"replies":[{"embeddable":true,"href":"https:\/\/www.europesays.com\/fr\/wp-json\/wp\/v2\/comments?post=1166004"}],"version-history":[{"count":0,"href":"https:\/\/www.europesays.com\/fr\/wp-json\/wp\/v2\/posts\/1166004\/revisions"}],"wp:featuredmedia":[{"embeddable":true,"href":"https:\/\/www.europesays.com\/fr\/wp-json\/wp\/v2\/media\/1166005"}],"wp:attachment":[{"href":"https:\/\/www.europesays.com\/fr\/wp-json\/wp\/v2\/media?parent=1166004"}],"wp:term":[{"taxonomy":"category","embeddable":true,"href":"https:\/\/www.europesays.com\/fr\/wp-json\/wp\/v2\/categories?post=1166004"},{"taxonomy":"post_tag","embeddable":true,"href":"https:\/\/www.europesays.com\/fr\/wp-json\/wp\/v2\/tags?post=1166004"}],"curies":[{"name":"wp","href":"https:\/\/api.w.org\/{rel}","templated":true}]}}