{"id":1166014,"date":"2026-09-04T02:26:44","date_gmt":"2026-09-04T02:26:44","guid":{"rendered":"https:\/\/www.europesays.com\/fr\/1166014\/"},"modified":"2026-09-04T02:26:44","modified_gmt":"2026-09-04T02:26:44","slug":"guerre-en-ukraine-poutine-nie-preparer-une-mobilisation-militaire-en-russie-et-berlin-nid-despions-2","status":"publish","type":"post","link":"https:\/\/www.europesays.com\/fr\/1166014\/","title":{"rendered":"Guerre en Ukraine\u00a0: Poutine nie pr\u00e9parer une mobilisation militaire en Russie et Berlin, nid d\u2019espions"},"content":{"rendered":"<p>Vous avez rat\u00e9 les derniers \u00e9v\u00e9nements sur la <a href=\"https:\/\/www.20minutes.fr\/monde\/ukraine\/\" class=\"c-link c-link--is-underlined\" rel=\"nofollow noopener\" target=\"_blank\">guerre en Ukraine<\/a>\u00a0? 20 Minutes fait le point pour vous tous les soirs. Voici l\u2019essentiel de ce jeudi 3\u00a0septembre 2026, au 1.653e jour du conflit.<\/p>\n<p>Le fait du jour<\/p>\n<p>Non, la Russie ne pr\u00e9voit pas une grande campagne de mobilisation militaire pour porter l\u2019estocade \u00e0 l\u2019Ukraine. C\u2019est du moins ce qu\u2019a affirm\u00e9 <a href=\"https:\/\/www.20minutes.fr\/monde\/vladimir_poutine\/\" class=\"c-link c-link--is-underlined\" rel=\"nofollow noopener\" target=\"_blank\">Vladimir Poutine<\/a>, lors d\u2019une intervention au Forum \u00e9conomique oriental (EEF) \u00e0 Vladivostok. \u00ab\u00a0A ce jour, il n\u2019existe aucun sc\u00e9nario qui n\u00e9cessiterait une mobilisation\u00a0\u00bb, a ass\u00e9n\u00e9 le ma\u00eetre du Kremlin, affirmant que les forces russes ne souffrent aucunement de probl\u00e8mes de recrutement.<\/p>\n<p>En juillet pourtant, <a href=\"https:\/\/www.20minutes.fr\/monde\/volodymyr-zelensky\/\" class=\"c-link c-link--is-underlined\" rel=\"nofollow noopener\" target=\"_blank\">Volodymyr Zelensky<\/a> affirmait avoir re\u00e7u des \u00ab\u00a0informations claires\u00a0\u00bb de ses services de renseignement, affirmant que la Russie pr\u00e9parait \u00ab\u00a0pour l\u2019automne une nouvelle vague de mobilisation\u00a0\u00bb. \u00ab\u00a0C\u2019est une attaque informationnelle de la part de l\u2019ennemi \u00e0 la veille des \u00e9lections \u00e0 la Douma, avec une tentative d\u2019influer sur leur r\u00e9sultat\u00a0\u00bb, a coup\u00e9 court Vladimir Poutine, en faisant allusion aux \u00e9lections l\u00e9gislatives pr\u00e9vues du 18 au 20\u00a0septembre.<\/p>\n<p>Le chiffre du jour<\/p>\n<p>4,22\u00a0milliards de dollars. Le montant que r\u00e9clame groupe \u00e9nerg\u00e9tique public ukrainien Naftogaz \u00e0 la Russie en d\u00e9dommagement d\u2019actifs saisis lors de l\u2019annexion de la Crim\u00e9e en\u00a02014. C\u2019est en vertu de cette \u00ab\u00a0dette\u00a0\u00bb, valid\u00e9e par les instances internationales, que la <a href=\"https:\/\/www.20minutes.fr\/dossier\/norvege\" class=\"c-link c-link--is-underlined\" rel=\"nofollow noopener\" target=\"_blank\">Norv\u00e8ge<\/a> a saisi mercredi le bateau de croisi\u00e8re russe \u00ab\u00a0Professor Molchanov\u00a0\u00bb dans l\u2019Arctique, d\u00e9clenchant la col\u00e8re de Moscou. \u00ab\u00a0Nous exigeons la lib\u00e9ration imm\u00e9diate du navire et que la s\u00e9curit\u00e9 des passagers et de l\u2019\u00e9quipage soit assur\u00e9e\u00a0\u00bb, a indiqu\u00e9 l\u2019ambassade de Russie en Norv\u00e8ge.<\/p>\n<p>La phrase du jour<\/p>\n<blockquote class=\"mx-m@xs mx-xxl@md color-ultramarine c-citation\">\n<p class=\"font-weight-regular@xs text-italic font-source-serif-pro text-l@xs c-citation__content\">\u00ab\u00a0Chaque jour que la guerre continue, l\u2019humanit\u00e9 recule, tandis que chaque pas vers la paix offre un v\u00e9ritable espoir. Il nous faut passer d\u2019une guerre sans fin \u00e0 la paix\u00a0\u00bb<\/p>\n<\/blockquote>\n<p>Cette phrase a \u00e9t\u00e9 prononc\u00e9e lundi, en marge d\u2019un sommet au Kirghizistan, par le Premier ministre indien <a href=\"https:\/\/www.20minutes.fr\/monde\/narendra-modi\/\" class=\"c-link c-link--is-underlined\" rel=\"nofollow noopener\" target=\"_blank\">Narendra Modi<\/a> devant un Vladimir Poutine interdit. Ce jeudi, le chef de la diplomatie indienne \u00e9tait \u00e0 Kiev et Volodymyr Zelensky a salu\u00e9 la position de New Delhi. \u00ab\u00a0Nous sommes reconnaissants envers l\u2019Inde pour son engagement \u00e0 mettre fin \u00e0 cette guerre injuste, la guerre men\u00e9e par la Russie contre l\u2019Ukraine\u00a0\u00bb, a indiqu\u00e9 le pr\u00e9sident ukrainien sur ses r\u00e9seaux sociaux.<\/p>\n<p>La tendance<\/p>\n<p>Berlin, nid d\u2019espions\u00a0? Mardi, en <a href=\"https:\/\/www.20minutes.fr\/monde\/allemagne\/4242376-20260902-attaque-aeroport-leipzig-adn-boite-conserve-indices-amenent-allemagne-accuser-russie\" class=\"c-link c-link--is-underlined\" rel=\"nofollow noopener\" target=\"_blank\">r\u00e9torsion \u00e0 la d\u00e9couverte d\u2019un drone charg\u00e9 d\u2019explosifs<\/a> d\u00e9but ao\u00fbt sur l\u2019a\u00e9roport de Leipzig, l\u2019Allemagne a annonc\u00e9 sa d\u00e9cision de fermer la Maison russe des sciences et de la culture, un b\u00e2timent construit dans l\u2019ancien Berlin-Est en\u00a01984 pr\u00e8s de l\u2019ambassade de Russie.<\/p>\n<p>Pourquoi ce lieu pr\u00e9cis\u00e9ment\u00a0? Dans un entretien sur la cha\u00eene priv\u00e9e de t\u00e9l\u00e9vision Welt TV, le d\u00e9put\u00e9 conservateur Roderich Kiesewetter a assur\u00e9 que cet \u00e9tablissement servait de plateforme aux espions russes. Selon lui, plus de 100 personnes y vivent \u00ab\u00a0sans que l\u2019on sache qui elles sont\u00a0\u00bb et la consommation d\u2019\u00e9lectricit\u00e9 du b\u00e2timent est anormalement \u00e9lev\u00e9e.<\/p>\n<p><a href=\"http:\/\/20minutes.fr\/monde\/ukraine\" class=\"c-link c-btn c-btn--primary\" rel=\"nofollow noopener\" target=\"_blank\">Notre dossier sur la guerre en Ukraine<\/a><\/p>\n<p>Les repr\u00e9sailles \u00e0 ce que Vladimir Poutine qualifie d&rsquo;\u00ab\u00a0erreur grossi\u00e8re\u00a0\u00bb n\u2019ont pas tard\u00e9. \u00ab\u00a0Les Allemands ont ici des branches de l\u2019Institut Goethe. A Moscou, Saint-P\u00e9tersbourg, Ekaterinbourg. Bien s\u00fbr, elles seront ferm\u00e9es\u00a0\u00bb, a d\u00e9clar\u00e9 ce jeudi le chef de la diplomatie russe, Sergue\u00ef Lavrov.<\/p>\n","protected":false},"excerpt":{"rendered":"Vous avez rat\u00e9 les derniers \u00e9v\u00e9nements sur la guerre en Ukraine\u00a0? 20 Minutes fait le point pour vous&hellip;\n","protected":false},"author":2,"featured_media":1166015,"comment_status":"","ping_status":"","sticky":false,"template":"","format":"standard","meta":{"footnotes":"","_share_on_mastodon":"0"},"categories":[1590],"tags":[11,672,4777,1777,674,131,5595,74,12,673,132,1135,220,135,134],"class_list":["post-1166014","post","type-post","status-publish","format-standard","has-post-thumbnail","category-ukraine","tag-actualites","tag-allemagne","tag-espionnage","tag-eu","tag-europe","tag-guerre-en-ukraine","tag-inde","tag-monde","tag-news","tag-norvege","tag-russie","tag-serguei-lavrov","tag-ukraine","tag-vladimir-poutine","tag-volodymyr-zelensky"],"share_on_mastodon":{"url":"https:\/\/pubeurope.com\/@fr\/117210407586529228","error":""},"_links":{"self":[{"href":"https:\/\/www.europesays.com\/fr\/wp-json\/wp\/v2\/posts\/1166014","targetHints":{"allow":["GET"]}}],"collection":[{"href":"https:\/\/www.europesays.com\/fr\/wp-json\/wp\/v2\/posts"}],"about":[{"href":"https:\/\/www.europesays.com\/fr\/wp-json\/wp\/v2\/types\/post"}],"author":[{"embeddable":true,"href":"https:\/\/www.europesays.com\/fr\/wp-json\/wp\/v2\/users\/2"}],"replies":[{"embeddable":true,"href":"https:\/\/www.europesays.com\/fr\/wp-json\/wp\/v2\/comments?post=1166014"}],"version-history":[{"count":0,"href":"https:\/\/www.europesays.com\/fr\/wp-json\/wp\/v2\/posts\/1166014\/revisions"}],"wp:featuredmedia":[{"embeddable":true,"href":"https:\/\/www.europesays.com\/fr\/wp-json\/wp\/v2\/media\/1166015"}],"wp:attachment":[{"href":"https:\/\/www.europesays.com\/fr\/wp-json\/wp\/v2\/media?parent=1166014"}],"wp:term":[{"taxonomy":"category","embeddable":true,"href":"https:\/\/www.europesays.com\/fr\/wp-json\/wp\/v2\/categories?post=1166014"},{"taxonomy":"post_tag","embeddable":true,"href":"https:\/\/www.europesays.com\/fr\/wp-json\/wp\/v2\/tags?post=1166014"}],"curies":[{"name":"wp","href":"https:\/\/api.w.org\/{rel}","templated":true}]}}