{"id":1166031,"date":"2026-09-04T02:39:17","date_gmt":"2026-09-04T02:39:17","guid":{"rendered":"https:\/\/www.europesays.com\/fr\/1166031\/"},"modified":"2026-09-04T02:39:17","modified_gmt":"2026-09-04T02:39:17","slug":"donald-trump-vole-au-secours-de-son-ami-tiger-woods-apres-son-accord-judiciaire","status":"publish","type":"post","link":"https:\/\/www.europesays.com\/fr\/1166031\/","title":{"rendered":"Donald Trump vole au secours de son ami Tiger Woods apr\u00e8s son accord judiciaire"},"content":{"rendered":"<p>\t\t\t\t\t\t<img width=\"770\" height=\"566\" src=\"https:\/\/www.europesays.com\/fr\/wp-content\/uploads\/2026\/09\/afp__20250221__2200915821__v3__highres__presidenttrumpholdsreceptionhonoringblackhis-770x566.jpg\" class=\"img-responsive wp-post-image\" alt=\"\" decoding=\"async\" fetchpriority=\"high\"  \/>\t\t\t\t\t<\/p>\n<p>\t\t\t\t\t\t Partager cet article <\/p>\n<p class=\"screen-reader-text juiz_sps_maybe_hidden_text\">Partager la publication \u00ab\u00a0Donald Trump vole au secours de son ami Tiger Woods apr\u00e8s son accord judiciaire\u00a0\u00bb<\/p>\n<p class=\"isSelectedEnd\"><strong>Donald Trump a r\u00e9agi \u00e0 l\u2019accord judiciaire conclu par Tiger Woods apr\u00e8s son accident de voiture en Floride. Proche du champion am\u00e9ricain, le pr\u00e9sident des \u00c9tats-Unis a \u00e9voqu\u00e9 les douleurs dorsales qui accompagnent Woods depuis plusieurs ann\u00e9es et sur les m\u00e9dicaments antidouleur retrouv\u00e9s en sa possession.<\/strong><\/p>\n<p class=\"isSelectedEnd\"><strong>Donald Trump<\/strong> n\u2019a pas tard\u00e9 \u00e0 r\u00e9agir. Au lendemain du passage de <strong>Tiger Woods<\/strong> devant la justice en Floride, le pr\u00e9sident am\u00e9ricain a pris la d\u00e9fense du champion, avec lequel il entretient une relation de longue date.<\/p>\n<p class=\"isSelectedEnd\">Interrog\u00e9 par la cha\u00eene Fox News, Trump a notamment \u00e9voqu\u00e9 les probl\u00e8mes de dos de Woods, estimant que le quintuple vainqueur du Masters souffrait de \u00ab grandes douleurs \u00bb. \u00ab Je connais tr\u00e8s bien Tiger. C\u2019est un type formidable \u00bb, a d\u00e9clar\u00e9 le pr\u00e9sident am\u00e9ricain.<\/p>\n<p class=\"isSelectedEnd\">Selon Trump, Woods ne conduisait pas sous l\u2019emprise de l\u2019alcool. \u00ab Ils n\u2019ont pas trouv\u00e9 d\u2019alcool sur lui. Il n\u2019a pas \u00e9t\u00e9 positif \u00e0 l\u2019alcool \u00bb, a-t-il rappel\u00e9. Le pr\u00e9sident a en revanche fait r\u00e9f\u00e9rence aux m\u00e9dicaments antidouleur retrouv\u00e9s sur Woods apr\u00e8s son accident.<\/p>\n<p class=\"isSelectedEnd\">\u00ab C\u2019est un probl\u00e8me lorsque vous prenez un antidouleur parce que vous souffrez \u00e9norm\u00e9ment et que vous \u00eates contr\u00f4l\u00e9 positif \u00bb.<\/p>\n<p class=\"isSelectedEnd\">Trump a \u00e9galement r\u00e9v\u00e9l\u00e9 avoir d\u00e9j\u00e0 conseill\u00e9 \u00e0 Woods de ne plus conduire seul. \u00ab Pourquoi ne pas demander \u00e0 quelqu\u2019un de conduire pour vous ? \u00bb, lui aurait-il dit par le pass\u00e9. Selon le pr\u00e9sident, Woods aurait d\u00e9sormais d\u00e9cid\u00e9 de se faire conduire.<\/p>\n<p>Cinq ans sans permis<\/p>\n<p class=\"isSelectedEnd\">Cette r\u00e9action intervient alors que <a href=\"https:\/\/www.golfplanete.com\/actualites\/une-longue-suspension-de-permis-pour-tiger-woods\/\" target=\"_blank\" rel=\"noopener nofollow\">Tiger Woods vient de conclure un accord avec la justice am\u00e9ricaine<\/a>. Le golfeur a plaid\u00e9 \u00ab no contest \u00bb concernant une accusation de conduite dangereuse volontaire et excessive, ainsi qu\u2019une infraction pour conduite imprudente.<\/p>\n<p class=\"isSelectedEnd\">La sanction la plus lourde concerne son permis de conduire, qui sera suspendu pendant cinq ans.<\/p>\n<p class=\"isSelectedEnd\">L\u2019affaire trouve son origine dans l\u2019accident survenu le 27 mars dernier \u00e0 Jupiter Island, en Floride. Woods circulait \u00e0 vive allure au volant de son Land Rover lorsqu\u2019il a percut\u00e9 un camion avant que son v\u00e9hicule ne se retourne. Il est parvenu \u00e0 sortir seul de la voiture et n\u2019a pas \u00e9t\u00e9 bless\u00e9.<\/p>\n<p class=\"isSelectedEnd\">Interrog\u00e9 par les policiers, Woods avait expliqu\u00e9 qu\u2019il regardait son t\u00e9l\u00e9phone et changeait de station de radio au moment de l\u2019accident.<\/p>\n<p class=\"isSelectedEnd\">Initialement poursuivi notamment pour conduite sous influence et refus de se soumettre \u00e0 un test, Woods a finalement accept\u00e9 cet accord judiciaire, qui lui permet d\u2019\u00e9viter un proc\u00e8s sur ces chefs d\u2019accusation.<\/p>\n<p>Une relation particuli\u00e8re avec Trump<\/p>\n<p class=\"isSelectedEnd\">La proximit\u00e9 entre Tiger Woods et Donald Trump ne date pas d\u2019hier. Le pr\u00e9sident am\u00e9ricain avait notamment remis \u00e0 Woods la M\u00e9daille pr\u00e9sidentielle de la Libert\u00e9, apr\u00e8s l\u2019incroyable retour du champion au premier plan avec sa victoire au Masters d\u2019Augusta en 2019.<\/p>\n<p>\u00c0 50 ans, Tiger Woods reste ainsi une figure centrale du golf am\u00e9ricain, mais son \u00e9tat physique et d\u00e9sormais les cons\u00e9quences judiciaires de cet accident viennent encore compliquer une fin de carri\u00e8re d\u00e9j\u00e0 largement perturb\u00e9e par ses probl\u00e8mes de sant\u00e9.<\/p>\n<p>Photo WIN MCNAMEE \/ GETTY IMAGES NORTH AMERICA \/ Getty Images via AFP<\/p>\n","protected":false},"excerpt":{"rendered":"Partager cet article Partager la publication \u00ab\u00a0Donald Trump vole au secours de son ami Tiger Woods apr\u00e8s son&hellip;\n","protected":false},"author":2,"featured_media":1166032,"comment_status":"","ping_status":"","sticky":false,"template":"","format":"standard","meta":{"footnotes":"","_share_on_mastodon":"0"},"categories":[1418],"tags":[1011,27,1472,60],"class_list":["post-1166031","post","type-post","status-publish","format-standard","has-post-thumbnail","category-golf","tag-fr","tag-france","tag-golf","tag-sports"],"share_on_mastodon":{"url":"https:\/\/pubeurope.com\/@fr\/117210460385034097","error":""},"_links":{"self":[{"href":"https:\/\/www.europesays.com\/fr\/wp-json\/wp\/v2\/posts\/1166031","targetHints":{"allow":["GET"]}}],"collection":[{"href":"https:\/\/www.europesays.com\/fr\/wp-json\/wp\/v2\/posts"}],"about":[{"href":"https:\/\/www.europesays.com\/fr\/wp-json\/wp\/v2\/types\/post"}],"author":[{"embeddable":true,"href":"https:\/\/www.europesays.com\/fr\/wp-json\/wp\/v2\/users\/2"}],"replies":[{"embeddable":true,"href":"https:\/\/www.europesays.com\/fr\/wp-json\/wp\/v2\/comments?post=1166031"}],"version-history":[{"count":0,"href":"https:\/\/www.europesays.com\/fr\/wp-json\/wp\/v2\/posts\/1166031\/revisions"}],"wp:featuredmedia":[{"embeddable":true,"href":"https:\/\/www.europesays.com\/fr\/wp-json\/wp\/v2\/media\/1166032"}],"wp:attachment":[{"href":"https:\/\/www.europesays.com\/fr\/wp-json\/wp\/v2\/media?parent=1166031"}],"wp:term":[{"taxonomy":"category","embeddable":true,"href":"https:\/\/www.europesays.com\/fr\/wp-json\/wp\/v2\/categories?post=1166031"},{"taxonomy":"post_tag","embeddable":true,"href":"https:\/\/www.europesays.com\/fr\/wp-json\/wp\/v2\/tags?post=1166031"}],"curies":[{"name":"wp","href":"https:\/\/api.w.org\/{rel}","templated":true}]}}