{"id":1166037,"date":"2026-09-04T02:46:25","date_gmt":"2026-09-04T02:46:25","guid":{"rendered":"https:\/\/www.europesays.com\/fr\/1166037\/"},"modified":"2026-09-04T02:46:25","modified_gmt":"2026-09-04T02:46:25","slug":"soudal-quick-step-prolonge-un-coureur-dexperience-actualite","status":"publish","type":"post","link":"https:\/\/www.europesays.com\/fr\/1166037\/","title":{"rendered":"Soudal Quick-Step prolonge un coureur d&rsquo;exp\u00e9rience &#8211; Actualit\u00e9"},"content":{"rendered":"<p style=\"text-align: justify;\">Membre depuis deux saisons de Soudal Quick-Step, Dries Van Gestel s&rsquo;est engag\u00e9 pour deux saisons suppl\u00e9mentaires avec la WorldTeam belge.<\/p>\n<p style=\"text-align: justify;\"><strong><a href=\"https:\/\/www.directvelo.com\/coureur\/8883\/dries-van-gestel\" target=\"_blank\" rel=\"noopener nofollow\">Dries Van Gestel<\/a><\/strong>, 31 ans, a d\u00e9croch\u00e9 deux Top 10 d&rsquo;\u00e9tape sur le Tour de Valence, ainsi qu&rsquo;une 10e place d&rsquo;\u00e9tape sur le Giro cette ann\u00e9e. Il a \u00e9galement d\u00e9croch\u00e9 la 18e place du Championnat de Belgique et la 20e place de Paris-Roubaix.<\/p>\n<p>L&rsquo;ancien soci\u00e9taire de TotalEnergies b\u00e9n\u00e9ficie davantage d&rsquo;un r\u00f4le d&rsquo;\u00e9quipier et semble avoir convaincu Soudal Quick-Step de continuer dans ce sens jusqu&rsquo;\u00e0 2028.<\/p>\n","protected":false},"excerpt":{"rendered":"Membre depuis deux saisons de Soudal Quick-Step, Dries Van Gestel s&rsquo;est engag\u00e9 pour deux saisons suppl\u00e9mentaires avec la&hellip;\n","protected":false},"author":2,"featured_media":1166038,"comment_status":"","ping_status":"","sticky":false,"template":"","format":"standard","meta":{"footnotes":"","_share_on_mastodon":"0"},"categories":[1411],"tags":[834,828,836,829,837,827,83,826,824,823,1154,207,814,817,815,816,822,821,832,211,839,1011,27,820,818,819,835,831,830,833,838,60,212,208,825],"class_list":["post-1166037","post","type-post","status-publish","format-standard","has-post-thumbnail","category-cyclisme","tag-attaque","tag-belgique","tag-braquet","tag-bretagne","tag-chute","tag-competition","tag-coupe-de-france","tag-coureur","tag-course-cyclisme","tag-course-cycliste","tag-cycling","tag-cyclisme","tag-direct","tag-direct-velo","tag-directvelo","tag-directvelo-com","tag-epreuve","tag-epreuve-cycliste","tag-federation-francaise-de-cyclisme","tag-ffc","tag-flandres","tag-fr","tag-france","tag-live","tag-live-course","tag-live-epreuve","tag-peloton","tag-radio-peloton","tag-radio-tour","tag-ravitaillement","tag-relance","tag-sports","tag-uci","tag-velo","tag-velos"],"share_on_mastodon":{"url":"https:\/\/pubeurope.com\/@fr\/117210486330681773","error":""},"_links":{"self":[{"href":"https:\/\/www.europesays.com\/fr\/wp-json\/wp\/v2\/posts\/1166037","targetHints":{"allow":["GET"]}}],"collection":[{"href":"https:\/\/www.europesays.com\/fr\/wp-json\/wp\/v2\/posts"}],"about":[{"href":"https:\/\/www.europesays.com\/fr\/wp-json\/wp\/v2\/types\/post"}],"author":[{"embeddable":true,"href":"https:\/\/www.europesays.com\/fr\/wp-json\/wp\/v2\/users\/2"}],"replies":[{"embeddable":true,"href":"https:\/\/www.europesays.com\/fr\/wp-json\/wp\/v2\/comments?post=1166037"}],"version-history":[{"count":0,"href":"https:\/\/www.europesays.com\/fr\/wp-json\/wp\/v2\/posts\/1166037\/revisions"}],"wp:featuredmedia":[{"embeddable":true,"href":"https:\/\/www.europesays.com\/fr\/wp-json\/wp\/v2\/media\/1166038"}],"wp:attachment":[{"href":"https:\/\/www.europesays.com\/fr\/wp-json\/wp\/v2\/media?parent=1166037"}],"wp:term":[{"taxonomy":"category","embeddable":true,"href":"https:\/\/www.europesays.com\/fr\/wp-json\/wp\/v2\/categories?post=1166037"},{"taxonomy":"post_tag","embeddable":true,"href":"https:\/\/www.europesays.com\/fr\/wp-json\/wp\/v2\/tags?post=1166037"}],"curies":[{"name":"wp","href":"https:\/\/api.w.org\/{rel}","templated":true}]}}