{"id":1166066,"date":"2026-09-04T03:05:21","date_gmt":"2026-09-04T03:05:21","guid":{"rendered":"https:\/\/www.europesays.com\/fr\/1166066\/"},"modified":"2026-09-04T03:05:21","modified_gmt":"2026-09-04T03:05:21","slug":"refus-dobtemperer-aucune-impunite-la-prefecture-de-la-loire-sindigne-apres-laccident-de-lezigneux","status":"publish","type":"post","link":"https:\/\/www.europesays.com\/fr\/1166066\/","title":{"rendered":"\u00ab\u00a0Refus d&rsquo;obtemp\u00e9rer, aucune impunit\u00e9\u00a0\u00bb : la pr\u00e9fecture de la Loire s&rsquo;indigne apr\u00e8s l&rsquo;accident de L\u00e9zigneux"},"content":{"rendered":"<p>Au lendemain d&rsquo;une course-poursuite qui a bless\u00e9 trois gendarmes \u00e0 L\u00e9zigneux, pr\u00e8s de Montbrison, la pr\u00e9fecture de la Loire anticipe la sortie d&rsquo;une campagne de pr\u00e9vention sur les refus d&rsquo;obtemp\u00e9rer.<\/p>\n<p>C&rsquo;est un fl\u00e9au qui prend de l&rsquo;ampleur.<\/p>\n<p>Les <b>refus d&rsquo;obtemp\u00e9rer<\/b> se multiplient, en zone gendarmerie comme en zone police. Dans la <b>Loire<\/b>, ils ont augment\u00e9 de <b>27,59%<\/b> sur le premier semestre 2026.<\/p>\n<p>Encore une fois, les gendarmes y ont \u00e9t\u00e9 confront\u00e9s, ce mercredi 2 septembre, avec <a class=\"url\" href=\"https:\/\/www.radioscoop.com\/infos\/loire-la-course-poursuite-tourne-mal-plusieurs-gendarmes-blesses_362876?v=St\" target=\"_blank\" rel=\"nofollow noopener\">cet accident \u00e0 L\u00e9zigneux<\/a>, alors que les militaires poursuivaient deux deux-roues qui refusaient de s&rsquo;arr\u00eater.<\/p>\n<p>Au cours de cette <b>course-poursuite<\/b>, le v\u00e9hicule de la gendarmerie a fini sa course dans un champ apr\u00e8s plusieurs tonneaux. L&rsquo;une des gendarmes en est ressortie indemne, un autre a \u00e9t\u00e9 l\u00e9g\u00e8rement touch\u00e9, alors qu&rsquo;un troisi\u00e8me a \u00e9t\u00e9 plus s\u00e9v\u00e8rement bless\u00e9.<\/p>\n<p>Selon nos informations, <b>les deux mis en cause auraient \u00e9t\u00e9 interpell\u00e9s<\/b>. Le parquet de Saint-\u00c9tienne a ouvert une enqu\u00eate.<\/p>\n<p>\u00ab\u00a0Un caract\u00e8re d&rsquo;urgence absolue\u00a0\u00bb<\/p>\n<p>Dans ce contexte, la pr\u00e9fecture de la Loire a d\u00e9cid\u00e9 d&rsquo;anticiper la publication d&rsquo;une <b>campagne de pr\u00e9vention<\/b> \u00e0 ce sujet. \u00ab\u00a0Initialement programm\u00e9e dans plusieurs semaines\u00a0\u00bb, elle \u00ab\u00a0prend aujourd&rsquo;hui <b>un caract\u00e8re d&rsquo;urgence absolue<\/b>\u00ab\u00a0, selon les services de l&rsquo;\u00c9tat.<\/p>\n<p>Dans cette vid\u00e9o publi\u00e9e ce jeudi 3 septembre, on voit un automobiliste aborder un contr\u00f4le de gendarmerie. Il d\u00e9cide alors d&rsquo;acc\u00e9l\u00e9rer \u00e0 l&rsquo;approche des militaires, avant d&rsquo;\u00eatre stopp\u00e9 par la herse jet\u00e9e en travers de la route.<\/p>\n<\/p>\n<p>La pr\u00e9fecture en profite pour rappeler les peines encourues, \u00ab\u00a0<b>deux ans de prison et 15.000 euros d&rsquo;amende<\/b>\u00a0\u00bb pour un refus d&rsquo;obtemp\u00e9rer. \u00ab\u00a0Et jusqu&rsquo;\u00e0 <b>sept ans<\/b> de prison et <b>75.000 euros d&rsquo;amende<\/b> s&rsquo;il y a mise en danger des forces de l&rsquo;ordre\u00a0\u00bb.<\/p>\n<p>\u00ab\u00a0Le refus d&rsquo;obtemp\u00e9rer n&rsquo;est pas une simple infraction, mais un <b>d\u00e9lit grave<\/b>\u00ab\u00a0, rappelle le pr\u00e9fet de la Loire, Fran\u00e7ois-Xavier Bieuville.<\/p>\n<p><img loading=\"lazy\" decoding=\"async\" src=\"https:\/\/www.europesays.com\/fr\/wp-content\/uploads\/2026\/09\/1788491121_734_img.png\" width=\"350\" height=\"200\" border=\"0\" title=\"Trois gendarmes bless\u00c3\u00a9s dans la Loire ce 2 septembre\"\/><\/p>\n<p>\u25baFaits divers<\/p>\n<p style=\"font-size: 22px;\"><b>Loire : la course-poursuite tourne mal, plusieurs gendarmes bless\u00e9s<\/b><\/p>\n<p>Trois gendarmes ont \u00e9t\u00e9 bless\u00e9s dans une course-poursuite,&#8230;<\/p>\n<p><\/p>\n","protected":false},"excerpt":{"rendered":"Au lendemain d&rsquo;une course-poursuite qui a bless\u00e9 trois gendarmes \u00e0 L\u00e9zigneux, pr\u00e8s de Montbrison, la pr\u00e9fecture de la&hellip;\n","protected":false},"author":2,"featured_media":1166067,"comment_status":"","ping_status":"","sticky":false,"template":"","format":"standard","meta":{"footnotes":"","_share_on_mastodon":"0"},"categories":[9653],"tags":[119,1111,11,2430,120368,3226,12930,1777,674,1011,27,303,120365,12,15860,120367,120366,43681,25,4001],"class_list":["post-1166066","post","type-post","status-publish","format-standard","has-post-thumbnail","category-saint-etienne","tag-accident","tag-actu","tag-actualites","tag-auvergne-rhone-alpes","tag-bieuville","tag-campagne","tag-course-poursuite","tag-eu","tag-europe","tag-fr","tag-france","tag-justice","tag-lzigneux","tag-news","tag-parquet","tag-prfet","tag-prvention","tag-refus-dobtemprer","tag-republique-francaise","tag-saint-etienne"],"share_on_mastodon":{"url":"https:\/\/pubeurope.com\/@fr\/117210562738749741","error":""},"_links":{"self":[{"href":"https:\/\/www.europesays.com\/fr\/wp-json\/wp\/v2\/posts\/1166066","targetHints":{"allow":["GET"]}}],"collection":[{"href":"https:\/\/www.europesays.com\/fr\/wp-json\/wp\/v2\/posts"}],"about":[{"href":"https:\/\/www.europesays.com\/fr\/wp-json\/wp\/v2\/types\/post"}],"author":[{"embeddable":true,"href":"https:\/\/www.europesays.com\/fr\/wp-json\/wp\/v2\/users\/2"}],"replies":[{"embeddable":true,"href":"https:\/\/www.europesays.com\/fr\/wp-json\/wp\/v2\/comments?post=1166066"}],"version-history":[{"count":0,"href":"https:\/\/www.europesays.com\/fr\/wp-json\/wp\/v2\/posts\/1166066\/revisions"}],"wp:featuredmedia":[{"embeddable":true,"href":"https:\/\/www.europesays.com\/fr\/wp-json\/wp\/v2\/media\/1166067"}],"wp:attachment":[{"href":"https:\/\/www.europesays.com\/fr\/wp-json\/wp\/v2\/media?parent=1166066"}],"wp:term":[{"taxonomy":"category","embeddable":true,"href":"https:\/\/www.europesays.com\/fr\/wp-json\/wp\/v2\/categories?post=1166066"},{"taxonomy":"post_tag","embeddable":true,"href":"https:\/\/www.europesays.com\/fr\/wp-json\/wp\/v2\/tags?post=1166066"}],"curies":[{"name":"wp","href":"https:\/\/api.w.org\/{rel}","templated":true}]}}