{"id":1166070,"date":"2026-09-04T03:08:32","date_gmt":"2026-09-04T03:08:32","guid":{"rendered":"https:\/\/www.europesays.com\/fr\/1166070\/"},"modified":"2026-09-04T03:08:32","modified_gmt":"2026-09-04T03:08:32","slug":"une-cliente-a-du-mettre-ses-ecouteurs-ce-salon-de-massage-vit-un-enfer-a-cause-du-bruit-des-travaux-a-nancy","status":"publish","type":"post","link":"https:\/\/www.europesays.com\/fr\/1166070\/","title":{"rendered":"\u00ab\u00a0Une cliente a d\u00fb mettre ses \u00e9couteurs\u00a0\u00bb : ce salon de massage vit un enfer \u00e0 cause du bruit des travaux \u00e0 Nancy"},"content":{"rendered":"<p>                    Par<br \/>\n        <strong><br \/>\n            <a href=\"https:\/\/actu.fr\/auteur\/marjorie-durupt\" title=\"Consulter tous les articles de Marjorie Durupt\" rel=\"nofollow noopener\" target=\"_blank\">Marjorie Durupt<\/a><br \/>\n                    <\/strong><\/p>\n<p>        Publi\u00e9 le<\/p>\n<p>            3 sept. 2026 \u00e0 9h42        <\/p>\n<p>G\u00e9rante d\u2019un salon de massage, pr\u00e9nomm\u00e9 Maison Morphose, boulevard d\u2019Austrasie \u00e0 <a href=\"https:\/\/actu.fr\/grand-est\/nancy_54395\" rel=\"nofollow noopener\" target=\"_blank\">Nancy<\/a> (Meurthe-et-Moselle), Tess Marmoy vit en quelque sorte un enfer depuis <a href=\"https:\/\/actu.fr\/grand-est\/nancy_54395\/nancy-la-circulation-perturbee-sur-le-boulevard-d-austrasie-jusqu-a-fin-2026-voici-ou-passer-en-voiture_63826725.html\" rel=\"nofollow noopener\" target=\"_blank\">le d\u00e9but des travaux sur la voirie, en f\u00e9vrier dernier.<\/a> Le bruit du chantier perturbe fortement son activit\u00e9.<strong> Impossible pour la jeune femme d\u2019accueillir ses clientes dans le calme, alors qu\u2019elles viennent justement se d\u00e9tendre.<\/strong> Cons\u00e9quence : elle a perdu plus de 10 000 euros de chiffre d\u2019affaires en quatre mois et demande de l\u2019aide \u00e0 la <a href=\"https:\/\/actu.fr\/tag\/grand-nancy\" rel=\"nofollow noopener\" target=\"_blank\">M\u00e9tropole du Grand Nancy.<\/a> En vain.<\/p>\n<p>\u00c0 Nancy, ce salon de massage perd du chiffre d\u2019affaires \u00e0 cause du bruit des travaux<\/p>\n<p class=\" wall-content\">Ouvert depuis octobre 2025, cet institut de bien-\u00eatre sp\u00e9cialis\u00e9 dans le drainage lymphatique n\u2019a donc pas eu d\u2019autre choix que d\u2019adapter ses horaires pour effectuer ses prestations.<\/p>\n<p class=\" wall-content\">\u00ab <strong>Ma table de massage se situe juste devant la fen\u00eatre qui donne sur la rue o\u00f9 ont lieu les travaux.<\/strong> La configuration du local fait que je n\u2019ai pas le choix de faire comme \u00e7a. Malheureusement, le bruit des travaux n\u2019est pas du tout agr\u00e9able pour les clientes \u00bb, confie Tess qui se sent d\u00e9munie face \u00e0 la situation. Avant d\u2019ajouter : \u00ab Une fois, une cliente a d\u00fb mettre ses \u00e9couteurs pour ne pas entendre les machines \u00bb.\u00a0<\/p>\n<p>La g\u00e9rante a renonc\u00e9 \u00e0 facturer certaines prestations<\/p>\n<p class=\" wall-content\">Apr\u00e8s avoir d\u00fb parfois ne pas facturer certaines prestations ou avoir effectu\u00e9 des gestes commerciaux en raison des d\u00e9sagr\u00e9ments, la jeune femme est finalement parvenue \u00e0 trouver un accord \u00e0 la mi-juin avec l\u2019entreprise en charge des <a href=\"https:\/\/actu.fr\/tag\/travaux\" rel=\"nofollow noopener\" target=\"_blank\">travaux<\/a>.<\/p>\n<p class=\" wall-content\">\u00ab <strong>On avait convenu que les travaux bruyants cesseraient devant mon salon \u00e0 partir de 13 heures.<\/strong> Mais aujourd\u2019hui, ce n\u2019est plus vraiment respect\u00e9. \u00bb<\/p>\n<p>Durant six semaines, elle a d\u00fb supprimer deux rendez-vous par jour<\/p>\n<p class=\" wall-content\">Durant six semaines, la jeune femme a donc commenc\u00e9 \u00e0 travailler \u00e0 partir de 13h, ce qui lui a fait perdre deux rendez-vous par jour, soit environ 7 800 euros de chiffre d\u2019affaires en moins.<\/p>\n<p class=\" wall-content\">\u00ab J\u2019ai repris des horaires normaux maintenant que j\u2019ai constat\u00e9 que les bruits persistaient apr\u00e8s 13h. \u00c0 partir de mai, j\u2019ai d\u00fb faire 5 200 euros de gestes commerciaux. J\u2019ai aussi perdu une cure \u00e0 800 euros, qui avait d\u00e9j\u00e0 \u00e9t\u00e9 pay\u00e9e, et je n\u2019ai pas factur\u00e9 trois rendez-vous. Au total, cela repr\u00e9sente 6 400 euros de pertes, en plus des 7 800 euros \u00bb, d\u00e9sesp\u00e8re Tess.<\/p>\n<p>\u00ab Pour la p\u00e9riode de mai \u00e0 ao\u00fbt, j\u2019ai d\u00e9j\u00e0 perdu 14 000 \u20ac de revenus \u00bb<\/p>\n<p class=\" wall-content\">Une double peine particuli\u00e8rement difficile pour la g\u00e9rante, qui travaille \u00e0 son compte et qui n\u2019\u00e9tait pas au courant que ces travaux allaient autant impacter son activit\u00e9.<\/p>\n<p class=\" wall-content\">\u00ab<strong> Pour la p\u00e9riode de mai \u00e0 ao\u00fbt, j\u2019ai d\u00e9j\u00e0 perdu 14 000 \u20ac de revenus.<\/strong> Malheureusement, la mairie de Nancy ne pr\u00e9voit pas de m\u2019indemniser, car il faudrait \u00eatre install\u00e9e depuis au moins trois ans pour que les bilans soient compar\u00e9s. Je suis en col\u00e8re, car je n\u2019aurais pas d\u00fb me retrouver dans cette situation. J\u2019ai le sentiment de devoir g\u00e9rer seule les cons\u00e9quences financi\u00e8res d\u2019une situation que je ne ma\u00eetrise pas \u00bb, d\u00e9plore la patronne de 27 ans.<\/p>\n<p>\u00ab Une dame \u00e0 la M\u00e9tropole m\u2019a sugg\u00e9r\u00e9 de prendre des vacances \u00bb<\/p>\n<p class=\" wall-content\">S\u2019ajoute \u00e0 cela une impression de ne pas comprendre les difficult\u00e9s li\u00e9es au statut d\u2019ind\u00e9pendante. \u00ab <strong>Une dame \u00e0 la M\u00e9tropole m\u2019a sugg\u00e9r\u00e9 de prendre des vacances.<\/strong> \u00bb Une remarque qui l\u2019a quelque peu agac\u00e9e, alors qu\u2019elle a ouvert son salon il y a moins d\u2019un an et que l\u2019\u00e9t\u00e9 repr\u00e9sente une part importante de son chiffre d\u2019affaires. \u00ab <strong>Je ne pouvais pas me permettre de prendre des cong\u00e9s. Ce n\u2019est pas une maladresse m\u00e9chante, mais \u00e7a agace<\/strong>. \u00bb<\/p>\n<p>Le salon ne peut pas pr\u00e9tendre \u00e0 une indemnisation, explique la M\u00e9tropole du Grand Nancy<\/p>\n<p class=\" wall-content\">Contact\u00e9e, la M\u00e9tropole du Grand Nancy pr\u00e9cise que<strong> la demande de Maison Morphose ne rel\u00e8ve pas de la Commission indemnitaire amiable, pr\u00e9vue dans le cadre des travaux li\u00e9s aux rues pi\u00e9tonnes et au trolleybus.<\/strong> Une indemnisation reste toutefois possible, mais \u00ab n\u2019est pas automatique \u00bb. Il faut notamment d\u00e9montrer \u00ab l\u2019existence d\u2019un pr\u00e9judice anormal et sp\u00e9cifique \u00bb et \u00ab un lien de causalit\u00e9 direct entre les travaux et ce pr\u00e9judice \u00bb.<\/p>\n<p class=\" wall-content\">La M\u00e9tropole souligne \u00e9galement que la g\u00e9rante est install\u00e9e depuis moins d\u2019un an. \u00ab <strong>Une dur\u00e9e d\u2019un an est une dur\u00e9e trop courte pour appr\u00e9cier la perte r\u00e9elle de chiffre d\u2019affaires<\/strong> \u00bb, estime-t-elle.<\/p>\n<p class=\" wall-content\">La fin des travaux est pr\u00e9vue pour fin 2026.<\/p>\n<p class=\" wall-content\">Personnalisez votre actualit\u00e9 en ajoutant vos villes et m\u00e9dias en favori avec <a href=\"https:\/\/moncompte.actu.fr\" title=\"D\u00e9couvez Mon Actu\" rel=\"nofollow noopener\" data-trk=\"{&quot;cta&quot;:{&quot;action&quot;:&quot;https:\\\/\\\/moncompte.actu.fr&quot;,&quot;category&quot;:&quot;mon compte&quot;,&quot;from&quot;:&quot;article footer&quot;,&quot;name&quot;:&quot;Mon actu&quot;,&quot;type&quot;:&quot;cta&quot;}}\" target=\"_blank\">Mon Actu<\/a>.<\/p>\n","protected":false},"excerpt":{"rendered":"Par Marjorie Durupt Publi\u00e9 le 3 sept. 2026 \u00e0 9h42 G\u00e9rante d\u2019un salon de massage, pr\u00e9nomm\u00e9 Maison Morphose,&hellip;\n","protected":false},"author":2,"featured_media":1166071,"comment_status":"","ping_status":"","sticky":false,"template":"","format":"standard","meta":{"footnotes":"","_share_on_mastodon":"0"},"categories":[9635],"tags":[1111,11,215,1777,674,1011,27,775,1702,12,25,104,2086],"class_list":["post-1166070","post","type-post","status-publish","format-standard","has-post-thumbnail","category-nancy","tag-actu","tag-actualites","tag-commerce","tag-eu","tag-europe","tag-fr","tag-france","tag-grand-est","tag-nancy","tag-news","tag-republique-francaise","tag-societe","tag-travaux"],"share_on_mastodon":{"url":"https:\/\/pubeurope.com\/@fr\/117210572661997302","error":""},"_links":{"self":[{"href":"https:\/\/www.europesays.com\/fr\/wp-json\/wp\/v2\/posts\/1166070","targetHints":{"allow":["GET"]}}],"collection":[{"href":"https:\/\/www.europesays.com\/fr\/wp-json\/wp\/v2\/posts"}],"about":[{"href":"https:\/\/www.europesays.com\/fr\/wp-json\/wp\/v2\/types\/post"}],"author":[{"embeddable":true,"href":"https:\/\/www.europesays.com\/fr\/wp-json\/wp\/v2\/users\/2"}],"replies":[{"embeddable":true,"href":"https:\/\/www.europesays.com\/fr\/wp-json\/wp\/v2\/comments?post=1166070"}],"version-history":[{"count":0,"href":"https:\/\/www.europesays.com\/fr\/wp-json\/wp\/v2\/posts\/1166070\/revisions"}],"wp:featuredmedia":[{"embeddable":true,"href":"https:\/\/www.europesays.com\/fr\/wp-json\/wp\/v2\/media\/1166071"}],"wp:attachment":[{"href":"https:\/\/www.europesays.com\/fr\/wp-json\/wp\/v2\/media?parent=1166070"}],"wp:term":[{"taxonomy":"category","embeddable":true,"href":"https:\/\/www.europesays.com\/fr\/wp-json\/wp\/v2\/categories?post=1166070"},{"taxonomy":"post_tag","embeddable":true,"href":"https:\/\/www.europesays.com\/fr\/wp-json\/wp\/v2\/tags?post=1166070"}],"curies":[{"name":"wp","href":"https:\/\/api.w.org\/{rel}","templated":true}]}}