{"id":1166076,"date":"2026-09-04T03:13:30","date_gmt":"2026-09-04T03:13:30","guid":{"rendered":"https:\/\/www.europesays.com\/fr\/1166076\/"},"modified":"2026-09-04T03:13:30","modified_gmt":"2026-09-04T03:13:30","slug":"collision-scooter-poids-lourd-au-nord-de-montpellier-un-ado-de-14-ans-tue-un-de-16-ans-dans-un-etat-grave","status":"publish","type":"post","link":"https:\/\/www.europesays.com\/fr\/1166076\/","title":{"rendered":"Collision scooter-poids lourd au nord de Montpellier : un ado de 14 ans tu\u00e9, un de 16 ans dans un \u00e9tat grave"},"content":{"rendered":"<p>                    Par<br \/>\n        <strong><br \/>\n            <a href=\"https:\/\/actu.fr\/auteur\/jm-aubert\" title=\"Consulter tous les articles de Jean-Marc Aubert\" rel=\"nofollow noopener\" target=\"_blank\">Jean-Marc Aubert<\/a><br \/>\n                    <\/strong><\/p>\n<p>        Publi\u00e9 le<\/p>\n<p>            3 sept. 2026 \u00e0 11h25<br \/>\n        ; mis \u00e0 jour le 3 sept. 2026 \u00e0 11h39    <\/p>\n<p>Terrible <strong>drame de la route<\/strong>\u00a0<strong>au Vigan,<\/strong> dans le Gard,\u00a0au nord de Montpellier, ce <strong>mercredi 2 septembre 2026, <\/strong>\u00e0 20h10\u00a0: un adolescent est d\u00e9c\u00e9d\u00e9, un autre est hospitalis\u00e9 dans un \u00e9tat grave.<\/p>\n<p>    <a href=\"https:\/\/www.google.com\/maps\/embed?pb=!1m18!1m12!1m3!1d3351.2395557989876!2d3.6020512155805235!3d43.987948442692876!2m3!1f0!2f0!3f0!3m2!1i1024!2i768!4f13.1!3m3!1m2!1s0x12b3f2440a2d87a3%3A0x48c5bc4faf409f25!2sAv.%20Sergent%20Triaire%2C%2030120%20Le%20Vigan!5e0!3m2!1sfr!2sfr!4v1788428618091!5m2!1sfr!2sfr\" title=\"Ouvrie le lien\" rel=\"nofollow noopener\" target=\"_blank\">Cliquez ici pour visualiser le contenu<\/a><\/p>\n<p class=\" wall-content\">L\u2019accident s\u2019est produit sur l\u2019avenue Sergent Triaire, dans des circonstances que les gendarmes du Vigan s\u2019attachent \u00e0 \u00e9tablir : <strong>une violente collision<\/strong> s\u2019est produite entre les deux mineurs qui circulaient <strong>\u00e0 scooter<\/strong> et un <strong>poids lourd,<\/strong> sans que l\u2019on sache, ce jeudi matin, lequel des deux v\u00e9hicules s\u2019est d\u00e9port\u00e9 sur la gauche. Le chauffeur du camion est mort sur le coup.<\/p>\n<p>Smur-Samu de Ganges<\/p>\n<p class=\" wall-content\">\u00c0 l\u2019arriv\u00e9e des sapeurs-pompiers du <strong>Sdis 30<\/strong>\u00a0et du m\u00e9decin du Smur-Samu bas\u00e9 \u00e0 la<strong> clinique Saint-Louis de Ganges<\/strong>, les deux adolescents se trouvaient dans un \u00e9tat grave et ont \u00e9t\u00e9 avacu\u00e9s, m\u00e9dicalis\u00e9s, au <strong>CHU de Montpellier,<\/strong> le plus jeune \u00e2g\u00e9 de 14 ans par h\u00e9licopt\u00e8re. Admis au DAR A -d\u00e9partement anesth\u00e9sie r\u00e9animation- \u00e0 Lapeyronie, il est d\u00e9c\u00e9d\u00e9 ce jeudi matin.<\/p>\n<p>Vid\u00e9os : en ce moment sur Actu<\/p>\n<p class=\" wall-content\">Son coll\u00e8gue \u00e2g\u00e9 de 16 ans est hospitalis\u00e9 dans cette unit\u00e9 du DAR A dans un \u00e9tat jug\u00e9 grave, mais sans que le pronostic vital ne soit engag\u00e9. Le chauffeur du camion a \u00e9t\u00e9 retrouv\u00e9 mort.<\/p>\n<p class=\" wall-content\">Personnalisez votre actualit\u00e9 en ajoutant vos villes et m\u00e9dias en favori avec <a href=\"https:\/\/moncompte.actu.fr\" title=\"D\u00e9couvez Mon Actu\" rel=\"nofollow noopener\" data-trk=\"{&quot;cta&quot;:{&quot;action&quot;:&quot;https:\\\/\\\/moncompte.actu.fr&quot;,&quot;category&quot;:&quot;mon compte&quot;,&quot;from&quot;:&quot;article footer&quot;,&quot;name&quot;:&quot;Mon actu&quot;,&quot;type&quot;:&quot;cta&quot;}}\" target=\"_blank\">Mon Actu<\/a>.<\/p>\n","protected":false},"excerpt":{"rendered":"Par Jean-Marc Aubert Publi\u00e9 le 3 sept. 2026 \u00e0 11h25 ; mis \u00e0 jour le 3 sept. 2026&hellip;\n","protected":false},"author":2,"featured_media":801811,"comment_status":"","ping_status":"","sticky":false,"template":"","format":"standard","meta":{"footnotes":"","_share_on_mastodon":"0"},"categories":[9599],"tags":[1111,11,1777,674,118,1011,27,2208,12,2680,25],"class_list":["post-1166076","post","type-post","status-publish","format-standard","has-post-thumbnail","category-montpellier","tag-actu","tag-actualites","tag-eu","tag-europe","tag-faits-divers","tag-fr","tag-france","tag-montpellier","tag-news","tag-occitanie","tag-republique-francaise"],"share_on_mastodon":{"url":"https:\/\/pubeurope.com\/@fr\/117210592277032144","error":""},"_links":{"self":[{"href":"https:\/\/www.europesays.com\/fr\/wp-json\/wp\/v2\/posts\/1166076","targetHints":{"allow":["GET"]}}],"collection":[{"href":"https:\/\/www.europesays.com\/fr\/wp-json\/wp\/v2\/posts"}],"about":[{"href":"https:\/\/www.europesays.com\/fr\/wp-json\/wp\/v2\/types\/post"}],"author":[{"embeddable":true,"href":"https:\/\/www.europesays.com\/fr\/wp-json\/wp\/v2\/users\/2"}],"replies":[{"embeddable":true,"href":"https:\/\/www.europesays.com\/fr\/wp-json\/wp\/v2\/comments?post=1166076"}],"version-history":[{"count":0,"href":"https:\/\/www.europesays.com\/fr\/wp-json\/wp\/v2\/posts\/1166076\/revisions"}],"wp:featuredmedia":[{"embeddable":true,"href":"https:\/\/www.europesays.com\/fr\/wp-json\/wp\/v2\/media\/801811"}],"wp:attachment":[{"href":"https:\/\/www.europesays.com\/fr\/wp-json\/wp\/v2\/media?parent=1166076"}],"wp:term":[{"taxonomy":"category","embeddable":true,"href":"https:\/\/www.europesays.com\/fr\/wp-json\/wp\/v2\/categories?post=1166076"},{"taxonomy":"post_tag","embeddable":true,"href":"https:\/\/www.europesays.com\/fr\/wp-json\/wp\/v2\/tags?post=1166076"}],"curies":[{"name":"wp","href":"https:\/\/api.w.org\/{rel}","templated":true}]}}