{"id":1166079,"date":"2026-09-04T03:17:17","date_gmt":"2026-09-04T03:17:17","guid":{"rendered":"https:\/\/www.europesays.com\/fr\/1166079\/"},"modified":"2026-09-04T03:17:17","modified_gmt":"2026-09-04T03:17:17","slug":"tyrolienne-geante-a-une-hauteur-folle-limpressionnant-exercice-des-pompiers-sur-une-grue-de-chantier-pres-de-rouen","status":"publish","type":"post","link":"https:\/\/www.europesays.com\/fr\/1166079\/","title":{"rendered":"Tyrolienne g\u00e9ante \u00e0 une hauteur folle : l&rsquo;impressionnant exercice des pompiers sur une grue de chantier pr\u00e8s de Rouen"},"content":{"rendered":"<p>                    Par<br \/>\n        <strong><br \/>\n            <a href=\"https:\/\/actu.fr\/auteur\/laredaction\" title=\"Consulter tous les articles de R\u00e9daction Normandie\" rel=\"nofollow noopener\" target=\"_blank\">R\u00e9daction Normandie<\/a><br \/>\n                    <\/strong><\/p>\n<p>        Publi\u00e9 le<\/p>\n<p>            3 sept. 2026 \u00e0 18h22        <\/p>\n<p>\u00c0 la demande de l\u2019adjudant Julien Lacaille, chef du centre de secours et d\u2019incendie de <a href=\"https:\/\/actu.fr\/normandie\/fontaine-le-bourg_76271\" rel=\"nofollow noopener\" target=\"_blank\">Fontaine-le-Bourg<\/a>, cinq sapeurs-pompiers du <strong>Secours en milieu p\u00e9rilleux<\/strong> (SMP) sont venus s\u2019entra\u00eener sur le chantier du futur gymnase samedi 29 ao\u00fbt. \u00ab Nous ne sommes pas form\u00e9s, ni outill\u00e9s pour cela. Si une telle alerte est \u00e9mise par le Centre Op\u00e9rationnel D\u00e9partemental d\u2019Incendie et de Secours (CODIS), nous intervenons pour une reconnaissance, jugeons les besoins et faisons appel au SMP. Nous prendrons ensuite le relais pour la prise en charge et l\u2019\u00e9vacuation de la victime \u00bb, a expliqu\u00e9 le sous-officier.<\/p>\n<p>Deux sc\u00e9narios d\u2019intervention simul\u00e9s \u00e0 haute altitude<\/p>\n<p class=\" wall-content\">Avec les cinq professionnels sp\u00e9cialis\u00e9s, <strong>deux sc\u00e9narios<\/strong> ont \u00e9t\u00e9 mis au point. Dans le premier, \u00c9lodie, sapeur-pompier volontaire, a jou\u00e9 le r\u00f4le d\u2019un grutier victime d\u2019un malaise dans sa cabine, situ\u00e9e \u00e0 26 m\u00e8tres de hauteur. Consciente, elle a \u00e9t\u00e9 descendue dans une civi\u00e8re gr\u00e2ce \u00e0 <strong>une tyrolienne g\u00e9ante<\/strong>. Dans le second sc\u00e9nario, Matthieu, chef de centre en second, a simul\u00e9 un ouvrier bloqu\u00e9 \u00e0 une tr\u00e8s grande hauteur en raison d\u2019une panne de grue. Les sapeurs-pompiers du SMP ont alors <strong>march\u00e9 sur la fl\u00e8che de 60 m\u00e8tres<\/strong> pour intervenir et descendre au bout d\u2019une corde.<\/p>\n<p>Des exercices rares mais essentiels<\/p>\n<p class=\" wall-content\">\u00ab\u00a0Ce sont heureusement des op\u00e9rations qui n\u2019arrivent pas souvent, mais <strong>nous sommes les seuls sp\u00e9cialistes<\/strong> capables d\u2019agir sur ces structures, qui sont solides et disposent de nombreux points d\u2019accroche. C\u2019est une vraie chance de pouvoir s\u2019entra\u00eener sur une vraie grue dans des conditions r\u00e9elles o\u00f9 les principaux risques sont caus\u00e9s par la m\u00e9t\u00e9o, comme le vent, la pluie ou le gel. Nous sommes tous form\u00e9s pour cela avec trois niveaux diff\u00e9rents : sauveteur-\u00e9quipier, chef d\u2019unit\u00e9 et conseiller technique\u00a0\u00bb, a expliqu\u00e9 Christophe, chef d\u2019unit\u00e9.<\/p>\n<p>Une sp\u00e9cialisation d\u00e9partementale<\/p>\n<p class=\" wall-content\">Le d\u00e9partement compte<strong> 65 sapeurs-pompiers<\/strong> sp\u00e9cialis\u00e9s sous le commandement du SDIS76. Ces unit\u00e9s, bas\u00e9es \u00e0 Dieppe, Le Havre et Rouen, interviennent sur des situations vari\u00e9es : falaises, cavit\u00e9s profondes ou encore chantiers. \u00c0 Rouen-Gambetta, l\u2019\u00e9quipe se concentre sur les interventions urbaines et portuaires. Parmi eux, trente sapeurs-pompiers professionnels form\u00e9s pour intervenir sur des immeubles, des bateaux ou des chantiers, et venir en aide aussi bien aux humains qu\u2019aux animaux.<\/p>\n<p>Un entra\u00eenement intensif<\/p>\n<p class=\" wall-content\">Les sp\u00e9cialistes doivent <strong>s\u2019entra\u00eener au moins 40 heures par an<\/strong> hors garde, mais atteignent g\u00e9n\u00e9ralement entre 100 et 150 heures. \u00ab Quand nous avons une grue de chantier \u00e0 disposition, nous n\u2019h\u00e9sitons pas \u00bb, a ajout\u00e9 Christophe.<\/p>\n<p>Suivez l\u2019actualit\u00e9 de Rouen <a href=\"https:\/\/www.whatsapp.com\/channel\/0029VaKfnf99hXF2ddApFB1D\" rel=\"nofollow noopener\" target=\"_blank\">sur notre cha\u00eene WhatsApp<\/a> et <a href=\"https:\/\/www.tiktok.com\/@76actu.fr?lang=fr\" rel=\"nofollow noopener\" target=\"_blank\">sur notre compte TikTok<\/a><\/p>\n<p class=\" wall-content\">Personnalisez votre actualit\u00e9 en ajoutant vos villes et m\u00e9dias en favori avec <a href=\"https:\/\/moncompte.actu.fr\" title=\"D\u00e9couvez Mon Actu\" rel=\"nofollow noopener\" data-trk=\"{&quot;cta&quot;:{&quot;action&quot;:&quot;https:\\\/\\\/moncompte.actu.fr&quot;,&quot;category&quot;:&quot;mon compte&quot;,&quot;from&quot;:&quot;article footer&quot;,&quot;name&quot;:&quot;Mon actu&quot;,&quot;type&quot;:&quot;cta&quot;}}\" target=\"_blank\">Mon Actu<\/a>.<\/p>\n<p>                    <script async src=\"\/\/www.tiktok.com\/embed.js\"><\/script><\/p>\n","protected":false},"excerpt":{"rendered":"Par R\u00e9daction Normandie Publi\u00e9 le 3 sept. 2026 \u00e0 18h22 \u00c0 la demande de l\u2019adjudant Julien Lacaille, chef&hellip;\n","protected":false},"author":2,"featured_media":1166080,"comment_status":"","ping_status":"","sticky":false,"template":"","format":"standard","meta":{"footnotes":"","_share_on_mastodon":"0"},"categories":[9587],"tags":[1111,11,1777,674,1011,27,12,5161,1311,25,9590,104],"class_list":["post-1166079","post","type-post","status-publish","format-standard","has-post-thumbnail","category-rouen","tag-actu","tag-actualites","tag-eu","tag-europe","tag-fr","tag-france","tag-news","tag-normandie","tag-pompiers","tag-republique-francaise","tag-rouen","tag-societe"],"share_on_mastodon":{"url":"https:\/\/pubeurope.com\/@fr\/117210608091829340","error":""},"_links":{"self":[{"href":"https:\/\/www.europesays.com\/fr\/wp-json\/wp\/v2\/posts\/1166079","targetHints":{"allow":["GET"]}}],"collection":[{"href":"https:\/\/www.europesays.com\/fr\/wp-json\/wp\/v2\/posts"}],"about":[{"href":"https:\/\/www.europesays.com\/fr\/wp-json\/wp\/v2\/types\/post"}],"author":[{"embeddable":true,"href":"https:\/\/www.europesays.com\/fr\/wp-json\/wp\/v2\/users\/2"}],"replies":[{"embeddable":true,"href":"https:\/\/www.europesays.com\/fr\/wp-json\/wp\/v2\/comments?post=1166079"}],"version-history":[{"count":0,"href":"https:\/\/www.europesays.com\/fr\/wp-json\/wp\/v2\/posts\/1166079\/revisions"}],"wp:featuredmedia":[{"embeddable":true,"href":"https:\/\/www.europesays.com\/fr\/wp-json\/wp\/v2\/media\/1166080"}],"wp:attachment":[{"href":"https:\/\/www.europesays.com\/fr\/wp-json\/wp\/v2\/media?parent=1166079"}],"wp:term":[{"taxonomy":"category","embeddable":true,"href":"https:\/\/www.europesays.com\/fr\/wp-json\/wp\/v2\/categories?post=1166079"},{"taxonomy":"post_tag","embeddable":true,"href":"https:\/\/www.europesays.com\/fr\/wp-json\/wp\/v2\/tags?post=1166079"}],"curies":[{"name":"wp","href":"https:\/\/api.w.org\/{rel}","templated":true}]}}