{"id":1166087,"date":"2026-09-04T03:24:24","date_gmt":"2026-09-04T03:24:24","guid":{"rendered":"https:\/\/www.europesays.com\/fr\/1166087\/"},"modified":"2026-09-04T03:24:24","modified_gmt":"2026-09-04T03:24:24","slug":"un-moment-charniere-le-festival-les-trans-musicales-contraint-de-supprimer-des-emplois-pour-preserver-le-projet","status":"publish","type":"post","link":"https:\/\/www.europesays.com\/fr\/1166087\/","title":{"rendered":"\u00ab\u00a0Un moment charni\u00e8re\u00a0\u00bb: le festival les Trans Musicales contraint de supprimer des emplois pour \u00ab\u00a0pr\u00e9server le projet\u00a0\u00bb"},"content":{"rendered":"<p data-ofstats-scroll=\"read_depth_10\">On cr\u00e9e les conditions de sortir de l\u2019angle mort\u00a0\u00bb,explique Erwan Gouadec, directeur g\u00e9n\u00e9ral de l\u2019association des <a href=\"https:\/\/www.ouest-france.fr\/festivals\/trans-musicales\/\" target=\"_self\" rel=\"nofollow noopener\">Trans Musicales<\/a>. <a href=\"https:\/\/www.ouest-france.fr\/bretagne\/rennes-35000\/plan-de-licenciement-aux-trans-musicales-de-rennes-le-syndicat-cgt-reagit-092e053a-717f-11f1-a0e7-4fa27dc4c816\" rel=\"nofollow noopener\" target=\"_blank\">La nouvelle a d\u00e9j\u00e0 \u00e9t\u00e9 annonc\u00e9e<\/a> mais l\u2019\u00e9quipe ne s\u2019\u00e9tait pas encore expliqu\u00e9e sur la d\u00e9cision de supprimer quatre des dix-sept emplois permanents.<\/p>\n<p data-ofstats-scroll=\"read_depth_30\">Atypiques \u00e0 bien des \u00e9gards, ligne artistique, histoire, implantation, engagements \u00e9co-responsables, les Trans Musicales \u00e0 Rennes sont n\u00e9es en 1979. Mais n\u2019\u00e9chappent pas, comme tous les festivals, \u00e0 ce qui est commun\u00e9ment appel\u00e9 \u00ab\u00a0l\u2019effet ciseau\u00a0\u00bb. Ce dernier conjugue baisse des subventions publiques et inflation des co\u00fbts de production, des frais de s\u00e9curit\u00e9, des h\u00e9bergements, des transports, de l\u2019\u00e9nergie\u2026 M\u00eame en \u00e9tant sur des taux de remplissage quasiment \u00e0 100\u00a0%, on n\u2019est plus forc\u00e9ment \u00e0 l\u2019\u00e9quilibre,explique Erwan Gouadec. Il est\u00a0plus que n\u00e9cessaire d\u2019anticiper des temps qui vont \u00eatre de plus en plus complexes.<\/p>\n<p>                        <img decoding=\"async\" class=\"su-media\" title=\"Maurice Lidou, tr\u00e9sorier, Erwan Gouadec, directeur g\u00e9n\u00e9ral et Samia Djitli, pr\u00e9sidente de l\u2019association Trans Musicales\" src=\"data:image\/png;base64,iVBORw0KGgoAAAANSUhEUgAAABAAAAAJCAYAAAA7KqwyAAAAGXRFWHRTb2Z0d2FyZQBBZG9iZSBJbWFnZVJlYWR5ccllPAAAABhJREFUeNpi\/P\/\/PwMlgHHUgFEDgAAgwAD+lBrvy+NcxAAAAABJRU5ErkJggg==\" data-oflazyload=\"{&quot;srcset&quot;:&quot;https:\/\/media.ouest-france.fr\/v1\/pictures\/MjAyNjA5YjczNWEwM2EzYTljNjgwNTU1OTc5YWVlMzE4ZThiNjU?width=320&amp;focuspoint=50%2C25&amp;cropresize=1&amp;client_id=bpeditorial&amp;sign=df9991d850a0ebdbcface13fc7315ec000624bc582ce44dca16d4f5e8a5c4a0b 280w, https:\/\/media.ouest-france.fr\/v1\/pictures\/MjAyNjA5YjczNWEwM2EzYTljNjgwNTU1OTc5YWVlMzE4ZThiNjU?width=375&amp;focuspoint=50%2C25&amp;cropresize=1&amp;client_id=bpeditorial&amp;sign=263251d91f7d185833f7fc217e5b15b05863aa0f43f2b4a669a87fe9193d3824 360w, https:\/\/media.ouest-france.fr\/v1\/pictures\/MjAyNjA5YjczNWEwM2EzYTljNjgwNTU1OTc5YWVlMzE4ZThiNjU?width=480&amp;focuspoint=50%2C25&amp;cropresize=1&amp;client_id=bpeditorial&amp;sign=fe07a77498780fd2fe938d0e402d2a0055513fdaef619fbffbcd298bccde6f31 480w, https:\/\/media.ouest-france.fr\/v1\/pictures\/MjAyNjA5YjczNWEwM2EzYTljNjgwNTU1OTc5YWVlMzE4ZThiNjU?width=630&amp;focuspoint=50%2C25&amp;cropresize=1&amp;client_id=bpeditorial&amp;sign=2f34c44be2290724160b92e2bb207f60f49fe3f96b1d6df2b8a971ba9c80ffd6 630w, https:\/\/media.ouest-france.fr\/v1\/pictures\/MjAyNjA5YjczNWEwM2EzYTljNjgwNTU1OTc5YWVlMzE4ZThiNjU?width=940&amp;focuspoint=50%2C25&amp;cropresize=1&amp;client_id=bpeditorial&amp;sign=c57202b594be8dadc292ad1137f0e2bae77ed407105e90476edfe2702007d2c1 940w, https:\/\/media.ouest-france.fr\/v1\/pictures\/MjAyNjA5YjczNWEwM2EzYTljNjgwNTU1OTc5YWVlMzE4ZThiNjU?width=1260&amp;focuspoint=50%2C25&amp;cropresize=1&amp;client_id=bpeditorial&amp;sign=2079ff312b773ee7cc112405bb51111c62b1f9208649e01ca1fe30a1ec75f8fc 1260w&quot; }\"\/><\/p>\n<p>                    Maurice Lidou, tr\u00e9sorier, Erwan Gouadec, directeur g\u00e9n\u00e9ral et Samia Djitli, pr\u00e9sidente de l\u2019association Trans Musicales | OUEST-FRANCE<br \/>\n                    Voir en plein \u00e9cran<\/p>\n<p>                    <img decoding=\"async\" class=\"media\" title=\"Maurice Lidou, tr\u00e9sorier, Erwan Gouadec, directeur g\u00e9n\u00e9ral et Samia Djitli, pr\u00e9sidente de l\u2019association Trans Musicales\" data-oflazyload=\"{&quot;srcset&quot;:&quot;https:\/\/media.ouest-france.fr\/v1\/pictures\/MjAyNjA5YjczNWEwM2EzYTljNjgwNTU1OTc5YWVlMzE4ZThiNjU?width=320&amp;focuspoint=50%2C25&amp;cropresize=1&amp;client_id=bpeditorial&amp;sign=df9991d850a0ebdbcface13fc7315ec000624bc582ce44dca16d4f5e8a5c4a0b 280w, https:\/\/media.ouest-france.fr\/v1\/pictures\/MjAyNjA5YjczNWEwM2EzYTljNjgwNTU1OTc5YWVlMzE4ZThiNjU?width=375&amp;focuspoint=50%2C25&amp;cropresize=1&amp;client_id=bpeditorial&amp;sign=263251d91f7d185833f7fc217e5b15b05863aa0f43f2b4a669a87fe9193d3824 360w, https:\/\/media.ouest-france.fr\/v1\/pictures\/MjAyNjA5YjczNWEwM2EzYTljNjgwNTU1OTc5YWVlMzE4ZThiNjU?width=480&amp;focuspoint=50%2C25&amp;cropresize=1&amp;client_id=bpeditorial&amp;sign=fe07a77498780fd2fe938d0e402d2a0055513fdaef619fbffbcd298bccde6f31 480w, https:\/\/media.ouest-france.fr\/v1\/pictures\/MjAyNjA5YjczNWEwM2EzYTljNjgwNTU1OTc5YWVlMzE4ZThiNjU?width=630&amp;focuspoint=50%2C25&amp;cropresize=1&amp;client_id=bpeditorial&amp;sign=2f34c44be2290724160b92e2bb207f60f49fe3f96b1d6df2b8a971ba9c80ffd6 630w, https:\/\/media.ouest-france.fr\/v1\/pictures\/MjAyNjA5YjczNWEwM2EzYTljNjgwNTU1OTc5YWVlMzE4ZThiNjU?width=940&amp;focuspoint=50%2C25&amp;cropresize=1&amp;client_id=bpeditorial&amp;sign=c57202b594be8dadc292ad1137f0e2bae77ed407105e90476edfe2702007d2c1 940w, https:\/\/media.ouest-france.fr\/v1\/pictures\/MjAyNjA5YjczNWEwM2EzYTljNjgwNTU1OTc5YWVlMzE4ZThiNjU?width=1260&amp;focuspoint=50%2C25&amp;cropresize=1&amp;client_id=bpeditorial&amp;sign=2079ff312b773ee7cc112405bb51111c62b1f9208649e01ca1fe30a1ec75f8fc 1260w&quot; }\"\/><br \/>\n                    Maurice Lidou, tr\u00e9sorier, Erwan Gouadec, directeur g\u00e9n\u00e9ral et Samia Djitli, pr\u00e9sidente de l\u2019association Trans Musicales | OUEST-FRANCE<\/p>\n<p>        Un mod\u00e8le \u00e9conomique \u00e0 bout de souffle<\/p>\n<p data-ofstats-scroll=\"read_depth_50\">En 2025, l\u2019ann\u00e9e avait commenc\u00e9 avec <a href=\"https:\/\/www.ouest-france.fr\/festivals\/trans-musicales\/trans-musicales-de-rennes-quand-on-a-200-000-euros-a-trouver-on-est-oblige-de-prendre-des-decisions-fortes-582b3cb6-cab8-11f0-8e72-0bb15ba0f998\" target=\"_self\" rel=\"nofollow noopener\">un d\u00e9ficit pr\u00e9visionnel l\u00e9g\u00e8rement inf\u00e9rieur \u00e0 200\u00a0000\u00a0\u20ac<\/a>, d\u2019o\u00f9 un plan d\u2019\u00e9conomie, sur des d\u00e9penses d\u2019am\u00e9nagement, de sc\u00e9nographie, et qui a men\u00e9 \u00e0 la <a href=\"https:\/\/www.ouest-france.fr\/festivals\/trans-musicales\/plus-de-compil-ni-de-concerts-a-lubu-les-trans-musicales-serrent-la-vis-budgetaire-cc65b842-8ff1-11f0-97e6-741179c952b9\" target=\"_self\" rel=\"nofollow noopener\">fermeture de l\u2019Ubu pendant le festival<\/a>. Malgr\u00e9 tout, on a fini avec un l\u00e9ger d\u00e9ficit de 20\u00a0000\u00a0\u20ac, soit 0,4\u00a0% d\u2019un budget de presque 4\u00a0millions d\u2019euros\u00a0(43\u00a0% de financement public, 57\u00a0% d\u2019autofinancement).<\/p>\n<p data-ofstats-scroll=\"read_depth_60\">Et un nouveau d\u00e9ficit pr\u00e9visionnel \u00e0 200\u00a0000\u00a0\u20ac \u00e9tait identifi\u00e9 d\u00e9but 2026, d\u2019o\u00f9 un nouveau plan d\u2019\u00e9conomie. Avec des renoncements en pr\u00e9servant autant que possible l\u2019artistique. Notre gestion est saine, c\u2019est donc le signe que quelque chose est en train de se serrer compl\u00e8tement.<\/p>\n<\/p>\n<p>        \u00ab\u00a0Pas d\u2019autres choix\u00a0\u00bb<\/p>\n<p data-ofstats-scroll=\"read_depth_70\">Aussi, face \u00e0 un mod\u00e8le \u00e9conomique \u00e0 bout de souffle, le conseil d\u2019administration dans un esprit de responsabilit\u00e9\u00a0\u00bb,a ent\u00e9rin\u00e9 la lourde d\u00e9cision de s\u2019attaquer \u00e0 la masse salariale\u00a0: On n\u2019avait pas d\u2019autre choix pour pr\u00e9server le projet, le faire perdurer. C\u2019est un nouveau chapitre \u00e0 \u00e9crire, inconnu dans le contexte social, politique, environnemental. Il va falloir cogiter, qu\u2019on se mette en \u00e9bullition avec nos partenaires,expliquent\u00a0Maurice Lidou, tr\u00e9sorier, et Samia Djitli, pr\u00e9sidente de l\u2019association Trans Musicales. Ne pas prendre cette d\u00e9cision, c\u2019\u00e9tait aller dans le mur dans deux ans.<\/p>\n<p>                        <img decoding=\"async\" class=\"su-media\" title=\"L\u2019affiche de la 48e \u00e9dition des Trans Musicales a \u00e9t\u00e9 r\u00e9alis\u00e9e par Brulex.\" src=\"data:image\/png;base64,iVBORw0KGgoAAAANSUhEUgAAABAAAAAJCAYAAAA7KqwyAAAAGXRFWHRTb2Z0d2FyZQBBZG9iZSBJbWFnZVJlYWR5ccllPAAAABhJREFUeNpi\/P\/\/PwMlgHHUgFEDgAAgwAD+lBrvy+NcxAAAAABJRU5ErkJggg==\" data-oflazyload=\"{&quot;srcset&quot;:&quot;https:\/\/media.ouest-france.fr\/v1\/pictures\/MjAyNjA5Y2E0M2VjYjI4NmJjYWMyN2JhOTlhYWNjNzJhOTgyZWE?width=320&amp;focuspoint=50%2C25&amp;cropresize=1&amp;client_id=bpeditorial&amp;sign=7eab9c91da39e4bc4fcff5379a8723f62e90cba3e6f555cb5814f0d48c8dfb5c 280w, https:\/\/media.ouest-france.fr\/v1\/pictures\/MjAyNjA5Y2E0M2VjYjI4NmJjYWMyN2JhOTlhYWNjNzJhOTgyZWE?width=375&amp;focuspoint=50%2C25&amp;cropresize=1&amp;client_id=bpeditorial&amp;sign=c317479e2c2cd1d2c8182219d16d79286e2d4caba280e08a9cb5c0ce3dc81f00 360w, https:\/\/media.ouest-france.fr\/v1\/pictures\/MjAyNjA5Y2E0M2VjYjI4NmJjYWMyN2JhOTlhYWNjNzJhOTgyZWE?width=480&amp;focuspoint=50%2C25&amp;cropresize=1&amp;client_id=bpeditorial&amp;sign=3960dcab4f8e0ccd109e94adccc7c70bd02021d1d4279f7e1d4e89c975c67050 480w, https:\/\/media.ouest-france.fr\/v1\/pictures\/MjAyNjA5Y2E0M2VjYjI4NmJjYWMyN2JhOTlhYWNjNzJhOTgyZWE?width=630&amp;focuspoint=50%2C25&amp;cropresize=1&amp;client_id=bpeditorial&amp;sign=ed9ff4c1710f62442cca6a6fa024d92838cce9df3fc603a741f818864f824a67 630w, https:\/\/media.ouest-france.fr\/v1\/pictures\/MjAyNjA5Y2E0M2VjYjI4NmJjYWMyN2JhOTlhYWNjNzJhOTgyZWE?width=940&amp;focuspoint=50%2C25&amp;cropresize=1&amp;client_id=bpeditorial&amp;sign=e4312ef6c67be301e4c66559b2db14c9edb80cf60240b046f65b79c1ef3d090f 940w, https:\/\/media.ouest-france.fr\/v1\/pictures\/MjAyNjA5Y2E0M2VjYjI4NmJjYWMyN2JhOTlhYWNjNzJhOTgyZWE?width=1260&amp;focuspoint=50%2C25&amp;cropresize=1&amp;client_id=bpeditorial&amp;sign=49d27ec60e2669b1e19cc229d367226c03265d650a95c7367ad51f3d5188464b 1260w&quot; }\"\/><\/p>\n<p>                    L\u2019affiche de la 48e \u00e9dition des Trans Musicales a \u00e9t\u00e9 r\u00e9alis\u00e9e par Brulex. | BRULEX\/ TRANS MUSICALES<br \/>\n                    Voir en plein \u00e9cran<\/p>\n<p>                    <img decoding=\"async\" class=\"media\" title=\"L\u2019affiche de la 48e \u00e9dition des Trans Musicales a \u00e9t\u00e9 r\u00e9alis\u00e9e par Brulex.\" data-oflazyload=\"{&quot;srcset&quot;:&quot;https:\/\/media.ouest-france.fr\/v1\/pictures\/MjAyNjA5Y2E0M2VjYjI4NmJjYWMyN2JhOTlhYWNjNzJhOTgyZWE?width=320&amp;focuspoint=50%2C25&amp;cropresize=1&amp;client_id=bpeditorial&amp;sign=7eab9c91da39e4bc4fcff5379a8723f62e90cba3e6f555cb5814f0d48c8dfb5c 280w, https:\/\/media.ouest-france.fr\/v1\/pictures\/MjAyNjA5Y2E0M2VjYjI4NmJjYWMyN2JhOTlhYWNjNzJhOTgyZWE?width=375&amp;focuspoint=50%2C25&amp;cropresize=1&amp;client_id=bpeditorial&amp;sign=c317479e2c2cd1d2c8182219d16d79286e2d4caba280e08a9cb5c0ce3dc81f00 360w, https:\/\/media.ouest-france.fr\/v1\/pictures\/MjAyNjA5Y2E0M2VjYjI4NmJjYWMyN2JhOTlhYWNjNzJhOTgyZWE?width=480&amp;focuspoint=50%2C25&amp;cropresize=1&amp;client_id=bpeditorial&amp;sign=3960dcab4f8e0ccd109e94adccc7c70bd02021d1d4279f7e1d4e89c975c67050 480w, https:\/\/media.ouest-france.fr\/v1\/pictures\/MjAyNjA5Y2E0M2VjYjI4NmJjYWMyN2JhOTlhYWNjNzJhOTgyZWE?width=630&amp;focuspoint=50%2C25&amp;cropresize=1&amp;client_id=bpeditorial&amp;sign=ed9ff4c1710f62442cca6a6fa024d92838cce9df3fc603a741f818864f824a67 630w, https:\/\/media.ouest-france.fr\/v1\/pictures\/MjAyNjA5Y2E0M2VjYjI4NmJjYWMyN2JhOTlhYWNjNzJhOTgyZWE?width=940&amp;focuspoint=50%2C25&amp;cropresize=1&amp;client_id=bpeditorial&amp;sign=e4312ef6c67be301e4c66559b2db14c9edb80cf60240b046f65b79c1ef3d090f 940w, https:\/\/media.ouest-france.fr\/v1\/pictures\/MjAyNjA5Y2E0M2VjYjI4NmJjYWMyN2JhOTlhYWNjNzJhOTgyZWE?width=1260&amp;focuspoint=50%2C25&amp;cropresize=1&amp;client_id=bpeditorial&amp;sign=49d27ec60e2669b1e19cc229d367226c03265d650a95c7367ad51f3d5188464b 1260w&quot; }\"\/><br \/>\n                    L\u2019affiche de la 48e \u00e9dition des Trans Musicales a \u00e9t\u00e9 r\u00e9alis\u00e9e par Brulex. | BRULEX\/ TRANS MUSICALES<\/p>\n<p>        Augmentation des tarifs et libre participation propos\u00e9e au Libert\u00e9<\/p>\n<p data-ofstats-scroll=\"read_depth_90\">Le festival des Trans Musicales, qui emploie 36\u00a0\u00e9quivalents temps plein \u00e0 l\u2019ann\u00e9e, 600\u00a0personnes pendant le festival, aura bien lieu du 2 au 6\u00a0d\u00e9cembre 2026, sans l\u2019Ubu, avec toujours 76\u00a0groupes de musique \u00e9mergents de tous pays, toutes esth\u00e9tiques, <a href=\"https:\/\/www.ouest-france.fr\/festivals\/trans-musicales\/qui-est-teddybear-nouvelle-sensation-belge-qui-fera-la-creation-des-prochaines-trans-musicales-a-rennes-8fcebc1e-7c43-11f1-a3cc-61ee167b6bba\" target=\"_self\" rel=\"nofollow noopener\">la cr\u00e9ation de l\u2019Aire Libre<\/a>.\u00a0On doit proc\u00e9der \u00e0 une augmentation de tous les tarifs de billetterie du festival, en r\u00e9ponse \u00e0 la situation budg\u00e9taire de d\u00e9but d\u2019ann\u00e9e\u00a0\u00bb,pr\u00e9cise Erwan Gouadec.\u00a0<a href=\"https:\/\/www.ouest-france.fr\/festivals\/trans-musicales\/aux-trans-musicales-a-rennes-encore-plus-de-liberte-pour-les-concerts-gratuits-ac6d1452-9527-11ee-acd4-3231fc8195a7\" target=\"_self\" rel=\"nofollow noopener\">Le Libert\u00e9 restera gratuit<\/a>, mais une libre participation sera propos\u00e9e aux festivaliers qui le souhaitent.<\/p>\n<p data-ofstats-scroll=\"read_depth_100\">Quant \u00e0 la programmation, <a href=\"https:\/\/www.lestrans.com\/le-festival\/\" target=\"_self\" rel=\"nofollow noopener\">le festival<\/a> la d\u00e9voilera le 17\u00a0septembre 2026, d\u00e8s 17\u00a0h\u00a030, salle de la Cit\u00e9 \u00e0 Rennes.<\/p>\n","protected":false},"excerpt":{"rendered":"On cr\u00e9e les conditions de sortir de l\u2019angle mort\u00a0\u00bb,explique Erwan Gouadec, directeur g\u00e9n\u00e9ral de l\u2019association des Trans Musicales.&hellip;\n","protected":false},"author":2,"featured_media":1166088,"comment_status":"","ping_status":"","sticky":false,"template":"","format":"standard","meta":{"footnotes":"","_share_on_mastodon":"0"},"categories":[2821],"tags":[1111,11,829,251,341,1777,674,3337,1011,27,1698,12,584,25,67953],"class_list":["post-1166087","post","type-post","status-publish","format-standard","has-post-thumbnail","category-rennes","tag-actu","tag-actualites","tag-bretagne","tag-culture","tag-emploi","tag-eu","tag-europe","tag-festivals","tag-fr","tag-france","tag-musiques","tag-news","tag-rennes","tag-republique-francaise","tag-trans-musicales"],"share_on_mastodon":{"url":"https:\/\/pubeurope.com\/@fr\/117210635635715209","error":""},"_links":{"self":[{"href":"https:\/\/www.europesays.com\/fr\/wp-json\/wp\/v2\/posts\/1166087","targetHints":{"allow":["GET"]}}],"collection":[{"href":"https:\/\/www.europesays.com\/fr\/wp-json\/wp\/v2\/posts"}],"about":[{"href":"https:\/\/www.europesays.com\/fr\/wp-json\/wp\/v2\/types\/post"}],"author":[{"embeddable":true,"href":"https:\/\/www.europesays.com\/fr\/wp-json\/wp\/v2\/users\/2"}],"replies":[{"embeddable":true,"href":"https:\/\/www.europesays.com\/fr\/wp-json\/wp\/v2\/comments?post=1166087"}],"version-history":[{"count":0,"href":"https:\/\/www.europesays.com\/fr\/wp-json\/wp\/v2\/posts\/1166087\/revisions"}],"wp:featuredmedia":[{"embeddable":true,"href":"https:\/\/www.europesays.com\/fr\/wp-json\/wp\/v2\/media\/1166088"}],"wp:attachment":[{"href":"https:\/\/www.europesays.com\/fr\/wp-json\/wp\/v2\/media?parent=1166087"}],"wp:term":[{"taxonomy":"category","embeddable":true,"href":"https:\/\/www.europesays.com\/fr\/wp-json\/wp\/v2\/categories?post=1166087"},{"taxonomy":"post_tag","embeddable":true,"href":"https:\/\/www.europesays.com\/fr\/wp-json\/wp\/v2\/tags?post=1166087"}],"curies":[{"name":"wp","href":"https:\/\/api.w.org\/{rel}","templated":true}]}}