{"id":1166097,"date":"2026-09-04T03:32:25","date_gmt":"2026-09-04T03:32:25","guid":{"rendered":"https:\/\/www.europesays.com\/fr\/1166097\/"},"modified":"2026-09-04T03:32:25","modified_gmt":"2026-09-04T03:32:25","slug":"soyez-feministes-dans-ces-colleges-de-loire-atlantique-une-rentree-sous-le-signe-de-legalite","status":"publish","type":"post","link":"https:\/\/www.europesays.com\/fr\/1166097\/","title":{"rendered":"\u00ab\u00a0Soyez f\u00e9ministes\u00a0!\u00a0\u00bb\u00a0: dans ces coll\u00e8ges de Loire-Atlantique, une rentr\u00e9e sous le signe de l\u2019\u00e9galit\u00e9"},"content":{"rendered":"<p>\n                Article premium,<br \/>\n                    R\u00e9serv\u00e9 aux\u00a0abonn\u00e9s\n            <\/p>\n<p class=\"su-standfirst chapeau\">En cette rentr\u00e9e 2026, quatre coll\u00e8ges de Loire-Atlantique ont chang\u00e9 de nom au profit d\u2019une personnalit\u00e9 f\u00e9minine de premier plan. \u00c0 Nantes, c\u2019est notamment le cas de l\u2019ex-coll\u00e8ge Chantenay.<\/p>\n<p>                                        <img decoding=\"async\" class=\"su-media\" src=\"https:\/\/media.ouest-france.fr\/v1\/pictures\/MjAyNjA5MWVlODA0YmU2ZDY3ZmZiMDk5ODIxZjhlMmQyNDQ4ZTY?width=630&amp;height=354&amp;focuspoint=49%2C54&amp;cropresize=1&amp;client_id=bpeditorial&amp;sign=a1c09feed2a895f52e9728b824d7839430d8c3cedc19b49fd29655874860c19f\" alt=\"Suzanne, 12\u00a0ans, a d\u00e9voil\u00e9 la plaque du coll\u00e8ge Gis\u00e8le-Halimi en compagnie de sa principale, Cathy Rodier, et du pr\u00e9sident du D\u00e9partement, Michel M\u00e9nard.\"  \/><\/p>\n<p>                            Suzanne, 12\u00a0ans, a d\u00e9voil\u00e9 la plaque du coll\u00e8ge Gis\u00e8le-Halimi en compagnie de sa principale, Cathy Rodier, et du pr\u00e9sident du D\u00e9partement, Michel M\u00e9nard. | PHOTO PRESSE OC\u00c9AN<\/p>\n<p>                            fermer<\/p>\n<ul class=\"su-row su-carrousel-container su-not-list\" data-suswipe=\"{\" rambo=\"\" .carrousel-nav-bas=\"\" .item=\"\">\n<li class=\"su-col-xs-6 su-col-md-24 carrousel-contenu su-carrousel-item\" data-ofvwidth=\"{\" mobileonly=\"\"><img decoding=\"async\" data-ofmaxheight=\"\" class=\"su-media lazyload\" alt=\"Suzanne, 12\u00a0ans, a d\u00e9voil\u00e9 la plaque du coll\u00e8ge Gis\u00e8le-Halimi en compagnie de sa principale, Cathy Rodier, et du pr\u00e9sident du D\u00e9partement, Michel M\u00e9nard.\" src=\"data:image\/png;base64,iVBORw0KGgoAAAANSUhEUgAAABAAAAAJCAYAAAA7KqwyAAAAGXRFWHRTb2Z0d2FyZQBBZG9iZSBJbWFnZVJlYWR5ccllPAAAABhJREFUeNpi\/P\/\/PwMlgHHUgFEDgAAgwAD+lBrvy+NcxAAAAABJRU5ErkJggg==\" data-oflazyload=\"{&quot;srcset&quot;:&quot;https:\/\/media.ouest-france.fr\/v1\/pictures\/MjAyNjA5MWVlODA0YmU2ZDY3ZmZiMDk5ODIxZjhlMmQyNDQ4ZTY?width=320&amp;focuspoint=49%2C54&amp;cropresize=1&amp;client_id=bpeditorial&amp;sign=2e5f6061d2b45421734b048c70b92ddd182f592cd11e7075bcd024ac68573941 320w,https:\/\/media.ouest-france.fr\/v1\/pictures\/MjAyNjA5MWVlODA0YmU2ZDY3ZmZiMDk5ODIxZjhlMmQyNDQ4ZTY?width=375&amp;focuspoint=49%2C54&amp;cropresize=1&amp;client_id=bpeditorial&amp;sign=022088955d3a891d616df32083338c6f93e1efdb62eed720b2d9909822c43ab2 360w,https:\/\/media.ouest-france.fr\/v1\/pictures\/MjAyNjA5MWVlODA0YmU2ZDY3ZmZiMDk5ODIxZjhlMmQyNDQ4ZTY?width=480&amp;focuspoint=49%2C54&amp;cropresize=1&amp;client_id=bpeditorial&amp;sign=df610211646f6cab70950cfe2f290b29617a60ed87332a62f765b3ee069da5cf 480w,https:\/\/media.ouest-france.fr\/v1\/pictures\/MjAyNjA5MWVlODA0YmU2ZDY3ZmZiMDk5ODIxZjhlMmQyNDQ4ZTY?width=630&amp;focuspoint=49%2C54&amp;cropresize=1&amp;client_id=bpeditorial&amp;sign=447ccb030d9b34b180811658966411ddb0985cdd63b750c0329e09af15120923 630w,https:\/\/media.ouest-france.fr\/v1\/pictures\/MjAyNjA5MWVlODA0YmU2ZDY3ZmZiMDk5ODIxZjhlMmQyNDQ4ZTY?width=940&amp;focuspoint=49%2C54&amp;cropresize=1&amp;client_id=bpeditorial&amp;sign=f4e5d9cef48aba76b39972e11ea7baccc0ecdcc974054284159ddd22a57137a0 940w,https:\/\/media.ouest-france.fr\/v1\/pictures\/MjAyNjA5MWVlODA0YmU2ZDY3ZmZiMDk5ODIxZjhlMmQyNDQ4ZTY?width=1260&amp;focuspoint=49%2C54&amp;cropresize=1&amp;client_id=bpeditorial&amp;sign=5778633f6b1a5af0299cbb7fe7f9e6cae998b390328e424c57081246969a1891 1260w&quot;}\"\/>Suzanne, 12\u00a0ans, a d\u00e9voil\u00e9 la plaque du coll\u00e8ge Gis\u00e8le-Halimi en compagnie de sa principale, Cathy Rodier, et du pr\u00e9sident du D\u00e9partement, Michel M\u00e9nard. | PHOTO PRESSE OC\u00c9AN<\/li>\n<\/ul>\n<p data-ofstats-scroll=\"read_depth_20\">Ne l\u2019appelez plus coll\u00e8ge Chantenay. L\u2019\u00e9tablissement public nantais a chang\u00e9 de nom. Il rend d\u00e9sormais hommage \u00e0 Gis\u00e8le Halimi, ancienne avocate et figure du f\u00e9minisme en France. Le D\u00e9partement entend ainsi mettre en lumi\u00e8re l\u2019histoire de cette grande dame et ses combats, explique son pr\u00e9sident, le socialiste Michel M\u00e9nard pr\u00e9sent, mardi matin, pour la rentr\u00e9e des sixi\u00e8mes\u00a0(ndlr, le coll\u00e8ge compte 705\u00a0\u00e9l\u00e8ves).<\/p>\n<p>LIRE AUSSI. <a href=\"https:\/\/www.ouest-france.fr\/pays-de-la-loire\/loire-atlantique\/rentree-scolaire-la-cyberattaque-est-toujours-en-cours-selon-ce-syndicat-91469532-a79d-11f1-95a1-d7cb1b3759ac\" target=\"_self\" rel=\"nofollow noopener\">Rentr\u00e9e scolaire : en Loire-Atlantique, \u00ab une cyberattaque est toujours en&#8230;<\/a><\/p>\n<p style=\"text-align: center; background-color: #dbbe4d; padding-top: 5px; padding-bottom: 5px; font-size: 14px;\"><strong>D\u00e9j\u00e0 abonn\u00e9 ? <\/strong><a data-trkartmonet=\"Identification\" data-trk-sipa=\"{\" blockcategory=\"\" paywall=\"\" href=\"http:\/\/www.ouest-france.fr\/login?redirect=https:\/\/www.ouest-france.fr\/education\/ecole\/soyez-feministes-dans-ces-colleges-de-loire-atlantique-une-rentree-sous-le-signe-de-legalite-5261b59a-a6ad-11f1-95a1-d7cb1b3759ac\" rel=\"nofollow noopener\" title=\"Se connecter \u00e0 Ouest-France\" class=\"su-link-light\" target=\"_blank\">Connectez-vous<\/a><\/p>\n<p style=\"text-align: center; padding-top: 15px; padding-bottom: 8px; vertical-align: bottom;\">bloqu\u00e9<strong> Pour lire la suite, abonnez-vous<\/strong><\/p>\n<p style=\"text-align: center;\"><strong>1er mois \u00e0 1\u20ac<\/strong><\/p>\n<p style=\"text-align: center; margin-top: -5px;\">Annulable \u00e0 tout moment<\/p>\n<p style=\"text-align: center;\">\u00a0<\/p>\n<p style=\"text-align: center;\"><a data-ida=\"\" data-trkartmonet=\"Tunnel OF+\" data-trk-sipa=\"{&#010;\" blockcategory=\"\" paywall=\"\" :=\"\" m=\"\" of=\"\" class=\"su-button su-subscription\" data-trk-bloc=\"paywall\" href=\"https:\/\/abonnement.ouest-france.fr\/presse-ocean\/tunnel\/pack-essentiel-article\/122096116098?int_medium=lien&amp;int_campaign=PWFR0225-PO&amp;int_content=page-article-payant_boutonjaune-paywall&amp;marquesource=PO&amp;rt=https:\/\/www.ouest-france.fr\/education\/ecole\/soyez-feministes-dans-ces-colleges-de-loire-atlantique-une-rentree-sous-le-signe-de-legalite-5261b59a-a6ad-11f1-95a1-d7cb1b3759ac\" rel=\"nofollow noopener\" target=\"_blank\"><strong>Je m&rsquo;abonne<\/strong><\/a><\/p>\n<p style=\"text-align: center; padding-top: 10px; padding-bottom: 10px;\"><img decoding=\"async\" src=\"https:\/\/media.ouest-france.fr\/v1\/fonts\/be7723fcee3f1866f1ce99184077fc6f-carte-bancaire.svg?height=36\" alt=\"CB\"\/>\u00a0\u00a0<img decoding=\"async\" src=\"https:\/\/media.ouest-france.fr\/v1\/fonts\/1819d54c599d8afa64539cfba4ac9dde-rib.svg?height=36\" alt=\"RIB\"\/><\/p>\n","protected":false},"excerpt":{"rendered":"Article premium, R\u00e9serv\u00e9 aux\u00a0abonn\u00e9s En cette rentr\u00e9e 2026, quatre coll\u00e8ges de Loire-Atlantique ont chang\u00e9 de nom au profit&hellip;\n","protected":false},"author":2,"featured_media":1166098,"comment_status":"","ping_status":"","sticky":false,"template":"","format":"standard","meta":{"footnotes":"","_share_on_mastodon":"0"},"categories":[2818],"tags":[1111,11,85782,1777,674,6757,1011,27,3047,766,12,2636,25,96],"class_list":["post-1166097","post","type-post","status-publish","format-standard","has-post-thumbnail","category-nantes","tag-actu","tag-actualites","tag-ecole-college-lycee","tag-eu","tag-europe","tag-feminisme","tag-fr","tag-france","tag-loire-atlantique","tag-nantes","tag-news","tag-pays-de-la-loire","tag-republique-francaise","tag-une"],"share_on_mastodon":{"url":"https:\/\/pubeurope.com\/@fr\/117210669073499940","error":""},"_links":{"self":[{"href":"https:\/\/www.europesays.com\/fr\/wp-json\/wp\/v2\/posts\/1166097","targetHints":{"allow":["GET"]}}],"collection":[{"href":"https:\/\/www.europesays.com\/fr\/wp-json\/wp\/v2\/posts"}],"about":[{"href":"https:\/\/www.europesays.com\/fr\/wp-json\/wp\/v2\/types\/post"}],"author":[{"embeddable":true,"href":"https:\/\/www.europesays.com\/fr\/wp-json\/wp\/v2\/users\/2"}],"replies":[{"embeddable":true,"href":"https:\/\/www.europesays.com\/fr\/wp-json\/wp\/v2\/comments?post=1166097"}],"version-history":[{"count":0,"href":"https:\/\/www.europesays.com\/fr\/wp-json\/wp\/v2\/posts\/1166097\/revisions"}],"wp:featuredmedia":[{"embeddable":true,"href":"https:\/\/www.europesays.com\/fr\/wp-json\/wp\/v2\/media\/1166098"}],"wp:attachment":[{"href":"https:\/\/www.europesays.com\/fr\/wp-json\/wp\/v2\/media?parent=1166097"}],"wp:term":[{"taxonomy":"category","embeddable":true,"href":"https:\/\/www.europesays.com\/fr\/wp-json\/wp\/v2\/categories?post=1166097"},{"taxonomy":"post_tag","embeddable":true,"href":"https:\/\/www.europesays.com\/fr\/wp-json\/wp\/v2\/tags?post=1166097"}],"curies":[{"name":"wp","href":"https:\/\/api.w.org\/{rel}","templated":true}]}}