{"id":116611,"date":"2025-05-21T10:22:11","date_gmt":"2025-05-21T10:22:11","guid":{"rendered":"https:\/\/www.europesays.com\/fr\/116611\/"},"modified":"2025-05-21T10:22:11","modified_gmt":"2025-05-21T10:22:11","slug":"deux-hommes-soupconnes-de-vol-chez-une-personne-agee-interpelles-par-la-gendarmerie","status":"publish","type":"post","link":"https:\/\/www.europesays.com\/fr\/116611\/","title":{"rendered":"deux hommes soup\u00e7onn\u00e9s de vol chez une personne \u00e2g\u00e9e interpell\u00e9s par la gendarmerie"},"content":{"rendered":"<p>Les faits se sont produits, mardi 20 mai 2025, aux alentours de 11h45, \u00e0 Aleria. Deux individus se sont pr\u00e9sent\u00e9s au domicile d&rsquo;une personne \u00e2g\u00e9e, pr\u00e9textant des travaux \u00e0 effectuer. Profitant de son \u00e9tat de vuln\u00e9rabilit\u00e9, ils parviennent \u00e0 s&rsquo;introduire dans son logement et y d\u00e9robent environ 1 200 euros en num\u00e9raire, avant de prendre la fuite.<\/p>\n<p>Un important dispositif a \u00e9t\u00e9 mis en place par la gendarmerie pour retrouver les deux hommes. Un premier suspect a \u00e9t\u00e9 rapidement interpell\u00e9. Le second a \u00e9t\u00e9 appr\u00e9hend\u00e9 plus tard dans la journ\u00e9e.<\/p>\n<p>Tous deux ont \u00e9t\u00e9 plac\u00e9s en garde \u00e0 vue.<\/p>\n<p>La gendarmerie poursuit les investigations afin de d\u00e9terminer les circonstances pr\u00e9cises des faits.<\/p>\n","protected":false},"excerpt":{"rendered":"Les faits se sont produits, mardi 20 mai 2025, aux alentours de 11h45, \u00e0 Aleria. Deux individus se&hellip;\n","protected":false},"author":2,"featured_media":116612,"comment_status":"","ping_status":"","sticky":false,"template":"","format":"standard","meta":{"footnotes":""},"categories":[6],"tags":[17,23696,1102,35,3530,4070,33,34,274,1011,27,1101,23697,96,1175],"class_list":{"0":"post-116611","1":"post","2":"type-post","3":"status-publish","4":"format-standard","5":"has-post-thumbnail","7":"category-economie","8":"tag-17","9":"tag-aleria","10":"tag-breakingnews","11":"tag-business","12":"tag-chez","13":"tag-deux","14":"tag-economie","15":"tag-economy","16":"tag-faits-divers-justice","17":"tag-fr","18":"tag-france","19":"tag-hommes","20":"tag-soupconnes","21":"tag-une","22":"tag-vol"},"share_on_mastodon":{"url":"https:\/\/pubeurope.com\/@fr\/114545331074099736","error":""},"_links":{"self":[{"href":"https:\/\/www.europesays.com\/fr\/wp-json\/wp\/v2\/posts\/116611","targetHints":{"allow":["GET"]}}],"collection":[{"href":"https:\/\/www.europesays.com\/fr\/wp-json\/wp\/v2\/posts"}],"about":[{"href":"https:\/\/www.europesays.com\/fr\/wp-json\/wp\/v2\/types\/post"}],"author":[{"embeddable":true,"href":"https:\/\/www.europesays.com\/fr\/wp-json\/wp\/v2\/users\/2"}],"replies":[{"embeddable":true,"href":"https:\/\/www.europesays.com\/fr\/wp-json\/wp\/v2\/comments?post=116611"}],"version-history":[{"count":0,"href":"https:\/\/www.europesays.com\/fr\/wp-json\/wp\/v2\/posts\/116611\/revisions"}],"wp:featuredmedia":[{"embeddable":true,"href":"https:\/\/www.europesays.com\/fr\/wp-json\/wp\/v2\/media\/116612"}],"wp:attachment":[{"href":"https:\/\/www.europesays.com\/fr\/wp-json\/wp\/v2\/media?parent=116611"}],"wp:term":[{"taxonomy":"category","embeddable":true,"href":"https:\/\/www.europesays.com\/fr\/wp-json\/wp\/v2\/categories?post=116611"},{"taxonomy":"post_tag","embeddable":true,"href":"https:\/\/www.europesays.com\/fr\/wp-json\/wp\/v2\/tags?post=116611"}],"curies":[{"name":"wp","href":"https:\/\/api.w.org\/{rel}","templated":true}]}}