{"id":1166131,"date":"2026-09-04T03:59:26","date_gmt":"2026-09-04T03:59:26","guid":{"rendered":"https:\/\/www.europesays.com\/fr\/1166131\/"},"modified":"2026-09-04T03:59:26","modified_gmt":"2026-09-04T03:59:26","slug":"invasion-de-lukraine-moscou-convoque-lambassadeur-de-norvege-apres-la-saisie-dun-navire-russe","status":"publish","type":"post","link":"https:\/\/www.europesays.com\/fr\/1166131\/","title":{"rendered":"Invasion de l&rsquo;Ukraine &#8211; Moscou convoque l&rsquo;ambassadeur de Norv\u00e8ge apr\u00e8s la saisie d&rsquo;un navire russe"},"content":{"rendered":"<p class=\"ap-StoryElement ap-StoryElement--mb ap-StoryText\">Les autorit\u00e9s russes ont d\u00e9nonc\u00e9 \u00ab\u00a0avec fermet\u00e9\u00a0\u00bb la saisie du navire \u00ab\u00a0Professor Molchanov\u00a0\u00bb aupr\u00e8s de l&rsquo;ambassadeur, a indiqu\u00e9 le minist\u00e8re russe. Le navire \u00e9tait en route de ville russe de Mourmansk vers la localit\u00e9 norv\u00e9gienne de Barentsburg, peupl\u00e9e en grande majorit\u00e9 de Russes, avec \u00e0 son bord du personnel de la soci\u00e9t\u00e9 mini\u00e8re Arktikugol, des scientifiques et des vivres. Moscou y voit un acte de piraterie et exige la lib\u00e9ration du bateau. L&rsquo;\u00e9quipage et les passagers re\u00e7oivent une assistance consulaire, ont ajout\u00e9 les autorit\u00e9s russes.<\/p>\n","protected":false},"excerpt":{"rendered":"Les autorit\u00e9s russes ont d\u00e9nonc\u00e9 \u00ab\u00a0avec fermet\u00e9\u00a0\u00bb la saisie du navire \u00ab\u00a0Professor Molchanov\u00a0\u00bb aupr\u00e8s de l&rsquo;ambassadeur, a indiqu\u00e9&hellip;\n","protected":false},"author":2,"featured_media":2837,"comment_status":"","ping_status":"","sticky":false,"template":"","format":"standard","meta":{"footnotes":"","_share_on_mastodon":"0"},"categories":[1590],"tags":[11,312,1777,674,8639,64550,12,673,132,220],"class_list":["post-1166131","post","type-post","status-publish","format-standard","has-post-thumbnail","category-ukraine","tag-actualites","tag-diplomatie","tag-eu","tag-europe","tag-judiciaire","tag-navigation","tag-news","tag-norvege","tag-russie","tag-ukraine"],"share_on_mastodon":{"url":"https:\/\/pubeurope.com\/@fr\/117210773407091832","error":""},"_links":{"self":[{"href":"https:\/\/www.europesays.com\/fr\/wp-json\/wp\/v2\/posts\/1166131","targetHints":{"allow":["GET"]}}],"collection":[{"href":"https:\/\/www.europesays.com\/fr\/wp-json\/wp\/v2\/posts"}],"about":[{"href":"https:\/\/www.europesays.com\/fr\/wp-json\/wp\/v2\/types\/post"}],"author":[{"embeddable":true,"href":"https:\/\/www.europesays.com\/fr\/wp-json\/wp\/v2\/users\/2"}],"replies":[{"embeddable":true,"href":"https:\/\/www.europesays.com\/fr\/wp-json\/wp\/v2\/comments?post=1166131"}],"version-history":[{"count":0,"href":"https:\/\/www.europesays.com\/fr\/wp-json\/wp\/v2\/posts\/1166131\/revisions"}],"wp:featuredmedia":[{"embeddable":true,"href":"https:\/\/www.europesays.com\/fr\/wp-json\/wp\/v2\/media\/2837"}],"wp:attachment":[{"href":"https:\/\/www.europesays.com\/fr\/wp-json\/wp\/v2\/media?parent=1166131"}],"wp:term":[{"taxonomy":"category","embeddable":true,"href":"https:\/\/www.europesays.com\/fr\/wp-json\/wp\/v2\/categories?post=1166131"},{"taxonomy":"post_tag","embeddable":true,"href":"https:\/\/www.europesays.com\/fr\/wp-json\/wp\/v2\/tags?post=1166131"}],"curies":[{"name":"wp","href":"https:\/\/api.w.org\/{rel}","templated":true}]}}