{"id":1166134,"date":"2026-09-04T04:01:17","date_gmt":"2026-09-04T04:01:17","guid":{"rendered":"https:\/\/www.europesays.com\/fr\/1166134\/"},"modified":"2026-09-04T04:01:17","modified_gmt":"2026-09-04T04:01:17","slug":"pousse-par-trump-javier-milei-ressent-des-vents-favorables-pour-la-revendication-des-iles-malouines","status":"publish","type":"post","link":"https:\/\/www.europesays.com\/fr\/1166134\/","title":{"rendered":"Pouss\u00e9 par Trump, Javier Milei ressent des \u00ab\u00a0vents favorables\u00a0\u00bb pour la revendication des \u00eeles Malouines"},"content":{"rendered":"<p>        <img decoding=\"async\" loading=\"lazy\" src=\"https:\/\/www.europesays.com\/fr\/wp-content\/uploads\/2026\/09\/7139144_upload-1-oomerde99g0i-afp-20260903-c79y8xr-v1-highres-chilepoliticsmadridforum.jpg\"  width=\"728\" height=\"409\" alt=\"Javier Milei a affirm\u00e9 que la revendication des \u00eeles Malouines \u00e9tait \u00ab\u00a0la cause la plus importante et la plus sacr\u00e9e pour nous les Argentins\u00a0\u00a0\u00bb\"\/>  <\/p>\n<p>JAVIER TORRES \/ AFP<\/p>\n<p>Javier Milei a affirm\u00e9 que la revendication des \u00eeles Malouines \u00e9tait \u00ab\u00a0la cause la plus importante et la plus sacr\u00e9e pour nous les Argentins\u00a0\u00a0\u00bb<\/p>\n<p class=\"asset asset-text\">Le pr\u00e9sident argentin <a href=\"https:\/\/www.huffingtonpost.fr\/international\/article\/c-est-pour-une-drole-de-raison-que-le-president-argentin-n-ira-pas-a-la-finale-du-mondial_290435.html\" rel=\"nofollow noopener\" target=\"_blank\">Javier Milei<\/a> a invoqu\u00e9 ce jeudi 3\u00a0septembre \u00ab\u00a0des vents favorables\u00a0\u00bb pour la revendication historique de l\u2019Argentine sur <a href=\"https:\/\/www.huffingtonpost.fr\/sport\/article\/coupe-du-monde-que-voulait-dire-cette-banderole-brandie-par-l-argentine-apres-sa-victoire-contre-l-angleterre_289709.html\" rel=\"nofollow noopener\" target=\"_blank\">les \u00eeles Malouines<\/a>, et annonc\u00e9 des sanctions durcies pour des projets p\u00e9troliers autour de l\u2019archipel.<\/p>\n<p class=\"asset asset-text\">Dans une allocution t\u00e9l\u00e9vis\u00e9e, il a annonc\u00e9 un prochain projet de loi pour \u00ab\u00a0durcir les sanctions et les peines \u00e0 l\u2019encontre des entreprises li\u00e9es \u00e0 des op\u00e9rations non autoris\u00e9es\u00a0\u00bb, autour de l\u2019archipel de l\u2019Atlantique sud, dont Buenos Aires et Londres se disputent la souverainet\u00e9.<\/p>\n<p class=\"asset asset-text\">L\u2019annonce intervient quelques jours apr\u00e8s que le pr\u00e9sident am\u00e9ricain Donald Trump, son alli\u00e9 id\u00e9ologique, a dit ne pas exclure de \u00ab\u00a0revoir\u00a0\u00bb la position am\u00e9ricaine de neutralit\u00e9 concernant les Malouines, et dans la foul\u00e9e d\u2019une condamnation par l\u2019Argentine d\u2019un projet d\u2019exploitation p\u00e9troli\u00e8re d\u2019une compagnie britannique au large de l\u2019archipel.<\/p>\n<p>    \u00ab\u00a0Votre pays n\u2019\u00e9tait pas l\u00e0 pour m\u2019aider\u00a0\u00bb    <\/p>\n<p class=\"asset asset-text\">Les \u00c9tats-Unis, comme la plupart des pays occidentaux, reconnaissent \u00e0 ce jour que le Royaume-Uni administre de facto ces \u00eeles, mais ne se prononcent pas sur la souverainet\u00e9 stricto sensu. Elle est l\u2019objet d\u2019une r\u00e9solution de l\u2019ONU qui reconna\u00eet depuis 1965\u00a0l\u2019existence d\u2019un diff\u00e9rend, et enjoint les parties \u00e0 trouver une solution pacifique.<\/p>\n<p class=\"asset asset-text\">\u00ab\u00a0Je passe toujours toutes les positions en revue. C\u2019en est une parmi d\u2019autres\u00a0\u00bb, avait d\u00e9clar\u00e9 lundi le pr\u00e9sident am\u00e9ricain, interrog\u00e9 \u00e0 ce sujet, sans \u00eatre plus explicite.<\/p>\n<p class=\"asset asset-text\">Javier Milei s\u2019\u00e9tait aussit\u00f4t r\u00e9joui de la petite phrase de son homologue am\u00e9ricain, \u00e9voquant \u00ab\u00a0quelque chose de tr\u00e8s fort concernant la cause la plus importante et la plus sacr\u00e9e pour nous les Argentins\u00a0\u00bb.<\/p>\n<p class=\"asset asset-text\">Donald Trump en a remis une couche aupr\u00e8s du m\u00e9dia britannique <a href=\"https:\/\/www.gbnews.com\/politics\/us\/donald-trump-takes-aim-uk-lack-support-iran-war-falklands-row\" target=\"_blank\" rel=\"noopener nofollow\" title=\"Nouvelle fen\u00eatre\">GB News<\/a> ce jeudi, d\u00e9voilant davantage sur sa prise de position. \u00ab\u00a0Votre pays n\u2019\u00e9tait pas l\u00e0 pour m\u2019aider\u00a0\u00bb pour la guerre en Iran, a-t-il ainsi d\u00e9plor\u00e9 \u00e0 plusieurs reprises \u00e0 propos du Royaume-Uni, une rh\u00e9torique que le pr\u00e9sident am\u00e9ricain r\u00e9p\u00e8te tr\u00e8s fr\u00e9quemment \u00e0 propos de ses alli\u00e9s afin de leur mettre la pression.<\/p>\n<p class=\"asset asset-text\">Le <a href=\"https:\/\/www.telegraph.co.uk\/world-news\/2026\/08\/28\/us-uk-boost-defence-spending-lose-falklands-support\/\" target=\"_blank\" rel=\"noopener nofollow\" title=\"Nouvelle fen\u00eatre\">Daily Telegraph<\/a> a \u00e9galement d\u00e9voil\u00e9 que cette d\u00e9claration sur les \u00eeles Malouines visait \u00e0 pousser les Britanniques \u00e0 augmenter leurs d\u00e9penses militaires, une revendication que les \u00c9tats-Unis de Trump mart\u00e8lent \u00e0 leurs partenaires europ\u00e9ens.<\/p>\n<p>    Une revendication historique de l\u2019Argentine    <\/p>\n<p class=\"asset asset-text\">L\u2019archipel des Malouines, situ\u00e9 \u00e0 600\u00a0kilom\u00e8tres de la c\u00f4te patagonienne de l\u2019Argentine, a \u00e9t\u00e9 le th\u00e9\u00e2tre d\u2019une br\u00e8ve guerre entre l\u2019Argentine et le Royaume-Uni en 1982, qui a fait 649\u00a0morts argentins et 255\u00a0morts britanniques en 74\u00a0jours.<\/p>\n<p class=\"asset asset-text\">Co\u00efncidemment mardi, une association d\u2019anciens combattants des Malouines et des avocats d\u00e9fenseurs de l\u2019environnement avaient intent\u00e9 une action en justice en Argentine dans le but d\u2019emp\u00eacher le projet p\u00e9trolier port\u00e9 par la compagnie britannique Rockhopper et l\u2019isra\u00e9lienne Navitas au nord de l\u2019archipel.<\/p>\n<p class=\"asset asset-text\">Les Malouines, administr\u00e9es de facto par le Royaume Uni depuis 1833, hantent la politique et le c\u0153ur de l\u2019Argentine, \u00e0\u00a0la fois totem et ciment, traversant les clivages politiques. Dans la Constitution, les manuels scolaires, sur des fresques murales, des autocollants sur les bus, ou m\u00eame tatou\u00e9 sur la peau, le slogan \u00ab\u00a0Malvinas Argentinas\u00a0\u00bb est omnipr\u00e9sent.<\/p>\n<p class=\"asset asset-text\">De leur c\u00f4t\u00e9, les Britanniques revendiquent pleinement leur souverainet\u00e9 sur ce qu\u2019ils appellent les \u00eeles Falkland, mettant notamment en avant un r\u00e9f\u00e9rendum de 2013, o\u00f9 99,8\u00a0% des habitants avaient vot\u00e9 pour rester un territoire d\u2019outre-mer du Royaume-Uni.<\/p>\n","protected":false},"excerpt":{"rendered":"JAVIER TORRES \/ AFP Javier Milei a affirm\u00e9 que la revendication des \u00eeles Malouines \u00e9tait \u00ab\u00a0la cause la&hellip;\n","protected":false},"author":2,"featured_media":1166135,"comment_status":"","ping_status":"","sticky":false,"template":"","format":"standard","meta":{"footnotes":"","_share_on_mastodon":"0"},"categories":[1588],"tags":[11,6715,75,1777,674,14,5924,12,473,1853,1851,1850,1852],"class_list":["post-1166134","post","type-post","status-publish","format-standard","has-post-thumbnail","category-royaume-uni","tag-actualites","tag-argentine","tag-donald-trump","tag-eu","tag-europe","tag-international","tag-javier-milei","tag-news","tag-royaume-uni","tag-royaume-uni-de-grande-bretagne-et-dirlande-du-nord","tag-uk","tag-united-kingdom","tag-united-kingdom-of-great-britain-and-northern-ireland"],"share_on_mastodon":{"url":"https:\/\/pubeurope.com\/@fr\/117210782419804782","error":""},"_links":{"self":[{"href":"https:\/\/www.europesays.com\/fr\/wp-json\/wp\/v2\/posts\/1166134","targetHints":{"allow":["GET"]}}],"collection":[{"href":"https:\/\/www.europesays.com\/fr\/wp-json\/wp\/v2\/posts"}],"about":[{"href":"https:\/\/www.europesays.com\/fr\/wp-json\/wp\/v2\/types\/post"}],"author":[{"embeddable":true,"href":"https:\/\/www.europesays.com\/fr\/wp-json\/wp\/v2\/users\/2"}],"replies":[{"embeddable":true,"href":"https:\/\/www.europesays.com\/fr\/wp-json\/wp\/v2\/comments?post=1166134"}],"version-history":[{"count":0,"href":"https:\/\/www.europesays.com\/fr\/wp-json\/wp\/v2\/posts\/1166134\/revisions"}],"wp:featuredmedia":[{"embeddable":true,"href":"https:\/\/www.europesays.com\/fr\/wp-json\/wp\/v2\/media\/1166135"}],"wp:attachment":[{"href":"https:\/\/www.europesays.com\/fr\/wp-json\/wp\/v2\/media?parent=1166134"}],"wp:term":[{"taxonomy":"category","embeddable":true,"href":"https:\/\/www.europesays.com\/fr\/wp-json\/wp\/v2\/categories?post=1166134"},{"taxonomy":"post_tag","embeddable":true,"href":"https:\/\/www.europesays.com\/fr\/wp-json\/wp\/v2\/tags?post=1166134"}],"curies":[{"name":"wp","href":"https:\/\/api.w.org\/{rel}","templated":true}]}}