{"id":116615,"date":"2025-05-21T10:24:09","date_gmt":"2025-05-21T10:24:09","guid":{"rendered":"https:\/\/www.europesays.com\/fr\/116615\/"},"modified":"2025-05-21T10:24:09","modified_gmt":"2025-05-21T10:24:09","slug":"elle-est-partie-comme-laventuriere-quelle-etait-qui-etait-anne-marie-thomas-decedee-dans-les-intemperies-a-vidauban","status":"publish","type":"post","link":"https:\/\/www.europesays.com\/fr\/116615\/","title":{"rendered":"\u00ab\u00a0Elle est partie comme l&rsquo;aventuri\u00e8re qu&rsquo;elle \u00e9tait\u00a0\u00bb: qui \u00e9tait Anne-Marie Thomas, d\u00e9c\u00e9d\u00e9e dans les intemp\u00e9ries \u00e0 Vidauban?"},"content":{"rendered":"<p><a href=\"https:\/\/www.varmatin.com\/meteo\/inondations-au-lavandou-nice-ferme-ses-parcs-suivez-l-evolution-des-alertes-meteo-dans-les-alpes-maritimes-et-le-var-en-temps-reel-986597\" rel=\"nofollow noopener\" target=\"_blank\">Au lendemain du violent \u00e9pisode m\u00e9diterrann\u00e9en<\/a> qui\u00a0touchait le d\u00e9partement du Var, ce mardi 20 mai, l&rsquo;heure est au recueillement. <strong>Trois personnes ont perdu la vie<\/strong>: deux au Lavandou et une \u00e0 Vidauban.\u00a0<\/p>\n<p>En Drac\u00e9nie, Anne-Marie Thomas se trouvait sur le si\u00e8ge passager d&rsquo;une voiture, lorsque le v\u00e9hicule s&rsquo;est retrouv\u00e9 pi\u00e9g\u00e9 sur un petit pont qui traversait un affluent de l&rsquo;Aille, non loin du ch\u00e2teau Mouresse. Le niveau de l&rsquo;eau montait rapidement. <a href=\"https:\/\/www.varmatin.com\/faits-divers\/intemperies-dans-le-var-une-personne-meurt-noyee-dans-son-vehicule-a-vidauban-986625\" rel=\"nofollow noopener\" target=\"_blank\">Le v\u00e9hicule a \u00e9t\u00e9 emport\u00e9 sur une dizaine de m\u00e8tres<\/a>.\u00a0<\/p>\n<p>\u00a0<\/p>\n<p>Par chance, la conductrice \u00e2g\u00e9e de 75 ans, une amie proche de la victime, est <strong>sauv\u00e9e in extremis<\/strong> par un conseiller municipal, Olivier De Vecchi.\u00a0<\/p>\n<p>Malheureusement, la passag\u00e8re n&rsquo;a pas pu \u00eatre sauv\u00e9e.\u00a0<\/p>\n<p>\u00c0\u00a0l&rsquo;origine de la reconstruction du ch\u00e2teau de Trigance<\/p>\n<p>\u00ab\u00a0Elle est partie comme l&rsquo;aventuri\u00e8re qu&rsquo;elle \u00e9tait.\u00a0\u00bb Son fils, Guillaume Thomas, est d\u00e9vast\u00e9. N\u00e9e \u00e0 La Rochelle, <strong>Anne-Marie Thomas allait f\u00eater ses 81 ans le 17 juillet prochain<\/strong>. Elle vivait \u00e0 Trigance. \u00ab\u00a0Elle est arriv\u00e9e avec mon p\u00e8re (d\u00e9c\u00e9d\u00e9 en 2010) \u00e0 la fin des ann\u00e9es soixante. Ils ont quitt\u00e9 Paris, ont rachet\u00e9 le ch\u00e2teau de Trigance et l&rsquo;ont retap\u00e9 pendant 30 ans.\u00a0\u00bb\u00a0<\/p>\n<p>Dans les ann\u00e9es 1990, l&rsquo;ancienne directrice commerciale chez L&rsquo;Or\u00e9al, d\u00e9sormais ch\u00e2telaine, <strong>cofonde le festival de th\u00e9\u00e2tre<\/strong> dont les premi\u00e8res repr\u00e9sentations se d\u00e9roulent au pied du ch\u00e2teau. \u00ab\u00a0C&rsquo;\u00e9tait une cheville ouvri\u00e8re de cet \u00e9v\u00e9nement. C&rsquo;\u00e9tait une belle personne tr\u00e8s implant\u00e9e au village. Elle comptait beaucoup\u00a0\u00bb, rend hommage St\u00e9phane Laval. Le maire la rencontre \u00e0 son emm\u00e9nagement ici. \u00ab\u00a0Avec son mari, ils \u00e9taient les premiers \u00e0 me donner du travail.\u00a0\u00bb<\/p>\n<p>\u00a0<\/p>\n<p>Anne-Marie Thomas avait beaucoup d&rsquo;amis. \u00ab\u00a0Elle \u00e9tait adorable, tr\u00e8s cultiv\u00e9e, ouverte sur le monde et tr\u00e8s sociable.\u00a0\u00bb Son fils, Guillaume, confirme. \u00ab\u00a0Elle bougeait \u00e9norm\u00e9ment. Elle mangeait la vie et profitait pleinement de sa retraite. Elle adorait sortir et voyager.\u00a0\u00bb\u00a0<\/p>\n<p>Lors de sa tragique disparition, Anne-Marie Thomas rentrait d&rsquo;un p\u00e9riple avec son amie, vivant elle aussi dans le Var, \u00e0 Grimaud. \u00ab\u00a0Elles partaient souvent ensemble. Elles devaient revenir dans l&rsquo;apr\u00e8s-midi. Mais elles se sont trouv\u00e9es au mauvais endroit, au mauvais moment.\u00a0\u00bb\u00a0<\/p>\n<p>La r\u00e9daction de\u00a0Var-matin\u00a0adresse ses sinc\u00e8res condol\u00e9ances \u00e0 ses deux enfants, Guillaume et St\u00e9phanie, \u00e0 ses trois petits-enfants ainsi qu&rsquo;\u00e0 ses proches et amis.\u00a0\u00a0<\/p>\n","protected":false},"excerpt":{"rendered":"Au lendemain du violent \u00e9pisode m\u00e9diterrann\u00e9en qui\u00a0touchait le d\u00e9partement du Var, ce mardi 20 mai, l&rsquo;heure est au&hellip;\n","protected":false},"author":2,"featured_media":116616,"comment_status":"","ping_status":"","sticky":false,"template":"","format":"standard","meta":{"footnotes":""},"categories":[4],"tags":[11,436,118,1011,27,12,25],"class_list":{"0":"post-116615","1":"post","2":"type-post","3":"status-publish","4":"format-standard","5":"has-post-thumbnail","7":"category-france","8":"tag-actualites","9":"tag-environnement","10":"tag-faits-divers","11":"tag-fr","12":"tag-france","13":"tag-news","14":"tag-republique-francaise"},"share_on_mastodon":{"url":"https:\/\/pubeurope.com\/@fr\/114545338869461538","error":""},"_links":{"self":[{"href":"https:\/\/www.europesays.com\/fr\/wp-json\/wp\/v2\/posts\/116615","targetHints":{"allow":["GET"]}}],"collection":[{"href":"https:\/\/www.europesays.com\/fr\/wp-json\/wp\/v2\/posts"}],"about":[{"href":"https:\/\/www.europesays.com\/fr\/wp-json\/wp\/v2\/types\/post"}],"author":[{"embeddable":true,"href":"https:\/\/www.europesays.com\/fr\/wp-json\/wp\/v2\/users\/2"}],"replies":[{"embeddable":true,"href":"https:\/\/www.europesays.com\/fr\/wp-json\/wp\/v2\/comments?post=116615"}],"version-history":[{"count":0,"href":"https:\/\/www.europesays.com\/fr\/wp-json\/wp\/v2\/posts\/116615\/revisions"}],"wp:featuredmedia":[{"embeddable":true,"href":"https:\/\/www.europesays.com\/fr\/wp-json\/wp\/v2\/media\/116616"}],"wp:attachment":[{"href":"https:\/\/www.europesays.com\/fr\/wp-json\/wp\/v2\/media?parent=116615"}],"wp:term":[{"taxonomy":"category","embeddable":true,"href":"https:\/\/www.europesays.com\/fr\/wp-json\/wp\/v2\/categories?post=116615"},{"taxonomy":"post_tag","embeddable":true,"href":"https:\/\/www.europesays.com\/fr\/wp-json\/wp\/v2\/tags?post=116615"}],"curies":[{"name":"wp","href":"https:\/\/api.w.org\/{rel}","templated":true}]}}