{"id":1166154,"date":"2026-09-04T04:19:23","date_gmt":"2026-09-04T04:19:23","guid":{"rendered":"https:\/\/www.europesays.com\/fr\/1166154\/"},"modified":"2026-09-04T04:19:23","modified_gmt":"2026-09-04T04:19:23","slug":"lennert-van-eetvelt-quitte-lotto-intermarche-pour-une-autre-worldteam-actualite","status":"publish","type":"post","link":"https:\/\/www.europesays.com\/fr\/1166154\/","title":{"rendered":"Lennert Van Eetvelt quitte Lotto-Intermarch\u00e9 pour une autre WorldTeam &#8211; Actualit\u00e9"},"content":{"rendered":"<p>Depuis son arriv\u00e9e chez les Espoirs, il a r\u00e9alis\u00e9 toute sa carri\u00e8re dans la structure Lotto mais la saison prochaine, Lennert Van Eetvelt d\u00e9couvrira une nouvelle formation. Il rejoindra pendant l\u2019intersaison la NSN Cycling Team. Il s&rsquo;est engag\u00e9 pour trois ans.<\/p>\n<p>Cette saison, le Belge a termin\u00e9 2e de l&rsquo;Arctic Race of Norway, 3e et 8e d\u2019\u00e9tape au Tour des Emirats Arabes Unis, avec \u00e0 la cl\u00e9 une 6e place au g\u00e9n\u00e9ral. Il s\u2019est aussi class\u00e9 7e du Grand Prix Miguel Indurain.\u00a0<\/p>\n<p>Lennert Van Eetvelt a particip\u00e9 cette ann\u00e9e au Tour d\u2019Italie puis au Tour de France. Au Giro, il a fini 7e, 12e et \u00e0 deux reprises 13e d\u2019\u00e9tape, avant de quitter la course \u00e0 l\u2019issue de la 11e \u00e9tape apr\u00e8s une chute. Au Tour, il s\u2019est class\u00e9 11e \u00e0 Barcelone puis 6e aux Angles avant de courir jusqu\u2019\u00e0 Paris avec une fracture d\u2019une c\u00f4te apr\u00e8s une nouvelle chute lors de la 10e \u00e9tape. <\/p>\n<p>En 2024, il avait remport\u00e9 le g\u00e9n\u00e9ral du Tour des Emirats Arabes Unis et du Guangxi Tour, deux \u00e9preuves de l&rsquo;\u00e9chelon WorldTour. Il n\u2019a plus gagn\u00e9 depuis.\u00a0<\/p>\n<p>Retrouvez tous les transferts de l&rsquo;intersaison 2026-2027 <strong><a style=\"color: #000000; text-decoration: underline;\" href=\"https:\/\/www.directvelo.com\/mutations\/2027#pro-conti_pro\" target=\"_blank\" rel=\"noopener nofollow\">en cliquant ici<\/a><\/strong>.\u00a0<\/p>\n","protected":false},"excerpt":{"rendered":"Depuis son arriv\u00e9e chez les Espoirs, il a r\u00e9alis\u00e9 toute sa carri\u00e8re dans la structure Lotto mais la&hellip;\n","protected":false},"author":2,"featured_media":1166155,"comment_status":"","ping_status":"","sticky":false,"template":"","format":"standard","meta":{"footnotes":"","_share_on_mastodon":"0"},"categories":[1411],"tags":[834,828,836,829,837,827,83,826,824,823,1154,207,814,817,815,816,822,821,832,211,839,1011,27,820,818,819,835,831,830,833,838,60,212,208,825],"class_list":["post-1166154","post","type-post","status-publish","format-standard","has-post-thumbnail","category-cyclisme","tag-attaque","tag-belgique","tag-braquet","tag-bretagne","tag-chute","tag-competition","tag-coupe-de-france","tag-coureur","tag-course-cyclisme","tag-course-cycliste","tag-cycling","tag-cyclisme","tag-direct","tag-direct-velo","tag-directvelo","tag-directvelo-com","tag-epreuve","tag-epreuve-cycliste","tag-federation-francaise-de-cyclisme","tag-ffc","tag-flandres","tag-fr","tag-france","tag-live","tag-live-course","tag-live-epreuve","tag-peloton","tag-radio-peloton","tag-radio-tour","tag-ravitaillement","tag-relance","tag-sports","tag-uci","tag-velo","tag-velos"],"share_on_mastodon":{"url":"https:\/\/pubeurope.com\/@fr\/117210851862490346","error":""},"_links":{"self":[{"href":"https:\/\/www.europesays.com\/fr\/wp-json\/wp\/v2\/posts\/1166154","targetHints":{"allow":["GET"]}}],"collection":[{"href":"https:\/\/www.europesays.com\/fr\/wp-json\/wp\/v2\/posts"}],"about":[{"href":"https:\/\/www.europesays.com\/fr\/wp-json\/wp\/v2\/types\/post"}],"author":[{"embeddable":true,"href":"https:\/\/www.europesays.com\/fr\/wp-json\/wp\/v2\/users\/2"}],"replies":[{"embeddable":true,"href":"https:\/\/www.europesays.com\/fr\/wp-json\/wp\/v2\/comments?post=1166154"}],"version-history":[{"count":0,"href":"https:\/\/www.europesays.com\/fr\/wp-json\/wp\/v2\/posts\/1166154\/revisions"}],"wp:featuredmedia":[{"embeddable":true,"href":"https:\/\/www.europesays.com\/fr\/wp-json\/wp\/v2\/media\/1166155"}],"wp:attachment":[{"href":"https:\/\/www.europesays.com\/fr\/wp-json\/wp\/v2\/media?parent=1166154"}],"wp:term":[{"taxonomy":"category","embeddable":true,"href":"https:\/\/www.europesays.com\/fr\/wp-json\/wp\/v2\/categories?post=1166154"},{"taxonomy":"post_tag","embeddable":true,"href":"https:\/\/www.europesays.com\/fr\/wp-json\/wp\/v2\/tags?post=1166154"}],"curies":[{"name":"wp","href":"https:\/\/api.w.org\/{rel}","templated":true}]}}