{"id":116619,"date":"2025-05-21T10:26:07","date_gmt":"2025-05-21T10:26:07","guid":{"rendered":"https:\/\/www.europesays.com\/fr\/116619\/"},"modified":"2025-05-21T10:26:07","modified_gmt":"2025-05-21T10:26:07","slug":"il-ne-sera-plus-possible-de-se-garer-dans-ce-secteur-voici-pourquoi","status":"publish","type":"post","link":"https:\/\/www.europesays.com\/fr\/116619\/","title":{"rendered":"il ne sera plus possible de se garer dans ce secteur, voici pourquoi"},"content":{"rendered":"<p>            Par<br \/>\n        <strong><br \/>\n            <a href=\"https:\/\/actu.fr\/auteur\/julien-sournies\" title=\"Consulter tous les articles de Julien Sournies\" target=\"_blank\" rel=\"noopener\">Julien Sournies<\/a><br \/>\n        <\/strong><\/p>\n<p>        Publi\u00e9 le<\/p>\n<p>            21 mai 2025 \u00e0 11h34        <\/p>\n<p>Le quartier de Tarentaize-Beaubrun, \u00e0 <a href=\"https:\/\/actu.fr\/saint-etienne\/\" target=\"_blank\" rel=\"noopener\">Saint-\u00c9tienne<\/a> (<a href=\"https:\/\/actu.fr\/auvergne-rhone-alpes\/loire_42\" target=\"_blank\" rel=\"noopener\">Loire<\/a>), poursuit sa mutation. Alors que de nombreux projets se poursuivent dans le quartier de l\u2019ouest st\u00e9phanois, dont notamment la restructuration de l\u2019immeuble Loubet, dit de la S\u00e9curit\u00e9 sociale, une nouvelle \u00e9tape de cet \u00ab\u2009ambitieux projet de renouvellement urbain\u2009\u00bb d\u00e9bute dans les jours \u00e0 venir. Voici ce qui est <strong>pr\u00e9vu<\/strong> au cours des prochains mois.<\/p>\n<p>    <a href=\"https:\/\/www.google.com\/maps\/embed?pb=!1m18!1m12!1m3!1d2231.0164263096117!2d4.379217775434168!3d45.4354096710735!2m3!1f0!2f0!3f0!3m2!1i1024!2i768!4f13.1!3m3!1m2!1s0x47f5aea5c7840ad5%3A0x78ebe64e8e7d3e30!2sRue%20Jeanne%20Jugan%2C%2042000%20Saint-%C3%89tienne!5e1!3m2!1sfr!2sfr!4v1747817481166!5m2!1sfr!2sfr\" title=\"Ouvrie le lien\" target=\"_blank\" rel=\"noopener\">Cliquez ici pour visualiser le contenu<\/a><\/p>\n<p>Stationnement interdit sur le parking<\/p>\n<p class=\" wall-content\">\u00c0 compter de juin\u00a02025, c\u2019est au tour du parking et la rue Jeanne-Jugan, dont l\u2019objectif est de rendre la voie <strong>pi\u00e9tonne<\/strong>, de faire l\u2019objet d\u2019une r\u00e9novation. \u00ab\u2009L\u2019am\u00e9lioration des espaces publics du quartier constitue un objectif majeur de ce projet\u2009\u00bb, rappelle la municipalit\u00e9 st\u00e9phanoise, qui ajoute que ce chantier doit ainsi \u00ab\u2009permettre d\u2019offrir un meilleur cadre de vie aux habitants\u2009\u00bb.<\/p>\n<p class=\" wall-content\">Dans le d\u00e9tail, les premiers coups de pioche s\u2019articuleront autour de la d\u00e9molition et le confortement de murs de sout\u00e8nement\u2009: ils d\u00e9marreront par des reprises de murs anciens sur le parking de la cr\u00e8che et le parking public. En cons\u00e9quence, la circulation sera maintenue mais le <strong>stationnement sera interdit<\/strong>, pr\u00e9vient toutefois la Ville de Saint-\u00c9tienne.<\/p>\n<p>La rue sera coup\u00e9e \u00e0 la circulation sous conditions<\/p>\n<p class=\" wall-content\">S\u2019ensuit du r\u00e9am\u00e9nagement du parking et de la portion haute de la rue Jeanne-Jugan, de juillet \u00e0 octobre 2025. Les travaux doivent permettre de r\u00e9organiser le parking autour d\u2019une boucle de desserte et de s\u00e9curiser les circulations pi\u00e9tonnes. \u00c0 l\u2019issue du chantier, le stationnement passera en tarif <strong>zone verte<\/strong>.<\/p>\n<p class=\" wall-content\">\u00c0 noter que pendant le chantier, le stationnement sera <strong>interdit<\/strong> et la circulation rue Jeanne-Jugan sera exclusivement <strong>r\u00e9serv\u00e9e aux v\u00e9hicules de secours et aux riverains<\/strong>.<\/p>\n<p class=\" wall-content\">En fin, l\u2019ultime phase de ces travaux, qui s\u2019ach\u00e8vera d\u2019ici novembre, sera consacr\u00e9e \u00e0 la plantation d\u2019arbres au pied des immeubles et sur le parking r\u00e9am\u00e9nag\u00e9.<\/p>\n<p class=\" wall-content\">Suivez toute l\u2019actualit\u00e9 de vos villes et m\u00e9dias favoris en vous inscrivant \u00e0 <a href=\"https:\/\/moncompte.actu.fr\" title=\"D\u00e9couvez Mon Actu\" rel=\"nofollow noopener\" data-trk=\"{&quot;cta&quot;:{&quot;action&quot;:&quot;https:\\\/\\\/moncompte.actu.fr&quot;,&quot;category&quot;:&quot;mon compte&quot;,&quot;from&quot;:&quot;article footer&quot;,&quot;name&quot;:&quot;Mon actu&quot;,&quot;type&quot;:&quot;cta&quot;}}\" target=\"_blank\">Mon Actu<\/a>.<\/p>\n","protected":false},"excerpt":{"rendered":"Par Julien Sournies Publi\u00e9 le 21 mai 2025 \u00e0 11h34 Le quartier de Tarentaize-Beaubrun, \u00e0 Saint-\u00c9tienne (Loire), poursuit&hellip;\n","protected":false},"author":2,"featured_media":116620,"comment_status":"","ping_status":"","sticky":false,"template":"","format":"standard","meta":{"footnotes":""},"categories":[9653],"tags":[1111,11,2430,3542,1777,674,1011,27,12,25,4001,104,6173,2086],"class_list":{"0":"post-116619","1":"post","2":"type-post","3":"status-publish","4":"format-standard","5":"has-post-thumbnail","7":"category-saint-etienne","8":"tag-actu","9":"tag-actualites","10":"tag-auvergne-rhone-alpes","11":"tag-circulation","12":"tag-eu","13":"tag-europe","14":"tag-fr","15":"tag-france","16":"tag-news","17":"tag-republique-francaise","18":"tag-saint-etienne","19":"tag-societe","20":"tag-stationnement","21":"tag-travaux"},"share_on_mastodon":{"url":"https:\/\/pubeurope.com\/@fr\/114545346902987777","error":""},"_links":{"self":[{"href":"https:\/\/www.europesays.com\/fr\/wp-json\/wp\/v2\/posts\/116619","targetHints":{"allow":["GET"]}}],"collection":[{"href":"https:\/\/www.europesays.com\/fr\/wp-json\/wp\/v2\/posts"}],"about":[{"href":"https:\/\/www.europesays.com\/fr\/wp-json\/wp\/v2\/types\/post"}],"author":[{"embeddable":true,"href":"https:\/\/www.europesays.com\/fr\/wp-json\/wp\/v2\/users\/2"}],"replies":[{"embeddable":true,"href":"https:\/\/www.europesays.com\/fr\/wp-json\/wp\/v2\/comments?post=116619"}],"version-history":[{"count":0,"href":"https:\/\/www.europesays.com\/fr\/wp-json\/wp\/v2\/posts\/116619\/revisions"}],"wp:featuredmedia":[{"embeddable":true,"href":"https:\/\/www.europesays.com\/fr\/wp-json\/wp\/v2\/media\/116620"}],"wp:attachment":[{"href":"https:\/\/www.europesays.com\/fr\/wp-json\/wp\/v2\/media?parent=116619"}],"wp:term":[{"taxonomy":"category","embeddable":true,"href":"https:\/\/www.europesays.com\/fr\/wp-json\/wp\/v2\/categories?post=116619"},{"taxonomy":"post_tag","embeddable":true,"href":"https:\/\/www.europesays.com\/fr\/wp-json\/wp\/v2\/tags?post=116619"}],"curies":[{"name":"wp","href":"https:\/\/api.w.org\/{rel}","templated":true}]}}