{"id":1166232,"date":"2026-09-04T05:09:11","date_gmt":"2026-09-04T05:09:11","guid":{"rendered":"https:\/\/www.europesays.com\/fr\/1166232\/"},"modified":"2026-09-04T05:09:11","modified_gmt":"2026-09-04T05:09:11","slug":"il-meurt-plusieurs-jours-apres-leffondrement-dun-immeuble-a-marseille-sa-fille-meprisee-reclame-justice","status":"publish","type":"post","link":"https:\/\/www.europesays.com\/fr\/1166232\/","title":{"rendered":"Il meurt plusieurs jours apr\u00e8s l&rsquo;effondrement d&rsquo;un immeuble \u00e0 Marseille, sa fille \u00ab\u00a0m\u00e9pris\u00e9e\u00a0\u00bb r\u00e9clame justice"},"content":{"rendered":"<p>                    Par<br \/>\n        <strong><br \/>\n            <a href=\"https:\/\/actu.fr\/auteur\/ines-cussac-actu-fr\" title=\"Consulter tous les articles de In\u00e8s Cussac\" rel=\"nofollow noopener\" target=\"_blank\">In\u00e8s Cussac<\/a><br \/>\n                    <\/strong><\/p>\n<p>        Publi\u00e9 le<\/p>\n<p>            4 sept. 2026 \u00e0 7h02        <\/p>\n<p><a href=\"https:\/\/actu.fr\/provence-alpes-cote-d-azur\/marseille_13055\/effondrement-dans-un-immeuble-pres-de-la-rue-d-aubagne-17-personnes-evacuees-perimetre-de-securite-ce-que-l-on-sait_64424077.html\" rel=\"nofollow noopener\" target=\"_blank\">L\u2019effondrement des planchers d\u2019un immeuble<\/a> dans le quartier de Noailles \u00e0 <a href=\"https:\/\/actu.fr\/marseille\/\" rel=\"nofollow noopener\" target=\"_blank\">Marseille<\/a> ravive encore <a href=\"https:\/\/actu.fr\/provence-alpes-cote-d-azur\/marseille_13055\/c-est-toujours-pour-les-pauvres-les-marseillais-entre-colere-et-indifference-apres-l-effondrement-dans-un-immeuble_64425029.html\" rel=\"nofollow noopener\" target=\"_blank\">les souvenirs traumatiques<\/a>. Ce violent accident, survenu dans la soir\u00e9e du 18\u00a0juin 2026 au 3 place Halle-Delacroix, n\u2019avait fait aucune victime sur le moment. L\u2019immeuble \u00e9tait vide mais <strong>plusieurs personnes se trouvaient dans la rue<\/strong> quand un amas de fum\u00e9e et un bruit sourd ont souffl\u00e9 sur le quartier. Quatre passants ont \u00e9t\u00e9 envoy\u00e9s aux urgences de la Timone apr\u00e8s avoir inhal\u00e9 des particules. L\u2019un d\u2019entre eux est d\u00e9c\u00e9d\u00e9 d\u00e9but ao\u00fbt. Aupr\u00e8s d\u2019actu Marseille, sa fille se confie sur le drame qui s\u2019est abattu sur la famille.<\/p>\n<p class=\" wall-content\">Mi-ao\u00fbt, le Collectif du 5 novembre a d\u00e9plor\u00e9<strong> le d\u00e9c\u00e8s de l\u2019un des passants \u00e9vacu\u00e9s apr\u00e8s l\u2019accident<\/strong>, Mohamed El Khalfioui. \u00ab\u2009Le 18 juin, mon p\u00e8re prenait son caf\u00e9 sur la terrasse en bas de l\u2019immeuble qui s\u2019est effondr\u00e9. Le 19, il \u00e9tait fatigu\u00e9. Le 20, il toussait et le 28, il \u00e9tait hospitalis\u00e9\u2009\u00bb, t\u00e9moigne Nadia El Khalfioui, la fille de la victime de 77 ans d\u00e9c\u00e9d\u00e9e le 9 ao\u00fbt. \u00ab\u2009Il n\u2019a jamais eu de probl\u00e8me pulmonaire de toute sa vie. Ni Covid-19, ni grippe. Il n\u2019\u00e9tait jamais essouffl\u00e9.\u2009\u00bb<\/p>\n<p>L\u2019ARS somm\u00e9e d\u2019enqu\u00eater<\/p>\n<p class=\" wall-content\">Depuis <a href=\"https:\/\/actu.fr\/provence-alpes-cote-d-azur\/marseille_13055\/drame-de-la-rue-d-aubagne-a-marseille-nous-n-oublions-pas-nous-demandons-la-justice_46218888.html\" rel=\"nofollow noopener\" target=\"_blank\">l\u2019\u00e9croulement de deux immeubles de la rue d\u2019Aubagne<\/a> en 2018, dont <a href=\"https:\/\/actu.fr\/provence-alpes-cote-d-azur\/marseille_13055\/proces-des-effondrements-de-la-rue-d-aubagne-a-marseille-voici-toutes-les-peines-prononcees_62849682.html\" rel=\"nofollow noopener\" target=\"_blank\">le proc\u00e8s en appel<\/a> se tiendra d\u00e9but novembre, le Collectif du 5\u00a0novembre milite contre l\u2019habitat indigne \u00e0 Marseille. \u00ab\u2009Ce d\u00e9c\u00e8s nous rappelle ce que cet \u00e9v\u00e9nement a \u00e9t\u00e9\u2009: <strong>un drame du mal-logement<\/strong>, un de plus qui a touch\u00e9 notre quartier\u2009\u00bb, d\u00e9noncent les membres de l\u2019association dans un communiqu\u00e9. Ils demandent par ailleurs des comptes \u00e0 la SPLA-IN [Soci\u00e9t\u00e9 publique locale d\u2019am\u00e9nagement d\u2019int\u00e9r\u00eat national] et rel\u00e8vent des \u00ab\u2009d\u00e9faillances de prise en charge des personnes pr\u00e9sentes sur place\u2009\u00bb.<\/p>\n<p>    <a href=\"https:\/\/www.facebook.com\/plugins\/post.php?href=https%3A%2F%2Fwww.facebook.com%2Fcollectif5novembre%2Fposts%2Fpfbid02YTJuktAPQuFmxvaM2MJ46kEncrYDCg1c9ZcqgaSmkE9DSKLwF7TnUHVPSUZF2uwEl&amp;show_text=true&amp;width=350\" title=\"Ouvrie le lien\" rel=\"nofollow noopener\" target=\"_blank\">Cliquez ici pour visualiser le contenu<\/a><\/p>\n<p class=\" wall-content\">\u00ab\u2009Nous attendons que toute la lumi\u00e8re soit faite sur les causes de cet effondrement, qui est loin de n\u2019\u00eatre qu\u2019un simple accident de travaux [\u2026]. Nous renouvelons notre exigence que l\u2019ensemble des expertises et autres documents utiles soient rendus publics particuli\u00e8rement quant aux poussi\u00e8res de l\u2019effondrement et aux op\u00e9rations de d\u00e9samiantage.\u2009\u00bb<\/p>\n<p class=\" wall-content\">Le collectif, aux c\u00f4t\u00e9s de la famille du d\u00e9funt et de plusieurs habitants, pr\u00e9pare une saisine de l\u2019Agence r\u00e9gionale de sant\u00e9 (ARS) pour <strong>demander une enqu\u00eate sur le d\u00e9c\u00e8s de Mohamed El Khalfioui<\/strong> et sur l\u2019existence d\u2019\u00e9ventuelles autres victimes. \u00ab\u2009Je veux savoir ce qu\u2019il y avait dans cette poussi\u00e8re. Pourquoi les ouvriers avaient \u00e9t\u00e9 \u00e9vacu\u00e9s dans l\u2019apr\u00e8s-midi sans que des mesures de protection soient mises en place pour les habitants\u2009? J\u2019attends que la mairie et la SPLA-IN reconnaissent qu\u2019il y a eu un manquement\u2009\u00bb, liste Nadia El Khalfioui.<\/p>\n<p>\u00ab\u2009Ce m\u00e9pris est intol\u00e9rable\u2009\u00bb<\/p>\n<p class=\" wall-content\">Dans la soir\u00e9e du drame, le maire de Marseille Beno\u00eet Payan avait publi\u00e9 un message sur X pour rassurer les foules\u2009: \u00ab\u2009\u00c0 cette heure, seules quatre personnes ont \u00e9t\u00e9 incommod\u00e9es par la poussi\u00e8re.\u2009\u00bb De quoi faire rougir de col\u00e8re Nadia El Khalfioui. \u00ab\u2009Comment ose-t-il dire \u2018incommoder\u2019 par la poussi\u00e8re\u2009? Ce n\u2019est pas du tout ad\u00e9quat comme terme. On est incommod\u00e9 par de la musique ou par de la lumi\u00e8re mais pas par un effondrement [\u2026]. Ce m\u00e9pris est intol\u00e9rable. <strong>Je n\u2019ai pas perdu mon chat, j\u2019ai perdu mon p\u00e8re\u2009!<\/strong>\u2009\u00bb<\/p>\n<p class=\" wall-content\">En plus de l\u2019infection pulmonaire \u00e0 r\u00e9p\u00e9tition qui a touch\u00e9 Mohamed El Khalfioui, celui-ci a souffert d\u2019un trouble de stress post-traumatique li\u00e9 \u00e0 l\u2019accident. \u00ab\u2009Mon p\u00e8re \u00e9tait traumatis\u00e9 de ce qui lui \u00e9tait arriv\u00e9. Il n\u2019avait m\u00eame pas re\u00e7u le soutien d\u2019une cellule psychologique ou d\u2019un num\u00e9ro vert \u00e0 contacter.\u2009\u00bb<\/p>\n<p>\u00ab\u2009On a failli dans cette op\u00e9ration\u2009\u00bb<\/p>\n<p class=\" wall-content\">\u00ab\u2009Apr\u00e8s la prise en charge par les marins-pompiers, l\u2019h\u00f4pital nous a dit que les personnes \u00e9taient sorties sans complication. Nous en \u00e9tions rest\u00e9s l\u00e0\u2009\u00bb, indique Audrey Gatian, pr\u00e9sidente de la SPLA-IN et adjointe \u00e0 l\u2019urbanisme. Elle pr\u00e9cise \u00ab\u2009qu\u2019\u00e0 ce stade, aucun \u00e9l\u00e9ment ne lie le d\u00e9c\u00e8s \u00e0 l\u2019effondrement.\u2009\u00bb<\/p>\n<p class=\" wall-content\">La SPLA-IN avait \u00e9t\u00e9 cr\u00e9\u00e9e au lendemain des \u00e9croulements de la rue d\u2019Aubagne, o\u00f9 huit personnes avaient trouv\u00e9 la mort. D\u00e9tenue par la m\u00e9tropole (59\u2009%), l\u2019\u00c9tat (35\u2009%) et la Ville de Marseille (6\u2009%), elle a pour mission de <strong>r\u00e9nover l\u2019habitat d\u00e9grad\u00e9 du territoire<\/strong>. Soit 182 b\u00e2timents d\u00e9grad\u00e9s. Ce travail vise en outre quatre \u00eelots prioritaires d\u2019interventions, repr\u00e9sentant pr\u00e8s de 450 immeubles.<\/p>\n<p class=\" wall-content\">\u00ab\u2009Un travail excessivement d\u00e9licat\u2009\u00bb, selon le directeur de la soci\u00e9t\u00e9 publique, Fanck Caro aupr\u00e8s du <a href=\"https:\/\/www.lemonde.fr\/societe\/article\/2026\/08\/29\/a-marseille-deux-mois-apres-un-nouvel-effondrement-dans-le-quartier-de-noailles-des-habitants-demandent-des-comptes_6760023_3224.html\" rel=\"nofollow noopener\" target=\"_blank\">Monde<\/a>. \u00ab\u2009Nous savions que cet immeuble \u00e9tait embl\u00e9matique en termes de difficult\u00e9s [\u2026]. <strong>On a failli dans cette op\u00e9ration<\/strong>. On pensait avoir pris toutes les pr\u00e9cautions n\u00e9cessaires.\u2009\u00bb Selon le journal qui a pu consulter les attestations d\u2019expert, la partie \u00e9croul\u00e9e avait \u00e9t\u00e9 d\u00e9samiant\u00e9e en amont.<\/p>\n<p class=\" wall-content\">Personnalisez votre actualit\u00e9 en ajoutant vos villes et m\u00e9dias en favori avec <a href=\"https:\/\/moncompte.actu.fr\" title=\"D\u00e9couvez Mon Actu\" rel=\"nofollow noopener\" data-trk=\"{&quot;cta&quot;:{&quot;action&quot;:&quot;https:\\\/\\\/moncompte.actu.fr&quot;,&quot;category&quot;:&quot;mon compte&quot;,&quot;from&quot;:&quot;article footer&quot;,&quot;name&quot;:&quot;Mon actu&quot;,&quot;type&quot;:&quot;cta&quot;}}\" target=\"_blank\">Mon Actu<\/a>.<\/p>\n","protected":false},"excerpt":{"rendered":"Par In\u00e8s Cussac Publi\u00e9 le 4 sept. 2026 \u00e0 7h02 L\u2019effondrement des planchers d\u2019un immeuble dans le quartier&hellip;\n","protected":false},"author":2,"featured_media":1166233,"comment_status":"","ping_status":"","sticky":false,"template":"","format":"standard","meta":{"footnotes":"","_share_on_mastodon":"0"},"categories":[2814],"tags":[1111,11,1777,674,1011,27,303,884,12,882,25,104,2086],"class_list":["post-1166232","post","type-post","status-publish","format-standard","has-post-thumbnail","category-marseille","tag-actu","tag-actualites","tag-eu","tag-europe","tag-fr","tag-france","tag-justice","tag-marseille","tag-news","tag-provence-alpes-cote-dazur","tag-republique-francaise","tag-societe","tag-travaux"],"share_on_mastodon":{"url":"https:\/\/pubeurope.com\/@fr\/117211048705873238","error":""},"_links":{"self":[{"href":"https:\/\/www.europesays.com\/fr\/wp-json\/wp\/v2\/posts\/1166232","targetHints":{"allow":["GET"]}}],"collection":[{"href":"https:\/\/www.europesays.com\/fr\/wp-json\/wp\/v2\/posts"}],"about":[{"href":"https:\/\/www.europesays.com\/fr\/wp-json\/wp\/v2\/types\/post"}],"author":[{"embeddable":true,"href":"https:\/\/www.europesays.com\/fr\/wp-json\/wp\/v2\/users\/2"}],"replies":[{"embeddable":true,"href":"https:\/\/www.europesays.com\/fr\/wp-json\/wp\/v2\/comments?post=1166232"}],"version-history":[{"count":0,"href":"https:\/\/www.europesays.com\/fr\/wp-json\/wp\/v2\/posts\/1166232\/revisions"}],"wp:featuredmedia":[{"embeddable":true,"href":"https:\/\/www.europesays.com\/fr\/wp-json\/wp\/v2\/media\/1166233"}],"wp:attachment":[{"href":"https:\/\/www.europesays.com\/fr\/wp-json\/wp\/v2\/media?parent=1166232"}],"wp:term":[{"taxonomy":"category","embeddable":true,"href":"https:\/\/www.europesays.com\/fr\/wp-json\/wp\/v2\/categories?post=1166232"},{"taxonomy":"post_tag","embeddable":true,"href":"https:\/\/www.europesays.com\/fr\/wp-json\/wp\/v2\/tags?post=1166232"}],"curies":[{"name":"wp","href":"https:\/\/api.w.org\/{rel}","templated":true}]}}