{"id":1166236,"date":"2026-09-04T05:13:00","date_gmt":"2026-09-04T05:13:00","guid":{"rendered":"https:\/\/www.europesays.com\/fr\/1166236\/"},"modified":"2026-09-04T05:13:00","modified_gmt":"2026-09-04T05:13:00","slug":"lyon-cyrus-herez-inaugure-sa-nouvelle-adresse-dans-le-6e-arrondissement","status":"publish","type":"post","link":"https:\/\/www.europesays.com\/fr\/1166236\/","title":{"rendered":"Lyon. Cyrus Herez inaugure sa nouvelle adresse dans le 6e arrondissement &#8211;"},"content":{"rendered":"<p>\t\t\t\t<img fetchpriority=\"high\" decoding=\"async\" width=\"900\" height=\"600\" src=\"https:\/\/www.europesays.com\/fr\/wp-content\/uploads\/2026\/09\/3-Cyrus-Herez-MS.jpg\" alt=\"\" title=\"3 Cyrus Herez MS\"   class=\"wp-image-180314\"\/><\/p>\n<p><strong>Par la r\u00e9daction<\/strong> \u2013 Pr\u00e9sente \u00e0 Lyon depuis plus de vingt ans, la soci\u00e9t\u00e9 fran\u00e7aise de gestion de fortune a d\u00e9cid\u00e9 de s\u2019installer au c\u0153ur du 6e arrondissement. Une \u00ab tr\u00e8s belle adresse \u00bb, situ\u00e9e au plus pr\u00e8s de \u00ab l\u2019\u00e9cosyst\u00e8me de ses clients \u00bb, depuis laquelle le groupe entend poursuivre son d\u00e9veloppement.<\/p>\n<p>La croissance appelle souvent de nouveaux espaces. Devenu trop exigu, le bureau lyonnais de Cyrus Herez a quitt\u00e9 ses anciens locaux de la rue Bellecordi\u00e8re pour franchir un cap. Depuis le mois d\u2019avril, il occupe des bureaux \u00ab plus grands et plus adapt\u00e9s \u00bb, sur le prestigieux cours Franklin Roosevelt.<\/p>\n<p><a href=\"https:\/\/www.lyonpeople.com\/?attachment_id=180316\" rel=\"attachment wp-att-180316 nofollow noopener\" target=\"_blank\"><img loading=\"lazy\" decoding=\"async\" class=\"alignnone size-full wp-image-180316\" src=\"data:image\/svg+xml,%3Csvg%20xmlns=\" http:=\"\" alt=\"\" width=\"900\" height=\"600\" data-lazy- data-lazy- data-lazy-src=\"https:\/\/www.europesays.com\/fr\/wp-content\/uploads\/2026\/09\/03-Cyrus-Herez-MS.jpg\"\/><\/a><\/p>\n<p>\u00ab Un tr\u00e8s bel outil de travail \u00bb, se f\u00e9licite <strong>David Debomy<\/strong>, nomm\u00e9 directeur r\u00e9gional du groupe en septembre 2025. Une d\u00e9cision r\u00e9fl\u00e9chie pour cette maison fond\u00e9e en 1989, devenue au fil des ann\u00e9es un \u00ab leader de la gestion priv\u00e9e et de fortune \u00bb.<\/p>\n<p>Fort de plus de \u00ab 1 000 groupes familiaux \u00bb accompagn\u00e9s par le bureau lyonnais dirig\u00e9 par <strong>Emmanuelle Wahl,<\/strong> Cyrus Herez Lyon entend profiter de ces nouveaux espaces pour \u00ab asseoir son d\u00e9veloppement \u00bb et renforcer sa proximit\u00e9 avec sa client\u00e8le. \u00ab Nous nous positionnons comme tiers de confiance et voulons apporter de la s\u00e9r\u00e9nit\u00e9 \u00e0 nos clients en r\u00e9pondant au mieux \u00e0 leurs besoins \u00bb, soulignait David Debomy lors de l\u2019inauguration.<\/p>\n<p><a href=\"https:\/\/www.lyonpeople.com\/?attachment_id=180315\" rel=\"attachment wp-att-180315 nofollow noopener\" target=\"_blank\"><img loading=\"lazy\" decoding=\"async\" class=\"alignnone size-full wp-image-180315\" src=\"data:image\/svg+xml,%3Csvg%20xmlns=\" http:=\"\" alt=\"\" width=\"900\" height=\"600\" data-lazy- data-lazy- data-lazy-src=\"https:\/\/www.europesays.com\/fr\/wp-content\/uploads\/2026\/09\/05-Cyrus-Herez-MS.jpg\"\/><\/a><\/p>\n<p>Une soir\u00e9e r\u00e9unissant une centaine de partenaires, une semaine apr\u00e8s avoir accueilli de nombreux clients fid\u00e8les. L\u2019occasion de partager largement l\u2019enthousiasme suscit\u00e9 par cette nouvelle adresse.<\/p>\n<p style=\"text-align: center;\"><strong>Cyrus Herez<br \/>50, cours Franklin Roosevelt \u2013 Lyon 6<br \/><\/strong><strong>Mercredi 8 juillet 2026<\/strong><\/p>\n<p>                                <a href=\"https:\/\/www.europesays.com\/fr\/wp-content\/uploads\/2026\/09\/1-Cyrus-Herez-MS.jpg\" title=\"1. David Debomy, directeur r\u00e9gional de Cyrus Herez et David Intis, directeur g\u00e9n\u00e9ral de Cyrus Herez\" data-rl_title=\"1. David Debomy, directeur r\u00e9gional de Cyrus Herez et David Intis, directeur g\u00e9n\u00e9ral de Cyrus Herez\" class=\"rl-gallery-link\" data-rl_caption=\"\" data-rel=\"lightbox-gallery-bGlnaHRib3gtZ2FsbGVyeS0w\" data-rl_><img loading=\"lazy\" decoding=\"async\" width=\"900\" height=\"600\" src=\"data:image\/svg+xml,%3Csvg%20xmlns=\" http:=\"\" class=\"attachment-large size-large\" alt=\"\" aria-describedby=\"gallery-1-180317\" data-lazy- data-lazy- data-lazy-src=\"https:\/\/www.europesays.com\/fr\/wp-content\/uploads\/2026\/09\/1-Cyrus-Herez-MS.jpg\"\/><\/a><\/p>\n<p>\n                                1. David Debomy, directeur r\u00e9gional de Cyrus Herez et David Intis, directeur g\u00e9n\u00e9ral de Cyrus Herez<\/p>\n<p>                                <a href=\"https:\/\/www.europesays.com\/fr\/wp-content\/uploads\/2026\/09\/2-Cyrus-Herez-MS.jpg\" title=\"2. H\u00e9l\u00e8ne Legris (Maison Armence), David Debomy, directeur r\u00e9gional de Cyrus Herez, Emmanuelle Wahl, directrice associ\u00e9e de Cyrus Herez et St\u00e9phanie Lourd (Maison Armence)\" data-rl_title=\"2. H\u00e9l\u00e8ne Legris (Maison Armence), David Debomy, directeur r\u00e9gional de Cyrus Herez, Emmanuelle Wahl, directrice associ\u00e9e de Cyrus Herez et St\u00e9phanie Lourd (Maison Armence)\" class=\"rl-gallery-link\" data-rl_caption=\"\" data-rel=\"lightbox-gallery-bGlnaHRib3gtZ2FsbGVyeS0w\" data-rl_><img loading=\"lazy\" decoding=\"async\" width=\"900\" height=\"600\" src=\"data:image\/svg+xml,%3Csvg%20xmlns=\" http:=\"\" class=\"attachment-large size-large\" alt=\"\" aria-describedby=\"gallery-1-180318\" data-lazy- data-lazy- data-lazy-src=\"https:\/\/www.europesays.com\/fr\/wp-content\/uploads\/2026\/09\/2-Cyrus-Herez-MS.jpg\"\/><\/a><\/p>\n<p>\n                                2. H\u00e9l\u00e8ne Legris (Maison Armence), David Debomy, directeur r\u00e9gional de Cyrus Herez, Emmanuelle Wahl, directrice associ\u00e9e de Cyrus Herez et St\u00e9phanie Lourd (Maison Armence)<\/p>\n<p><br style=\"clear: both\"\/><\/p>\n<p>                                <a href=\"https:\/\/www.europesays.com\/fr\/wp-content\/uploads\/2026\/09\/3-Cyrus-Herez-MS-1.jpg\" title=\"3. David Debomy, directeur r\u00e9gional de Cyrus Herez entour\u00e9 de Marie Bertholet, g\u00e9rante priv\u00e9e de Cyrus Herez et Emmanuelle Wahl, directrice associ\u00e9e de Cyrus Herez 4. H\u00e9l\u00e8ne Legris et St\u00e9phanie Lourd (Maison Armence)\" data-rl_title=\"3. David Debomy, directeur r\u00e9gional de Cyrus Herez entour\u00e9 de Marie Bertholet, g\u00e9rante priv\u00e9e de Cyrus Herez et Emmanuelle Wahl, directrice associ\u00e9e de Cyrus Herez 4. H\u00e9l\u00e8ne Legris et St\u00e9phanie Lourd (Maison Armence)\" class=\"rl-gallery-link\" data-rl_caption=\"\" data-rel=\"lightbox-gallery-bGlnaHRib3gtZ2FsbGVyeS0w\" data-rl_><img loading=\"lazy\" decoding=\"async\" width=\"900\" height=\"600\" src=\"data:image\/svg+xml,%3Csvg%20xmlns=\" http:=\"\" class=\"attachment-large size-large\" alt=\"\" aria-describedby=\"gallery-1-180319\" data-lazy- data-lazy- data-lazy-src=\"https:\/\/www.europesays.com\/fr\/wp-content\/uploads\/2026\/09\/3-Cyrus-Herez-MS-1.jpg\"\/><\/a><\/p>\n<p>\n                                3. David Debomy, directeur r\u00e9gional de Cyrus Herez entour\u00e9 de Marie Bertholet, g\u00e9rante priv\u00e9e de Cyrus Herez et Emmanuelle Wahl, directrice associ\u00e9e de Cyrus Herez 4. H\u00e9l\u00e8ne Legris et St\u00e9phanie Lourd (Maison Armence)<\/p>\n<p>                                <a href=\"https:\/\/www.europesays.com\/fr\/wp-content\/uploads\/2026\/09\/5-Cyrus-Herez-MS.jpg\" title=\"5. Jules Rosenstein Cyrus Herez) et Engu\u00e9rand Bizollon (Vectis Finance)\" data-rl_title=\"5. Jules Rosenstein Cyrus Herez) et Engu\u00e9rand Bizollon (Vectis Finance)\" class=\"rl-gallery-link\" data-rl_caption=\"\" data-rel=\"lightbox-gallery-bGlnaHRib3gtZ2FsbGVyeS0w\" data-rl_><img loading=\"lazy\" decoding=\"async\" width=\"900\" height=\"600\" src=\"data:image\/svg+xml,%3Csvg%20xmlns=\" http:=\"\" class=\"attachment-large size-large\" alt=\"\" aria-describedby=\"gallery-1-180321\" data-lazy- data-lazy- data-lazy-src=\"https:\/\/www.europesays.com\/fr\/wp-content\/uploads\/2026\/09\/5-Cyrus-Herez-MS.jpg\"\/><\/a><\/p>\n<p>\n                                5. Jules Rosenstein Cyrus Herez) et Engu\u00e9rand Bizollon (Vectis Finance)<\/p>\n<p><br style=\"clear: both\"\/><\/p>\n<p>                                <a href=\"https:\/\/www.europesays.com\/fr\/wp-content\/uploads\/2026\/09\/6-Cyrus-Herez-MS.jpg\" title=\"6. David Debomy, directeur r\u00e9gional de Cyrus Herez entour\u00e9 de Jules Rosenstein (Cyrus Herez) et Engu\u00e9rand Bizollon (Vectis Finance)\" data-rl_title=\"6. David Debomy, directeur r\u00e9gional de Cyrus Herez entour\u00e9 de Jules Rosenstein (Cyrus Herez) et Engu\u00e9rand Bizollon (Vectis Finance)\" class=\"rl-gallery-link\" data-rl_caption=\"\" data-rel=\"lightbox-gallery-bGlnaHRib3gtZ2FsbGVyeS0w\" data-rl_><img loading=\"lazy\" decoding=\"async\" width=\"900\" height=\"600\" src=\"data:image\/svg+xml,%3Csvg%20xmlns=\" http:=\"\" class=\"attachment-large size-large\" alt=\"\" aria-describedby=\"gallery-1-180322\" data-lazy- data-lazy- data-lazy-src=\"https:\/\/www.europesays.com\/fr\/wp-content\/uploads\/2026\/09\/6-Cyrus-Herez-MS.jpg\"\/><\/a><\/p>\n<p>\n                                6. David Debomy, directeur r\u00e9gional de Cyrus Herez entour\u00e9 de Jules Rosenstein (Cyrus Herez) et Engu\u00e9rand Bizollon (Vectis Finance)<\/p>\n<p>                                <a href=\"https:\/\/www.europesays.com\/fr\/wp-content\/uploads\/2026\/09\/7-Cyrus-Herez-MS.jpg\" title=\"7. Jean-Fran\u00e7ois Maranzana (Carr\u00e9 d&#039;Or), Georges Demonceaux (Grant Thornton) et Christopher Fournier (Cyrus Herez)\" data-rl_title=\"7. Jean-Fran\u00e7ois Maranzana (Carr\u00e9 d&#039;Or), Georges Demonceaux (Grant Thornton) et Christopher Fournier (Cyrus Herez)\" class=\"rl-gallery-link\" data-rl_caption=\"\" data-rel=\"lightbox-gallery-bGlnaHRib3gtZ2FsbGVyeS0w\" data-rl_><img loading=\"lazy\" decoding=\"async\" width=\"900\" height=\"600\" src=\"data:image\/svg+xml,%3Csvg%20xmlns=\" http:=\"\" class=\"attachment-large size-large\" alt=\"\" aria-describedby=\"gallery-1-180323\" data-lazy- data-lazy- data-lazy-src=\"https:\/\/www.europesays.com\/fr\/wp-content\/uploads\/2026\/09\/7-Cyrus-Herez-MS.jpg\"\/><\/a><\/p>\n<p>\n                                7. Jean-Fran\u00e7ois Maranzana (Carr\u00e9 d\u2019Or), Georges Demonceaux (Grant Thornton) et Christopher Fournier (Cyrus Herez)<\/p>\n<p><br style=\"clear: both\"\/><\/p>\n<p>                                <a href=\"https:\/\/www.europesays.com\/fr\/wp-content\/uploads\/2026\/09\/8-Cyrus-Herez-MS.jpg\" title=\"8. Franck-William Fargier (MBA Capital) et Fran\u00e7ois Berthou (Hope Asset Management)\" data-rl_title=\"8. Franck-William Fargier (MBA Capital) et Fran\u00e7ois Berthou (Hope Asset Management)\" class=\"rl-gallery-link\" data-rl_caption=\"\" data-rel=\"lightbox-gallery-bGlnaHRib3gtZ2FsbGVyeS0w\" data-rl_><img loading=\"lazy\" decoding=\"async\" width=\"900\" height=\"600\" src=\"data:image\/svg+xml,%3Csvg%20xmlns=\" http:=\"\" class=\"attachment-large size-large\" alt=\"\" aria-describedby=\"gallery-1-180324\" data-lazy- data-lazy- data-lazy-src=\"https:\/\/www.europesays.com\/fr\/wp-content\/uploads\/2026\/09\/8-Cyrus-Herez-MS.jpg\"\/><\/a><\/p>\n<p>\n                                8. Franck-William Fargier (MBA Capital) et Fran\u00e7ois Berthou (Hope Asset Management)<\/p>\n<p>                                <a href=\"https:\/\/www.europesays.com\/fr\/wp-content\/uploads\/2026\/09\/9-Cyrus-Herez-MS.jpg\" title=\"9. Manuel Berland (Fill Up M\u00e9dia), Annabelle Clavel (Factofrance), Martin Fougerolle (Smart Partners) et Pierre-Louis Reynaud (Eiger Corporate Finance)\" data-rl_title=\"9. Manuel Berland (Fill Up M\u00e9dia), Annabelle Clavel (Factofrance), Martin Fougerolle (Smart Partners) et Pierre-Louis Reynaud (Eiger Corporate Finance)\" class=\"rl-gallery-link\" data-rl_caption=\"\" data-rel=\"lightbox-gallery-bGlnaHRib3gtZ2FsbGVyeS0w\" data-rl_><img loading=\"lazy\" decoding=\"async\" width=\"900\" height=\"600\" src=\"data:image\/svg+xml,%3Csvg%20xmlns=\" http:=\"\" class=\"attachment-large size-large\" alt=\"\" aria-describedby=\"gallery-1-180325\" data-lazy- data-lazy- data-lazy-src=\"https:\/\/www.europesays.com\/fr\/wp-content\/uploads\/2026\/09\/9-Cyrus-Herez-MS.jpg\"\/><\/a><\/p>\n<p>\n                                9. Manuel Berland (Fill Up M\u00e9dia), Annabelle Clavel (Factofrance), Martin Fougerolle (Smart Partners) et Pierre-Louis Reynaud (Eiger Corporate Finance)<\/p>\n<p><br style=\"clear: both\"\/><\/p>\n<p>                                <a href=\"https:\/\/www.europesays.com\/fr\/wp-content\/uploads\/2026\/09\/10-Cyrus-Herez-MS.jpg\" title=\"10. Ma\u00eetre C\u00e9dric Chevalyre (One Notaires) et Alexandra Clerc (Cyrus Herez)\" data-rl_title=\"10. Ma\u00eetre C\u00e9dric Chevalyre (One Notaires) et Alexandra Clerc (Cyrus Herez)\" class=\"rl-gallery-link\" data-rl_caption=\"\" data-rel=\"lightbox-gallery-bGlnaHRib3gtZ2FsbGVyeS0w\" data-rl_><img loading=\"lazy\" decoding=\"async\" width=\"900\" height=\"600\" src=\"data:image\/svg+xml,%3Csvg%20xmlns=\" http:=\"\" class=\"attachment-large size-large\" alt=\"\" aria-describedby=\"gallery-1-180326\" data-lazy- data-lazy- data-lazy-src=\"https:\/\/www.europesays.com\/fr\/wp-content\/uploads\/2026\/09\/10-Cyrus-Herez-MS.jpg\"\/><\/a><\/p>\n<p>\n                                10. Ma\u00eetre C\u00e9dric Chevalyre (One Notaires) et Alexandra Clerc (Cyrus Herez)<\/p>\n<p>                                <a href=\"https:\/\/www.europesays.com\/fr\/wp-content\/uploads\/2026\/09\/11-Cyrus-Herez-MS.jpg\" title=\"11. Robert Perrier (Cyrus Herez), Maryse Mo\u00efse (Cogesteam) et Ma\u00eetre Laurent Romano (Francis Lefebvre)\" data-rl_title=\"11. Robert Perrier (Cyrus Herez), Maryse Mo\u00efse (Cogesteam) et Ma\u00eetre Laurent Romano (Francis Lefebvre)\" class=\"rl-gallery-link\" data-rl_caption=\"\" data-rel=\"lightbox-gallery-bGlnaHRib3gtZ2FsbGVyeS0w\" data-rl_><img loading=\"lazy\" decoding=\"async\" width=\"900\" height=\"600\" src=\"data:image\/svg+xml,%3Csvg%20xmlns=\" http:=\"\" class=\"attachment-large size-large\" alt=\"\" aria-describedby=\"gallery-1-180327\" data-lazy- data-lazy- data-lazy-src=\"https:\/\/www.europesays.com\/fr\/wp-content\/uploads\/2026\/09\/11-Cyrus-Herez-MS.jpg\"\/><\/a><\/p>\n<p>\n                                11. Robert Perrier (Cyrus Herez), Maryse Mo\u00efse (Cogesteam) et Ma\u00eetre Laurent Romano (Francis Lefebvre)<\/p>\n<p><br style=\"clear: both\"\/><\/p>\n<p>                                <a href=\"https:\/\/www.europesays.com\/fr\/wp-content\/uploads\/2026\/09\/12-Cyrus-Herez-MS.jpg\" title=\"12. Jarod Revelli et Edgar Farel (Cyrus Herez)\" data-rl_title=\"12. Jarod Revelli et Edgar Farel (Cyrus Herez)\" class=\"rl-gallery-link\" data-rl_caption=\"\" data-rel=\"lightbox-gallery-bGlnaHRib3gtZ2FsbGVyeS0w\" data-rl_><img loading=\"lazy\" decoding=\"async\" width=\"900\" height=\"600\" src=\"data:image\/svg+xml,%3Csvg%20xmlns=\" http:=\"\" class=\"attachment-large size-large\" alt=\"\" aria-describedby=\"gallery-1-180328\" data-lazy- data-lazy- data-lazy-src=\"https:\/\/www.europesays.com\/fr\/wp-content\/uploads\/2026\/09\/12-Cyrus-Herez-MS.jpg\"\/><\/a><\/p>\n<p>\n                                 12. Jarod Revelli et Edgar Farel (Cyrus Herez)<\/p>\n<p>                                <a href=\"https:\/\/www.europesays.com\/fr\/wp-content\/uploads\/2026\/09\/13-Cyrus-Herez-MS.jpg\" title=\"13. Margaux Benoist (Cap Pr\u00e9voyance), Maitre Caroline Jourdrain, Ma\u00eetre Arnaud Bouton (Kiron Avocats)\" data-rl_title=\"13. Margaux Benoist (Cap Pr\u00e9voyance), Maitre Caroline Jourdrain, Ma\u00eetre Arnaud Bouton (Kiron Avocats)\" class=\"rl-gallery-link\" data-rl_caption=\"\" data-rel=\"lightbox-gallery-bGlnaHRib3gtZ2FsbGVyeS0w\" data-rl_><img loading=\"lazy\" decoding=\"async\" width=\"900\" height=\"600\" src=\"data:image\/svg+xml,%3Csvg%20xmlns=\" http:=\"\" class=\"attachment-large size-large\" alt=\"\" aria-describedby=\"gallery-1-180329\" data-lazy- data-lazy- data-lazy-src=\"https:\/\/www.europesays.com\/fr\/wp-content\/uploads\/2026\/09\/13-Cyrus-Herez-MS.jpg\"\/><\/a><\/p>\n<p>\n                                13. Margaux Benoist (Cap Pr\u00e9voyance), Maitre Caroline Jourdrain, Ma\u00eetre Arnaud Bouton (Kiron Avocats)<\/p>\n<p><br style=\"clear: both\"\/><\/p>\n<p>                                <a href=\"https:\/\/www.europesays.com\/fr\/wp-content\/uploads\/2026\/09\/14-Cyrus-Herez-MS.jpg\" title=\"14. Thomas Simonet (Cyrus Herez), C\u00e9cile Helilnga et Marie-Clotilde Monc (Cyrus Herez Nice)\" data-rl_title=\"14. Thomas Simonet (Cyrus Herez), C\u00e9cile Helilnga et Marie-Clotilde Monc (Cyrus Herez Nice)\" class=\"rl-gallery-link\" data-rl_caption=\"\" data-rel=\"lightbox-gallery-bGlnaHRib3gtZ2FsbGVyeS0w\" data-rl_><img loading=\"lazy\" decoding=\"async\" width=\"900\" height=\"600\" src=\"data:image\/svg+xml,%3Csvg%20xmlns=\" http:=\"\" class=\"attachment-large size-large\" alt=\"\" aria-describedby=\"gallery-1-180330\" data-lazy- data-lazy- data-lazy-src=\"https:\/\/www.europesays.com\/fr\/wp-content\/uploads\/2026\/09\/14-Cyrus-Herez-MS.jpg\"\/><\/a><\/p>\n<p>\n                                14. Thomas Simonet (Cyrus Herez), C\u00e9cile Helilnga et Marie-Clotilde Monc (Cyrus Herez Nice)<\/p>\n<p>                                <a href=\"https:\/\/www.europesays.com\/fr\/wp-content\/uploads\/2026\/09\/15-Cyrus-Herez-MS.jpg\" title=\"15. Mathilde Faure (Cyrus Herez) et Ma\u00eetre St\u00e9phane Flandin (Actalion Notaires)\" data-rl_title=\"15. Mathilde Faure (Cyrus Herez) et Ma\u00eetre St\u00e9phane Flandin (Actalion Notaires)\" class=\"rl-gallery-link\" data-rl_caption=\"\" data-rel=\"lightbox-gallery-bGlnaHRib3gtZ2FsbGVyeS0w\" data-rl_><img loading=\"lazy\" decoding=\"async\" width=\"900\" height=\"600\" src=\"data:image\/svg+xml,%3Csvg%20xmlns=\" http:=\"\" class=\"attachment-large size-large\" alt=\"\" aria-describedby=\"gallery-1-180331\" data-lazy- data-lazy- data-lazy-src=\"https:\/\/www.europesays.com\/fr\/wp-content\/uploads\/2026\/09\/15-Cyrus-Herez-MS.jpg\"\/><\/a><\/p>\n<p>\n                                15. Mathilde Faure (Cyrus Herez) et Ma\u00eetre St\u00e9phane Flandin (Actalion Notaires)<\/p>\n<p><br style=\"clear: both\"\/><\/p>\n<p>                                <a href=\"https:\/\/www.europesays.com\/fr\/wp-content\/uploads\/2026\/09\/16-Cyrus-Herez-MS.jpg\" title=\"16. Vital Blanchet et Emma Collignon (Osborne Clarke)\" data-rl_title=\"16. Vital Blanchet et Emma Collignon (Osborne Clarke)\" class=\"rl-gallery-link\" data-rl_caption=\"\" data-rel=\"lightbox-gallery-bGlnaHRib3gtZ2FsbGVyeS0w\" data-rl_><img loading=\"lazy\" decoding=\"async\" width=\"900\" height=\"600\" src=\"data:image\/svg+xml,%3Csvg%20xmlns=\" http:=\"\" class=\"attachment-large size-large\" alt=\"\" aria-describedby=\"gallery-1-180332\" data-lazy- data-lazy- data-lazy-src=\"https:\/\/www.europesays.com\/fr\/wp-content\/uploads\/2026\/09\/16-Cyrus-Herez-MS.jpg\"\/><\/a><\/p>\n<p>\n                                16. Vital Blanchet et Emma Collignon (Osborne Clarke)<\/p>\n<p>                                <a href=\"https:\/\/www.europesays.com\/fr\/wp-content\/uploads\/2026\/09\/17-Cyrus-Herez-MS.jpg\" title=\"17. Fran\u00e7ois Berthou (Hope Asset Management) entour\u00e9 de David Debomy, directeur r\u00e9gional de Cyrus Herez et David Intis, directeur g\u00e9n\u00e9ral de Cyrus Herez\" data-rl_title=\"17. Fran\u00e7ois Berthou (Hope Asset Management) entour\u00e9 de David Debomy, directeur r\u00e9gional de Cyrus Herez et David Intis, directeur g\u00e9n\u00e9ral de Cyrus Herez\" class=\"rl-gallery-link\" data-rl_caption=\"\" data-rel=\"lightbox-gallery-bGlnaHRib3gtZ2FsbGVyeS0w\" data-rl_><img loading=\"lazy\" decoding=\"async\" width=\"900\" height=\"600\" src=\"data:image\/svg+xml,%3Csvg%20xmlns=\" http:=\"\" class=\"attachment-large size-large\" alt=\"\" aria-describedby=\"gallery-1-180333\" data-lazy- data-lazy- data-lazy-src=\"https:\/\/www.europesays.com\/fr\/wp-content\/uploads\/2026\/09\/17-Cyrus-Herez-MS.jpg\"\/><\/a><\/p>\n<p>\n                                17. Fran\u00e7ois Berthou (Hope Asset Management) entour\u00e9 de David Debomy, directeur r\u00e9gional de Cyrus Herez et David Intis, directeur g\u00e9n\u00e9ral de Cyrus Herez<\/p>\n<p><br style=\"clear: both\"\/><\/p>\n<p>                                <a href=\"https:\/\/www.europesays.com\/fr\/wp-content\/uploads\/2026\/09\/18-Cyrus-Herez-MS.jpg\" title=\"18. Ma\u00eetre Pauline Fourmaux (Squair) et Ma\u00eetre Aur\u00e9lie Carrara (Grant Thornton-Akilys)\" data-rl_title=\"18. Ma\u00eetre Pauline Fourmaux (Squair) et Ma\u00eetre Aur\u00e9lie Carrara (Grant Thornton-Akilys)\" class=\"rl-gallery-link\" data-rl_caption=\"\" data-rel=\"lightbox-gallery-bGlnaHRib3gtZ2FsbGVyeS0w\" data-rl_><img loading=\"lazy\" decoding=\"async\" width=\"900\" height=\"600\" src=\"data:image\/svg+xml,%3Csvg%20xmlns=\" http:=\"\" class=\"attachment-large size-large\" alt=\"\" aria-describedby=\"gallery-1-180334\" data-lazy- data-lazy- data-lazy-src=\"https:\/\/www.europesays.com\/fr\/wp-content\/uploads\/2026\/09\/18-Cyrus-Herez-MS.jpg\"\/><\/a><\/p>\n<p>\n                                18. Ma\u00eetre Pauline Fourmaux (Squair) et Ma\u00eetre Aur\u00e9lie Carrara (Grant Thornton-Akilys) <\/p>\n<p>                                <a href=\"https:\/\/www.europesays.com\/fr\/wp-content\/uploads\/2026\/09\/19-Cyrus-Herez-MS.jpg\" title=\"19. Ma\u00eetre Valery Brisson (Grant Thornton-Akilys), Ma\u00eetre L\u00e9a Bourrel (Cornet Vincent Segurel) et Ma\u00eetre Fran\u00e7ois-Xavier Awatar(Osborne Clarke)\" data-rl_title=\"19. Ma\u00eetre Valery Brisson (Grant Thornton-Akilys), Ma\u00eetre L\u00e9a Bourrel (Cornet Vincent Segurel) et Ma\u00eetre Fran\u00e7ois-Xavier Awatar(Osborne Clarke)\" class=\"rl-gallery-link\" data-rl_caption=\"\" data-rel=\"lightbox-gallery-bGlnaHRib3gtZ2FsbGVyeS0w\" data-rl_><img loading=\"lazy\" decoding=\"async\" width=\"900\" height=\"600\" src=\"data:image\/svg+xml,%3Csvg%20xmlns=\" http:=\"\" class=\"attachment-large size-large\" alt=\"\" aria-describedby=\"gallery-1-180335\" data-lazy- data-lazy- data-lazy-src=\"https:\/\/www.europesays.com\/fr\/wp-content\/uploads\/2026\/09\/19-Cyrus-Herez-MS.jpg\"\/><\/a><\/p>\n<p>\n                                19. Ma\u00eetre Valery Brisson (Grant Thornton-Akilys), Ma\u00eetre L\u00e9a Bourrel (Cornet Vincent Segurel) et Ma\u00eetre Fran\u00e7ois-Xavier Awatar(Osborne Clarke)<\/p>\n<p><br style=\"clear: both\"\/><\/p>\n<p>                                <a href=\"https:\/\/www.europesays.com\/fr\/wp-content\/uploads\/2026\/09\/20-Cyrus-Herez-MS.jpg\" title=\"20. Jos\u00e9 Zaraya (Eternam) et Maitre \u00c9ric Baroin (FBL Avocat)\" data-rl_title=\"20. Jos\u00e9 Zaraya (Eternam) et Maitre \u00c9ric Baroin (FBL Avocat)\" class=\"rl-gallery-link\" data-rl_caption=\"\" data-rel=\"lightbox-gallery-bGlnaHRib3gtZ2FsbGVyeS0w\" data-rl_><img loading=\"lazy\" decoding=\"async\" width=\"900\" height=\"600\" src=\"data:image\/svg+xml,%3Csvg%20xmlns=\" http:=\"\" class=\"attachment-large size-large\" alt=\"\" aria-describedby=\"gallery-1-180336\" data-lazy- data-lazy- data-lazy-src=\"https:\/\/www.europesays.com\/fr\/wp-content\/uploads\/2026\/09\/20-Cyrus-Herez-MS.jpg\"\/><\/a><\/p>\n<p>\n                                20. Jos\u00e9 Zaraya (Eternam) et Maitre \u00c9ric Baroin (FBL Avocat)<\/p>\n<p>                                <a href=\"https:\/\/www.europesays.com\/fr\/wp-content\/uploads\/2026\/09\/21-Cyrus-Herez-MS.jpg\" title=\"21. Pierre Guiot (Premium Expertise), Laurent Loison (Cyrus Herez) et Benjamin Valdeli\u00e8vre (Premium Expertise)\" data-rl_title=\"21. Pierre Guiot (Premium Expertise), Laurent Loison (Cyrus Herez) et Benjamin Valdeli\u00e8vre (Premium Expertise)\" class=\"rl-gallery-link\" data-rl_caption=\"\" data-rel=\"lightbox-gallery-bGlnaHRib3gtZ2FsbGVyeS0w\" data-rl_><img loading=\"lazy\" decoding=\"async\" width=\"900\" height=\"600\" src=\"data:image\/svg+xml,%3Csvg%20xmlns=\" http:=\"\" class=\"attachment-large size-large\" alt=\"\" aria-describedby=\"gallery-1-180337\" data-lazy- data-lazy- data-lazy-src=\"https:\/\/www.europesays.com\/fr\/wp-content\/uploads\/2026\/09\/21-Cyrus-Herez-MS.jpg\"\/><\/a><\/p>\n<p>\n                                21. Pierre Guiot (Premium Expertise), Laurent Loison (Cyrus Herez) et Benjamin Valdeli\u00e8vre (Premium Expertise)<\/p>\n<p><br style=\"clear: both\"\/><\/p>\n<p>                                <a href=\"https:\/\/www.europesays.com\/fr\/wp-content\/uploads\/2026\/09\/22-Cyrus-Herez-MS.jpg\" title=\"22. Ma\u00eetre Clotilde Mouchel (FBL Avocat), Robert Perrier, St\u00e9phanie Meyssin (Cyrus Herez) et Ma\u00eetre Melvyn Joly (FBL Avocat)\" data-rl_title=\"22. Ma\u00eetre Clotilde Mouchel (FBL Avocat), Robert Perrier, St\u00e9phanie Meyssin (Cyrus Herez) et Ma\u00eetre Melvyn Joly (FBL Avocat)\" class=\"rl-gallery-link\" data-rl_caption=\"\" data-rel=\"lightbox-gallery-bGlnaHRib3gtZ2FsbGVyeS0w\" data-rl_><img loading=\"lazy\" decoding=\"async\" width=\"900\" height=\"600\" src=\"data:image\/svg+xml,%3Csvg%20xmlns=\" http:=\"\" class=\"attachment-large size-large\" alt=\"\" aria-describedby=\"gallery-1-180338\" data-lazy- data-lazy- data-lazy-src=\"https:\/\/www.europesays.com\/fr\/wp-content\/uploads\/2026\/09\/22-Cyrus-Herez-MS.jpg\"\/><\/a><\/p>\n<p>\n                                22. Ma\u00eetre Clotilde Mouchel (FBL Avocat), Robert Perrier, St\u00e9phanie Meyssin (Cyrus Herez) et Ma\u00eetre Melvyn Joly (FBL Avocat)<\/p>\n<p>                                <a href=\"https:\/\/www.europesays.com\/fr\/wp-content\/uploads\/2026\/09\/23-Cyrus-Herez-MS.jpg\" title=\"23. Maitre Caroline Jourdrain, Ma\u00eetre Camille Serrat (Mermoz Avocats), Marie Bertholet, g\u00e9rante priv\u00e9e de Cyrus Herez, Ma\u00eetre Audrey Regard (Stemm Avocat) et Annabelle Clavel (Factofrance)\" data-rl_title=\"23. Maitre Caroline Jourdrain, Ma\u00eetre Camille Serrat (Mermoz Avocats), Marie Bertholet, g\u00e9rante priv\u00e9e de Cyrus Herez, Ma\u00eetre Audrey Regard (Stemm Avocat) et Annabelle Clavel (Factofrance)\" class=\"rl-gallery-link\" data-rl_caption=\"\" data-rel=\"lightbox-gallery-bGlnaHRib3gtZ2FsbGVyeS0w\" data-rl_><img loading=\"lazy\" decoding=\"async\" width=\"900\" height=\"600\" src=\"data:image\/svg+xml,%3Csvg%20xmlns=\" http:=\"\" class=\"attachment-large size-large\" alt=\"\" aria-describedby=\"gallery-1-180339\" data-lazy- data-lazy- data-lazy-src=\"https:\/\/www.europesays.com\/fr\/wp-content\/uploads\/2026\/09\/23-Cyrus-Herez-MS.jpg\"\/><\/a><\/p>\n<p>\n                                23. Maitre Caroline Jourdrain, Ma\u00eetre Camille Serrat (Mermoz Avocats), Marie Bertholet, g\u00e9rante priv\u00e9e de Cyrus Herez, Ma\u00eetre Audrey Regard (Stemm Avocat) et Annabelle Clavel (Factofrance)<\/p>\n<p><br style=\"clear: both\"\/><\/p>\n<p>                                <a href=\"https:\/\/www.europesays.com\/fr\/wp-content\/uploads\/2026\/09\/24-Cyrus-Herez-MS.jpg\" title=\"24. Emmanuelle Wahl, directrice associ\u00e9e, entour\u00e9e de Marc L\u00e9corch\u00e9 Qwarks, Alexandre Vallin et Emma Bencherif (Qwarks)\" data-rl_title=\"24. Emmanuelle Wahl, directrice associ\u00e9e, entour\u00e9e de Marc L\u00e9corch\u00e9 Qwarks, Alexandre Vallin et Emma Bencherif (Qwarks)\" class=\"rl-gallery-link\" data-rl_caption=\"\" data-rel=\"lightbox-gallery-bGlnaHRib3gtZ2FsbGVyeS0w\" data-rl_><img loading=\"lazy\" decoding=\"async\" width=\"900\" height=\"600\" src=\"data:image\/svg+xml,%3Csvg%20xmlns=\" http:=\"\" class=\"attachment-large size-large\" alt=\"\" aria-describedby=\"gallery-1-180340\" data-lazy- data-lazy- data-lazy-src=\"https:\/\/www.europesays.com\/fr\/wp-content\/uploads\/2026\/09\/24-Cyrus-Herez-MS.jpg\"\/><\/a><\/p>\n<p>\n                                24. Emmanuelle Wahl, directrice associ\u00e9e, entour\u00e9e de Marc L\u00e9corch\u00e9 Qwarks, Alexandre Vallin et Emma Bencherif (Qwarks)<\/p>\n<p>                                <a href=\"https:\/\/www.europesays.com\/fr\/wp-content\/uploads\/2026\/09\/25-Cyrus-Herez-MS.jpg\" title=\"25. Marc L\u00e9corch\u00e9 (Qwarks), Emma Bencherif et Alexandre Vallin (Cyrus Herez)\" data-rl_title=\"25. Marc L\u00e9corch\u00e9 (Qwarks), Emma Bencherif et Alexandre Vallin (Cyrus Herez)\" class=\"rl-gallery-link\" data-rl_caption=\"\" data-rel=\"lightbox-gallery-bGlnaHRib3gtZ2FsbGVyeS0w\" data-rl_><img loading=\"lazy\" decoding=\"async\" width=\"900\" height=\"600\" src=\"data:image\/svg+xml,%3Csvg%20xmlns=\" http:=\"\" class=\"attachment-large size-large\" alt=\"\" aria-describedby=\"gallery-1-180341\" data-lazy- data-lazy- data-lazy-src=\"https:\/\/www.europesays.com\/fr\/wp-content\/uploads\/2026\/09\/25-Cyrus-Herez-MS.jpg\"\/><\/a><\/p>\n<p>\n                                25. Marc L\u00e9corch\u00e9 (Qwarks), Emma Bencherif et Alexandre Vallin (Cyrus Herez)<\/p>\n<p><br style=\"clear: both\"\/><\/p>\n<p>                                <a href=\"https:\/\/www.europesays.com\/fr\/wp-content\/uploads\/2026\/09\/26-Cyrus-Herez-MS.jpg\" title=\"26. Laura Gleyze et Pauline Desthieux (Tissendo)\" data-rl_title=\"26. Laura Gleyze et Pauline Desthieux (Tissendo)\" class=\"rl-gallery-link\" data-rl_caption=\"\" data-rel=\"lightbox-gallery-bGlnaHRib3gtZ2FsbGVyeS0w\" data-rl_><img loading=\"lazy\" decoding=\"async\" width=\"900\" height=\"600\" src=\"data:image\/svg+xml,%3Csvg%20xmlns=\" http:=\"\" class=\"attachment-large size-large\" alt=\"\" aria-describedby=\"gallery-1-180342\" data-lazy- data-lazy- data-lazy-src=\"https:\/\/www.europesays.com\/fr\/wp-content\/uploads\/2026\/09\/26-Cyrus-Herez-MS.jpg\"\/><\/a><\/p>\n<p>\n                                26. Laura Gleyze et Pauline Desthieux (Tissendo)<\/p>\n<p>                                <a href=\"https:\/\/www.europesays.com\/fr\/wp-content\/uploads\/2026\/09\/27-Cyrus-Herez-MS.jpg\" title=\"27. Ma\u00eetre Camille Serrat (Mermoz Avocats), Ma\u00eetre C\u00e9dric Chevaleyre et Ma\u00eetre Sandrine Celle\" data-rl_title=\"27. Ma\u00eetre Camille Serrat (Mermoz Avocats), Ma\u00eetre C\u00e9dric Chevaleyre et Ma\u00eetre Sandrine Celle\" class=\"rl-gallery-link\" data-rl_caption=\"\" data-rel=\"lightbox-gallery-bGlnaHRib3gtZ2FsbGVyeS0w\" data-rl_><img loading=\"lazy\" decoding=\"async\" width=\"900\" height=\"600\" src=\"data:image\/svg+xml,%3Csvg%20xmlns=\" http:=\"\" class=\"attachment-large size-large\" alt=\"\" aria-describedby=\"gallery-1-180343\" data-lazy- data-lazy- data-lazy-src=\"https:\/\/www.europesays.com\/fr\/wp-content\/uploads\/2026\/09\/27-Cyrus-Herez-MS.jpg\"\/><\/a><\/p>\n<p>\n                                27. Ma\u00eetre Camille Serrat (Mermoz Avocats), Ma\u00eetre C\u00e9dric Chevaleyre et Ma\u00eetre Sandrine Celle <\/p>\n<p><br style=\"clear: both\"\/><\/p>\n<p>                                <a href=\"https:\/\/www.europesays.com\/fr\/wp-content\/uploads\/2026\/09\/28-Cyrus-Herez-MS.jpg\" title=\"28. Marie Bertholet, g\u00e9rante priv\u00e9e, Jean-Michel Coy (Cyrus Herez) et Margaux Benoist (Cap Pr\u00e9voyance)\" data-rl_title=\"28. Marie Bertholet, g\u00e9rante priv\u00e9e, Jean-Michel Coy (Cyrus Herez) et Margaux Benoist (Cap Pr\u00e9voyance)\" class=\"rl-gallery-link\" data-rl_caption=\"\" data-rel=\"lightbox-gallery-bGlnaHRib3gtZ2FsbGVyeS0w\" data-rl_><img loading=\"lazy\" decoding=\"async\" width=\"900\" height=\"600\" src=\"data:image\/svg+xml,%3Csvg%20xmlns=\" http:=\"\" class=\"attachment-large size-large\" alt=\"\" aria-describedby=\"gallery-1-180344\" data-lazy- data-lazy- data-lazy-src=\"https:\/\/www.europesays.com\/fr\/wp-content\/uploads\/2026\/09\/28-Cyrus-Herez-MS.jpg\"\/><\/a><\/p>\n<p>\n                                28. Marie Bertholet, g\u00e9rante priv\u00e9e, Jean-Michel Coy (Cyrus Herez) et Margaux Benoist (Cap Pr\u00e9voyance)<\/p>\n<p>                                <a href=\"https:\/\/www.europesays.com\/fr\/wp-content\/uploads\/2026\/09\/29-Cyrus-Herez-MS.jpg\" title=\"29. Simon Rolland (Cr\u00e9dit Mutuel Equity) et Jean-Baptiste Hassler (Cyrus Herez)\" data-rl_title=\"29. Simon Rolland (Cr\u00e9dit Mutuel Equity) et Jean-Baptiste Hassler (Cyrus Herez)\" class=\"rl-gallery-link\" data-rl_caption=\"\" data-rel=\"lightbox-gallery-bGlnaHRib3gtZ2FsbGVyeS0w\" data-rl_><img loading=\"lazy\" decoding=\"async\" width=\"900\" height=\"600\" src=\"data:image\/svg+xml,%3Csvg%20xmlns=\" http:=\"\" class=\"attachment-large size-large\" alt=\"\" aria-describedby=\"gallery-1-180345\" data-lazy- data-lazy- data-lazy-src=\"https:\/\/www.europesays.com\/fr\/wp-content\/uploads\/2026\/09\/29-Cyrus-Herez-MS.jpg\"\/><\/a><\/p>\n<p>\n                                29. Simon Rolland (Cr\u00e9dit Mutuel Equity) et Jean-Baptiste Hassler (Cyrus Herez)<\/p>\n<p><br style=\"clear: both\"\/><\/p>\n<p>                                <a href=\"https:\/\/www.europesays.com\/fr\/wp-content\/uploads\/2026\/09\/30-Cyrus-Herez-MS.jpg\" title=\"30. Ma\u00eetre Laetitia Benoit (Bignon Lebray Avocat) et Claudia Fernandes (Ang\u00e9lus Capital)\" data-rl_title=\"30. Ma\u00eetre Laetitia Benoit (Bignon Lebray Avocat) et Claudia Fernandes (Ang\u00e9lus Capital)\" class=\"rl-gallery-link\" data-rl_caption=\"\" data-rel=\"lightbox-gallery-bGlnaHRib3gtZ2FsbGVyeS0w\" data-rl_><img loading=\"lazy\" decoding=\"async\" width=\"900\" height=\"600\" src=\"data:image\/svg+xml,%3Csvg%20xmlns=\" http:=\"\" class=\"attachment-large size-large\" alt=\"\" aria-describedby=\"gallery-1-180346\" data-lazy- data-lazy- data-lazy-src=\"https:\/\/www.europesays.com\/fr\/wp-content\/uploads\/2026\/09\/30-Cyrus-Herez-MS.jpg\"\/><\/a><\/p>\n<p>\n                                30. Ma\u00eetre Laetitia Benoit (Bignon Lebray Avocat) et Claudia Fernandes (Ang\u00e9lus Capital)<\/p>\n<p>                                <a href=\"https:\/\/www.europesays.com\/fr\/wp-content\/uploads\/2026\/09\/31-Cyrus-Herez-MS.jpg\" title=\"31. Maxime Caretti (Cyrus Herez), Ma\u00eetre S\u00e9bastien Messiant, Marie Bertholet (Cyrus Herez) et Ma\u00eetre St\u00e9phane Flandin\" data-rl_title=\"31. Maxime Caretti (Cyrus Herez), Ma\u00eetre S\u00e9bastien Messiant, Marie Bertholet (Cyrus Herez) et Ma\u00eetre St\u00e9phane Flandin\" class=\"rl-gallery-link\" data-rl_caption=\"\" data-rel=\"lightbox-gallery-bGlnaHRib3gtZ2FsbGVyeS0w\" data-rl_><img loading=\"lazy\" decoding=\"async\" width=\"900\" height=\"600\" src=\"data:image\/svg+xml,%3Csvg%20xmlns=\" http:=\"\" class=\"attachment-large size-large\" alt=\"\" aria-describedby=\"gallery-1-180347\" data-lazy- data-lazy- data-lazy-src=\"https:\/\/www.europesays.com\/fr\/wp-content\/uploads\/2026\/09\/31-Cyrus-Herez-MS.jpg\"\/><\/a><\/p>\n<p>\n                                31. Maxime Caretti (Cyrus Herez), Ma\u00eetre S\u00e9bastien Messiant, Marie Bertholet (Cyrus Herez) et Ma\u00eetre St\u00e9phane Flandin <\/p>\n<p><br style=\"clear: both\"\/><\/p>\n<p>                                <a href=\"https:\/\/www.europesays.com\/fr\/wp-content\/uploads\/2026\/09\/32-Cyrus-Herez-MS.jpg\" title=\"32. Fabien Haubry (Guy Hoquet), Ma\u00eetre L\u00e9a Bourrel (Cornet Vincent Segurel) et Jean-Fran\u00e7ois Maranzana (Carr\u00e9 d&#039;Or)\" data-rl_title=\"32. Fabien Haubry (Guy Hoquet), Ma\u00eetre L\u00e9a Bourrel (Cornet Vincent Segurel) et Jean-Fran\u00e7ois Maranzana (Carr\u00e9 d&#039;Or)\" class=\"rl-gallery-link\" data-rl_caption=\"\" data-rel=\"lightbox-gallery-bGlnaHRib3gtZ2FsbGVyeS0w\" data-rl_><img loading=\"lazy\" decoding=\"async\" width=\"900\" height=\"600\" src=\"data:image\/svg+xml,%3Csvg%20xmlns=\" http:=\"\" class=\"attachment-large size-large\" alt=\"\" aria-describedby=\"gallery-1-180348\" data-lazy- data-lazy- data-lazy-src=\"https:\/\/www.europesays.com\/fr\/wp-content\/uploads\/2026\/09\/32-Cyrus-Herez-MS.jpg\"\/><\/a><\/p>\n<p>\n                                32. Fabien Haubry (Guy Hoquet), Ma\u00eetre L\u00e9a Bourrel (Cornet Vincent Segurel) et Jean-Fran\u00e7ois Maranzana (Carr\u00e9 d\u2019Or)<\/p>\n<p>                                <a href=\"https:\/\/www.europesays.com\/fr\/wp-content\/uploads\/2026\/09\/33-Cyrus-Herez-MS.jpg\" title=\"33. Nicolas Gauthier (Groupe MG) et Christopher Fournier (Cyrus Herez)\" data-rl_title=\"33. Nicolas Gauthier (Groupe MG) et Christopher Fournier (Cyrus Herez)\" class=\"rl-gallery-link\" data-rl_caption=\"\" data-rel=\"lightbox-gallery-bGlnaHRib3gtZ2FsbGVyeS0w\" data-rl_><img loading=\"lazy\" decoding=\"async\" width=\"900\" height=\"600\" src=\"data:image\/svg+xml,%3Csvg%20xmlns=\" http:=\"\" class=\"attachment-large size-large\" alt=\"\" aria-describedby=\"gallery-1-180349\" data-lazy- data-lazy- data-lazy-src=\"https:\/\/www.europesays.com\/fr\/wp-content\/uploads\/2026\/09\/33-Cyrus-Herez-MS.jpg\"\/><\/a><\/p>\n<p>\n                                33. Nicolas Gauthier (Groupe MG) et Christopher Fournier (Cyrus Herez)<\/p>\n<p><br style=\"clear: both\"\/><\/p>\n<p>                                <a href=\"https:\/\/www.europesays.com\/fr\/wp-content\/uploads\/2026\/09\/34-Cyrus-Herez-MS.jpg\" title=\"34. Martin Fougerolle (Smart Partners) et Joris Delas (Croissance Partenaires)\" data-rl_title=\"34. Martin Fougerolle (Smart Partners) et Joris Delas (Croissance Partenaires)\" class=\"rl-gallery-link\" data-rl_caption=\"\" data-rel=\"lightbox-gallery-bGlnaHRib3gtZ2FsbGVyeS0w\" data-rl_><img loading=\"lazy\" decoding=\"async\" width=\"900\" height=\"600\" src=\"data:image\/svg+xml,%3Csvg%20xmlns=\" http:=\"\" class=\"attachment-large size-large\" alt=\"\" aria-describedby=\"gallery-1-180350\" data-lazy- data-lazy- data-lazy-src=\"https:\/\/www.europesays.com\/fr\/wp-content\/uploads\/2026\/09\/34-Cyrus-Herez-MS.jpg\"\/><\/a><\/p>\n<p>\n                                34. Martin Fougerolle (Smart Partners) et Joris Delas (Croissance Partenaires)<\/p>\n<p>                                <a href=\"https:\/\/www.europesays.com\/fr\/wp-content\/uploads\/2026\/09\/35-Cyrus-Herez-MS.jpg\" title=\"35. Herv\u00e9 Dakayi (Ang\u00e9lus Capital) et Claudia Fernandes (Ang\u00e9lus Capital)\" data-rl_title=\"35. Herv\u00e9 Dakayi (Ang\u00e9lus Capital) et Claudia Fernandes (Ang\u00e9lus Capital)\" class=\"rl-gallery-link\" data-rl_caption=\"\" data-rel=\"lightbox-gallery-bGlnaHRib3gtZ2FsbGVyeS0w\" data-rl_><img loading=\"lazy\" decoding=\"async\" width=\"900\" height=\"600\" src=\"data:image\/svg+xml,%3Csvg%20xmlns=\" http:=\"\" class=\"attachment-large size-large\" alt=\"\" aria-describedby=\"gallery-1-180351\" data-lazy- data-lazy- data-lazy-src=\"https:\/\/www.europesays.com\/fr\/wp-content\/uploads\/2026\/09\/35-Cyrus-Herez-MS.jpg\"\/><\/a><\/p>\n<p>\n                                35. Herv\u00e9 Dakayi (Ang\u00e9lus Capital) et Claudia Fernandes (Ang\u00e9lus Capital)<\/p>\n<p><br style=\"clear: both\"\/><\/p>\n<p>                                <a href=\"https:\/\/www.europesays.com\/fr\/wp-content\/uploads\/2026\/09\/36-Cyrus-Herez-MS.jpg\" title=\"36. Ma\u00eetre Marc Roirand (Fildal Avocat) et David Intis, directeur g\u00e9n\u00e9ral de Cyrus Herez\" data-rl_title=\"36. Ma\u00eetre Marc Roirand (Fildal Avocat) et David Intis, directeur g\u00e9n\u00e9ral de Cyrus Herez\" class=\"rl-gallery-link\" data-rl_caption=\"\" data-rel=\"lightbox-gallery-bGlnaHRib3gtZ2FsbGVyeS0w\" data-rl_><img loading=\"lazy\" decoding=\"async\" width=\"900\" height=\"600\" src=\"data:image\/svg+xml,%3Csvg%20xmlns=\" http:=\"\" class=\"attachment-large size-large\" alt=\"\" aria-describedby=\"gallery-1-180352\" data-lazy- data-lazy- data-lazy-src=\"https:\/\/www.europesays.com\/fr\/wp-content\/uploads\/2026\/09\/36-Cyrus-Herez-MS.jpg\"\/><\/a><\/p>\n<p>\n                                36. Ma\u00eetre Marc Roirand (Fildal Avocat) et David Intis, directeur g\u00e9n\u00e9ral de Cyrus Herez<\/p>\n<p>                                <a href=\"https:\/\/www.europesays.com\/fr\/wp-content\/uploads\/2026\/09\/37-Cyrus-Herez-MS.jpg\" title=\"37. Herv\u00e9 Dakayi, Claudia Fernandes (Ang\u00e9lus Capital), Alexandre Garel-Galais (Tissendo), Ma\u00eetre Laetitia Benoit (Bignon Lebray Avocats) et Ma\u00eetre Pierre-Emmanuel Scherrer (Bignon Levray Avocats)\" data-rl_title=\"37. Herv\u00e9 Dakayi, Claudia Fernandes (Ang\u00e9lus Capital), Alexandre Garel-Galais (Tissendo), Ma\u00eetre Laetitia Benoit (Bignon Lebray Avocats) et Ma\u00eetre Pierre-Emmanuel Scherrer (Bignon Levray Avocats)\" class=\"rl-gallery-link\" data-rl_caption=\"\" data-rel=\"lightbox-gallery-bGlnaHRib3gtZ2FsbGVyeS0w\" data-rl_><img loading=\"lazy\" decoding=\"async\" width=\"900\" height=\"600\" src=\"data:image\/svg+xml,%3Csvg%20xmlns=\" http:=\"\" class=\"attachment-large size-large\" alt=\"\" aria-describedby=\"gallery-1-180353\" data-lazy- data-lazy- data-lazy-src=\"https:\/\/www.europesays.com\/fr\/wp-content\/uploads\/2026\/09\/37-Cyrus-Herez-MS.jpg\"\/><\/a><\/p>\n<p>\n                                37. Herv\u00e9 Dakayi, Claudia Fernandes (Ang\u00e9lus Capital), Alexandre Garel-Galais (Tissendo), Ma\u00eetre Laetitia Benoit (Bignon Lebray Avocats) et Ma\u00eetre Pierre-Emmanuel Scherrer (Bignon Levray Avocats) <\/p>\n<p><br style=\"clear: both\"\/><\/p>\n<p>                                <a href=\"https:\/\/www.europesays.com\/fr\/wp-content\/uploads\/2026\/09\/38-Cyrus-Herez-MS.jpg\" title=\"38. Dadid Lemiere (Smart Partners), Martin Fougerolle (Smart Partners) et Pierre Meniaud (Jum Advisory)\" data-rl_title=\"38. Dadid Lemiere (Smart Partners), Martin Fougerolle (Smart Partners) et Pierre Meniaud (Jum Advisory)\" class=\"rl-gallery-link\" data-rl_caption=\"\" data-rel=\"lightbox-gallery-bGlnaHRib3gtZ2FsbGVyeS0w\" data-rl_><img loading=\"lazy\" decoding=\"async\" width=\"900\" height=\"600\" src=\"data:image\/svg+xml,%3Csvg%20xmlns=\" http:=\"\" class=\"attachment-large size-large\" alt=\"\" aria-describedby=\"gallery-1-180354\" data-lazy- data-lazy- data-lazy-src=\"https:\/\/www.europesays.com\/fr\/wp-content\/uploads\/2026\/09\/38-Cyrus-Herez-MS.jpg\"\/><\/a><\/p>\n<p>\n                                38. Dadid Lemiere (Smart Partners), Martin Fougerolle (Smart Partners) et Pierre Meniaud (Jum Advisory)<\/p>\n<p>                                <a href=\"https:\/\/www.europesays.com\/fr\/wp-content\/uploads\/2026\/09\/39-Cyrus-Herez.jpg\" title=\"39. Ma\u00eetre Cl\u00e9ment Roudet, Ma\u00eetre Nicolas Forest, Marie Bertholet (Cyrus Herez), Ma\u00eetre St\u00e9phane Vacher (Entandem Notaire) et David Debomy, directeur r\u00e9gional de Cyrus Herez\" data-rl_title=\"39. Ma\u00eetre Cl\u00e9ment Roudet, Ma\u00eetre Nicolas Forest, Marie Bertholet (Cyrus Herez), Ma\u00eetre St\u00e9phane Vacher (Entandem Notaire) et David Debomy, directeur r\u00e9gional de Cyrus Herez\" class=\"rl-gallery-link\" data-rl_caption=\"\" data-rel=\"lightbox-gallery-bGlnaHRib3gtZ2FsbGVyeS0w\" data-rl_><img loading=\"lazy\" decoding=\"async\" width=\"900\" height=\"600\" src=\"data:image\/svg+xml,%3Csvg%20xmlns=\" http:=\"\" class=\"attachment-large size-large\" alt=\"\" aria-describedby=\"gallery-1-180355\" data-lazy- data-lazy- data-lazy-src=\"https:\/\/www.europesays.com\/fr\/wp-content\/uploads\/2026\/09\/39-Cyrus-Herez.jpg\"\/><\/a><\/p>\n<p>\n                                39. Ma\u00eetre Cl\u00e9ment Roudet, Ma\u00eetre Nicolas Forest, Marie Bertholet (Cyrus Herez), Ma\u00eetre St\u00e9phane Vacher (Entandem Notaire) et David Debomy, directeur r\u00e9gional de Cyrus Herez<\/p>\n<p><br style=\"clear: both\"\/><\/p>\n","protected":false},"excerpt":{"rendered":"Par la r\u00e9daction \u2013 Pr\u00e9sente \u00e0 Lyon depuis plus de vingt ans, la soci\u00e9t\u00e9 fran\u00e7aise de gestion de&hellip;\n","protected":false},"author":2,"featured_media":1166237,"comment_status":"","ping_status":"","sticky":false,"template":"","format":"standard","meta":{"footnotes":"","_share_on_mastodon":"0"},"categories":[1889],"tags":[4257,1111,47,4258,11,2430,120371,1777,674,1011,27,2428,12,25],"class_list":["post-1166236","post","type-post","status-publish","format-standard","has-post-thumbnail","category-lyon","tag-0top","tag-actu","tag-actualite","tag-actualite-lyon","tag-actualites","tag-auvergne-rhone-alpes","tag-cyrus-herez-lyon","tag-eu","tag-europe","tag-fr","tag-france","tag-lyon","tag-news","tag-republique-francaise"],"share_on_mastodon":{"url":"https:\/\/pubeurope.com\/@fr\/117211066149058144","error":""},"_links":{"self":[{"href":"https:\/\/www.europesays.com\/fr\/wp-json\/wp\/v2\/posts\/1166236","targetHints":{"allow":["GET"]}}],"collection":[{"href":"https:\/\/www.europesays.com\/fr\/wp-json\/wp\/v2\/posts"}],"about":[{"href":"https:\/\/www.europesays.com\/fr\/wp-json\/wp\/v2\/types\/post"}],"author":[{"embeddable":true,"href":"https:\/\/www.europesays.com\/fr\/wp-json\/wp\/v2\/users\/2"}],"replies":[{"embeddable":true,"href":"https:\/\/www.europesays.com\/fr\/wp-json\/wp\/v2\/comments?post=1166236"}],"version-history":[{"count":0,"href":"https:\/\/www.europesays.com\/fr\/wp-json\/wp\/v2\/posts\/1166236\/revisions"}],"wp:featuredmedia":[{"embeddable":true,"href":"https:\/\/www.europesays.com\/fr\/wp-json\/wp\/v2\/media\/1166237"}],"wp:attachment":[{"href":"https:\/\/www.europesays.com\/fr\/wp-json\/wp\/v2\/media?parent=1166236"}],"wp:term":[{"taxonomy":"category","embeddable":true,"href":"https:\/\/www.europesays.com\/fr\/wp-json\/wp\/v2\/categories?post=1166236"},{"taxonomy":"post_tag","embeddable":true,"href":"https:\/\/www.europesays.com\/fr\/wp-json\/wp\/v2\/tags?post=1166236"}],"curies":[{"name":"wp","href":"https:\/\/api.w.org\/{rel}","templated":true}]}}