{"id":1166238,"date":"2026-09-04T05:14:13","date_gmt":"2026-09-04T05:14:13","guid":{"rendered":"https:\/\/www.europesays.com\/fr\/1166238\/"},"modified":"2026-09-04T05:14:13","modified_gmt":"2026-09-04T05:14:13","slug":"lyon-auxerre-sur-quelle-chaine-tv-et-a-quelle-heure-voir-le-match-de-la-3e-journee-de-ligue-1","status":"publish","type":"post","link":"https:\/\/www.europesays.com\/fr\/1166238\/","title":{"rendered":"Lyon-Auxerre\u00a0: Sur quelle cha\u00eene TV et \u00e0 quelle heure voir le match de la 3e journ\u00e9e de Ligue 1\u00a0?"},"content":{"rendered":"<p>Le week-end de Ligue 1 d\u00e9marre vendredi avec Lyon-Auxerre au Groupama Stadium. Au lendemain de la victoire de Lille \u00e0 Toulouse, les Lyonnais vont tenter de garder le rythme du LOSC en s\u2019imposant face aux Bourguignons. Ces derniers vont essayer de prendre leurs premiers points de la saison.<\/p>\n<p>\u00c0 quelle heure et sur quelle cha\u00eene voir Lyon &#8211; Auxerre lors de la 3e journ\u00e9e de Ligue 1<\/p>\n<p>Le match entre les Gones et les Bourguignons sera diffus\u00e9 le vendredi 4\u00a0septembre 2026, \u00e0 19 heures, en direct sur Ligue 1 +\u00a03.<\/p>\n<p>Lyon veut oublier Le\u00a0Havre<\/p>\n<p>Tenus en \u00e9chec contre le HAC au Groupama Stadium le week-end dernier (1-1), les Gones veulent rapidement renouer avec la victoire. Face \u00e0 un mal class\u00e9, les hommes de Paulo Fonseca ont une belle occasion de rejoindre le LOSC provisoirement leader avec 7 points.<\/p>\n<p>Sans Malick Fofana, parti \u00e0 <a href=\"https:\/\/www.20minutes.fr\/dossier\/sunderland\" class=\"c-link c-link--is-underlined\" rel=\"nofollow noopener\" target=\"_blank\">Sunderland<\/a> pour 30\u00a0millions d\u2019euros, les Lyonnais devront montrer qu\u2019ils ont le niveau pour jouer les premiers r\u00f4les cette saison en Ligue 1. Ils pourront compter sur leur champion du monde\u00a02022, Nicolas Tagliafico, finalement rest\u00e9 au club apr\u00e8s des rumeurs de d\u00e9part. Apr\u00e8s la d\u00e9sillusion des barrages de la <a href=\"https:\/\/www.20minutes.fr\/sport\/ligue_des_champions\/\" class=\"c-link c-link--is-underlined\" rel=\"nofollow noopener\" target=\"_blank\">Ligue des Champions<\/a>, Lyon veut retrouver le sourire en d\u00e9marrant du bon pied en championnat.<\/p>\n<p class=\"mb-xxl@xs color-ultramarine font-weight-semi-bold@xs font-source-serif-pro text-xxl@xs\">L\u2019acc\u00e8s \u00e0 ce contenu X (Twitter) a \u00e9t\u00e9 bloqu\u00e9 afin de respecter vos choix de consentement<\/p>\n<p class=\"mb-m@xs text-l@xs\">En cliquant sur \u00ab\u00a0Accepter les cookies\u00a0\u00bb, vous consentez au d\u00e9p\u00f4t de cookies par X (Twitter) et pourrez ainsi acc\u00e9der \u00e0 ce contenu interactif.<\/p>\n<p class=\"mb-m@xs text-l@xs\">Vous pouvez, \u00e0 tout moment, modifier vos choix cookies ou retirer votre consentement en bas de nos pages.<\/p>\n<p class=\"mb-xl@xs text-s@xs\">En savoir plus sur notre <a href=\"https:\/\/www.20minutes.fr\/gestion-cookies\" class=\"color-ultramarine\" rel=\"nofollow noopener\" target=\"_blank\">politique de cookies<\/a> et sur la <a href=\"https:\/\/privacy.x.com\/en\" class=\"color-ultramarine\" rel=\"nofollow noopener\" target=\"_blank\">politique de confidentialit\u00e9 de ce partenaire<\/a>.<\/p>\n<p>G\u00e9rer mes pr\u00e9f\u00e9rencesJ\u2019accepte les cookies<\/p>\n<p>Auxerre doit fermer les vannes<\/p>\n<p>Avec 8 buts encaiss\u00e9s en deux rencontres, difficile pour les Bourguignons d\u2019avoir de l\u2019ambition en ce d\u00e9but de saison. Will Still doit trouver la formule pour faire r\u00e9agir. Peut-\u00eatre avec la recrue Axel Tuanzebe, d\u00e9fenseur exp\u00e9riment\u00e9 qui a connu la <a href=\"https:\/\/www.20minutes.fr\/sport\/premier_league\/\" class=\"c-link c-link--is-underlined\" rel=\"nofollow noopener\" target=\"_blank\">Premier League<\/a> (Manchester United, Aston Villa, Burnley,\u00a0etc.).<\/p>\n<p>Battus \u00e0 domicile contre <a href=\"https:\/\/www.20minutes.fr\/dossier\/angers\" class=\"c-link c-link--is-underlined\" rel=\"nofollow noopener\" target=\"_blank\">Angers<\/a> lors du dernier match (1-2), les joueurs de l\u2019AJA ont tout m\u00eame montr\u00e9 de belles choses par intermittence. En attaque, le nouvel arrivant Cameron Archer, pr\u00eat\u00e9 par Southampton, est un des paris du club.<\/p>\n<p>Les compos probables de Lyon-Auxerre<\/p>\n<ul>\n<li>OL &#8211; Composition probable\u00a0: Greif &#8211; Abner, Niakhat\u00e9, Bacher, Athekame &#8211; Morton, Tessmann &#8211; Sulc, Tolisso, Nuamah &#8211; Openda. Entra\u00eeneur\u00a0: <a href=\"https:\/\/www.20minutes.fr\/sport\/football\/paulo-fonseca\/\" class=\"c-link c-link--is-underlined\" rel=\"nofollow noopener\" target=\"_blank\">Paulo Fonseca<\/a><\/li>\n<li>Auxerre &#8211; Composition probable\u00a0: Diop &#8211; Akpa, Diomand\u00e9, Tuanzebe, Sy &#8211; Danois, Piedfort, Ahamada &#8211; Labeau-Lascary, Namaso, Faivre. Entra\u00eeneur\u00a0: Will Still<\/li>\n<\/ul>\n","protected":false},"excerpt":{"rendered":"Le week-end de Ligue 1 d\u00e9marre vendredi avec Lyon-Auxerre au Groupama Stadium. Au lendemain de la victoire de&hellip;\n","protected":false},"author":2,"featured_media":1166239,"comment_status":"","ping_status":"","sticky":false,"template":"","format":"standard","meta":{"footnotes":"","_share_on_mastodon":"0"},"categories":[1889],"tags":[1111,11,4428,2430,2719,2718,1777,674,63,1011,27,66,2428,12,2853,25,2429,2431,517,2717],"class_list":["post-1166238","post","type-post","status-publish","format-standard","has-post-thumbnail","category-lyon","tag-actu","tag-actualites","tag-aj-auxerre","tag-auvergne-rhone-alpes","tag-bourgogne","tag-bourgogne-franche-comte","tag-eu","tag-europe","tag-football","tag-fr","tag-france","tag-ligue-1","tag-lyon","tag-news","tag-olympique-lyonnais-ol","tag-republique-francaise","tag-rhone","tag-rhone-alpes","tag-sport","tag-yonne"],"share_on_mastodon":{"url":"https:\/\/pubeurope.com\/@fr\/117211068275878931","error":""},"_links":{"self":[{"href":"https:\/\/www.europesays.com\/fr\/wp-json\/wp\/v2\/posts\/1166238","targetHints":{"allow":["GET"]}}],"collection":[{"href":"https:\/\/www.europesays.com\/fr\/wp-json\/wp\/v2\/posts"}],"about":[{"href":"https:\/\/www.europesays.com\/fr\/wp-json\/wp\/v2\/types\/post"}],"author":[{"embeddable":true,"href":"https:\/\/www.europesays.com\/fr\/wp-json\/wp\/v2\/users\/2"}],"replies":[{"embeddable":true,"href":"https:\/\/www.europesays.com\/fr\/wp-json\/wp\/v2\/comments?post=1166238"}],"version-history":[{"count":0,"href":"https:\/\/www.europesays.com\/fr\/wp-json\/wp\/v2\/posts\/1166238\/revisions"}],"wp:featuredmedia":[{"embeddable":true,"href":"https:\/\/www.europesays.com\/fr\/wp-json\/wp\/v2\/media\/1166239"}],"wp:attachment":[{"href":"https:\/\/www.europesays.com\/fr\/wp-json\/wp\/v2\/media?parent=1166238"}],"wp:term":[{"taxonomy":"category","embeddable":true,"href":"https:\/\/www.europesays.com\/fr\/wp-json\/wp\/v2\/categories?post=1166238"},{"taxonomy":"post_tag","embeddable":true,"href":"https:\/\/www.europesays.com\/fr\/wp-json\/wp\/v2\/tags?post=1166238"}],"curies":[{"name":"wp","href":"https:\/\/api.w.org\/{rel}","templated":true}]}}