{"id":1166252,"date":"2026-09-04T05:24:19","date_gmt":"2026-09-04T05:24:19","guid":{"rendered":"https:\/\/www.europesays.com\/fr\/1166252\/"},"modified":"2026-09-04T05:24:19","modified_gmt":"2026-09-04T05:24:19","slug":"le-gouvernement-allemand-provoque-lescalade-de-la-guerre-en-ukraine","status":"publish","type":"post","link":"https:\/\/www.europesays.com\/fr\/1166252\/","title":{"rendered":"Le gouvernement allemand provoque l\u2019escalade de la guerre en Ukraine"},"content":{"rendered":"<p><img decoding=\"async\" class=\"db relative center\" loading=\"lazy\" src=\"https:\/\/www.europesays.com\/fr\/wp-content\/uploads\/2026\/09\/adec4499-c515-46d2-8b48-74f0c1715b03.jpeg\" style=\"max-height:100%\"\/>Un avion cargo Antonov [Photo by Vitorinostudio \/ wikimedia \/ <a class=\"black-40 hover-black-60 no-underline\" target=\"_blank\" rel=\"noopener nofollow\" href=\"https:\/\/creativecommons.org\/licenses\/by-sa\/4.0\/\">CC BY-SA 4.0<\/a>]<\/p>\n<p>L&rsquo;accusation du gouvernement allemand que la Russie aurait perp\u00e9tr\u00e9 un attentat terroriste manqu\u00e9 \u00e0 l&rsquo;a\u00e9roport de Leipzig le 4 ao\u00fbt est une provocation politique. Son objectif est d&rsquo;intensifier le conflit en Ukraine, de rallier les autres puissances europ\u00e9ennes \u00e0 l&rsquo;effort de guerre et de pr\u00e9parer l&rsquo;opinion publique \u00e0 un conflit direct avec la Russie, une puissance nucl\u00e9aire.<\/p>\n<p>Il est r\u00e9v\u00e9lateur que le gouvernement allemand ait annonc\u00e9 sa derni\u00e8re escalade contre la Russie le 1er septembre, jour anniversaire du d\u00e9clenchement de la Seconde Guerre mondiale par Hitler. Les nazis avaient orchestr\u00e9 une fausse attaque contre la station de radio de Gleiwitz (aujourd&rsquo;hui Gliwice) pour justifier l&rsquo;invasion de la Pologne. \u00abNous ripostons depuis 5h 45\u00bb, avait d\u00e9clar\u00e9 Hitler au Reichstag.<\/p>\n<p>Le gouvernement allemand recourt aux m\u00eames m\u00e9thodes, alors qu&rsquo;il se pr\u00e9pare \u00e0 passer d&rsquo;une guerre par procuration \u00e0 une guerre ouverte contre la Russie. C&rsquo;est ce que voulait dire le ministre allemand de l&rsquo;Int\u00e9rieur Alexandre Dobrindt lorsqu&rsquo;il a d\u00e9clar\u00e9: \u00ab\u00a0Nous ne sommes pas en guerre, mais nous sommes la cible quotidienne d&rsquo;une guerre hybride.\u00a0\u00bb<\/p>\n<p>Les mesures punitives impos\u00e9es par le gouvernement \u2013 la fermeture du consulat g\u00e9n\u00e9ral de Russie \u00e0 Bonn et de la Maison russe \u00e0 Berlin, le durcissement des conditions d&rsquo;entr\u00e9e pour les Russes et les pressions exerc\u00e9es sur la \u00ab flotte de l&rsquo;ombre \u00bb \u2013 convergent toutes vers un m\u00eame objectif: la rupture des relations diplomatiques et culturelles est un pas vers la guerre. Le gouvernement s&rsquo;attend pleinement \u00e0 ce que la Russie r\u00e9agisse en fermant l&rsquo;Institut Goethe \u00e0 Moscou et le consulat allemand \u00e0 Saint-P\u00e9tersbourg.<\/p>\n<p>Les accusations contre la Russie ont \u00e9t\u00e9 soigneusement orchestr\u00e9es. Dimanche, le chancelier allemand Friedrich Merz a annonc\u00e9 qu&rsquo;on allait bient\u00f4t proc\u00e9der \u00e0 une \u00ab\u00a0attribution officielle de l&rsquo;attentat de Leipzig\u00bb et a menac\u00e9: \u00abIls paieront pour cela.\u00bb Mardi, le ministre des Affaires \u00e9trang\u00e8res Johann Wadephul et le ministre de l&rsquo;Int\u00e9rieur Alexander Dobrindt ont ensuite publi\u00e9 un communiqu\u00e9 de presse conjoint accusant la Russie d&rsquo;\u00eatre responsable de l&rsquo;attaque.<\/p>\n<p>Wadephul s&rsquo;est ensuite rendu en Irlande pour une r\u00e9union des ministres des Affaires \u00e9trang\u00e8res de l&rsquo;UE afin de les rallier \u00e0 une position plus agressive envers la Russie. Au moment o\u00f9 il s&rsquo;est adress\u00e9 \u00e0 la presse, les ministres de la D\u00e9fense de l&rsquo;UE s&rsquo;\u00e9taient d\u00e9j\u00e0 r\u00e9unis en Irlande et avaient \u00e9galement d\u00e9cid\u00e9 d&rsquo;intensifier les hostilit\u00e9s contre la Russie.<\/p>\n<p>Dobrindt et Wadephul n&rsquo;ont pr\u00e9sent\u00e9 aucune preuve cr\u00e9dible de l&rsquo;implication pr\u00e9sum\u00e9e de la Russie. Dobrindt s&rsquo;est content\u00e9 d&rsquo;\u00e9voquer de mani\u00e8re g\u00e9n\u00e9rale les conclusions des services de police et de renseignement selon lesquelles les moyens employ\u00e9s \u2013 la configuration du drone, ses composants, les explosifs et la technologie du d\u00e9tonateur \u2013 correspondaient \u00e0 ceux d&rsquo;autres op\u00e9rations hybrides russes. Il a affirm\u00e9 que la technologie \u00e9tait \u00ab\u00a0professionnelle\u00a0\u00bb et la planification \u00ab\u00a0consid\u00e9rable\u00a0\u00bb, contredisant ainsi sa propre d\u00e9claration selon laquelle l&rsquo;acte avait \u00e9t\u00e9 perp\u00e9tr\u00e9 par des \u00ab\u00a0agents subalternes\u00a0\u00bb, c&rsquo;est-\u00e0-dire des amateurs.<\/p>\n<p>La d\u00e9couverte du drone \u00e0 l&rsquo;a\u00e9roport de Leipzig \u2014 qui, outre le trafic civil, sert \u00e9galement de plaque tournante pour le fret et les exp\u00e9ditions d&rsquo;armes \u2014 soul\u00e8ve de nombreuses questions.<\/p>\n<p>Un chauffeur de bus a d\u00e9couvert le petit drone au sol tard dans la nuit du 4 ao\u00fbt, pr\u00e8s d&rsquo;un Antonov, un avion-cargo de la compagnie a\u00e9rienne ukrainienne du m\u00eame nom, bas\u00e9e \u00e0 Leipzig depuis le d\u00e9but de la guerre. Les enqu\u00eateurs ont ensuite trouv\u00e9 \u00e0 proximit\u00e9 600 grammes d&rsquo;explosifs, qui se seraient d\u00e9tach\u00e9s du drone. Aucune explosion ni d\u00e9g\u00e2t n&rsquo;ont \u00e9t\u00e9 constat\u00e9s.<\/p>\n<p>D\u00e9j\u00e0 \u00e0 l&rsquo;\u00e9poque, nombreux \u00e9taient ceux qui r\u00e9clamaient que la Russie soit tenue pour responsable de cette \u00ab\u00a0attaque hybride\u00a0\u00bb. Mais des soup\u00e7ons existaient \u00e9galement, exprim\u00e9s dans des cercles proches des services de s\u00e9curit\u00e9, quant \u00e0 une possible provocation de l&rsquo;Ukraine ou d&rsquo;autres parties int\u00e9ress\u00e9es. Rien dans les d\u00e9clarations r\u00e9centes de Dobrindt et Wadephul n&rsquo;a permis de les r\u00e9futer.<\/p>\n<p>La Russie a cat\u00e9goriquement rejet\u00e9 les all\u00e9gations allemandes. En marge d&rsquo;un sommet avec la Chine et l&rsquo;Inde \u00e0 Bichkek, le pr\u00e9sident russe Poutine a qualifi\u00e9 les mesures punitives de \u00abgrave erreur\u00bb et a accus\u00e9 le gouvernement allemand d&rsquo;avoir fabriqu\u00e9 de fausses preuves apr\u00e8s l&rsquo;incident du drone afin de porter des accusations contre Moscou. Le porte-parole du Kremlin, Dmitri Peskov, a accus\u00e9 Berlin de poursuivre d\u00e9lib\u00e9r\u00e9ment \u00abla voie de l\u2019escalade\u00bb.<\/p>\n<p>La r\u00e9action du gouvernement allemand \u00e0 la d\u00e9couverte du drone \u00e0 Leipzig contraste fortement avec sa r\u00e9ponse \u00e0 la plus importante attaque terroriste contre une infrastructure de m\u00e9moire r\u00e9cente: l\u2019attentat contre le gazoduc Nord Stream en 2022. Bien que les auteurs ukrainiens aient depuis \u00e9t\u00e9 identifi\u00e9s et que la piste m\u00e8ne au commandant en chef de l\u2019arm\u00e9e ukrainienne de l\u2019\u00e9poque, Valery Zaluzhny, le gouvernement allemand n\u2019a jamais protest\u00e9, et encore moins impos\u00e9 de mesures punitives \u00e0 Kiev. Sa position sur les attaques terroristes, r\u00e9elles ou fictives, est d\u00e9termin\u00e9e non par les faits, mais par ses int\u00e9r\u00eats imp\u00e9rialistes.<\/p>\n<p>Cette derni\u00e8re provocation contre la Russie ne peut \u00eatre comprise ind\u00e9pendamment du contexte mondial. Les profondes contradictions du capitalisme mondial poussent une fois de plus toutes les puissances imp\u00e9rialistes vers un nouveau et violent partage du monde.<\/p>\n<p>La guerre mondiale est d\u00e9j\u00e0 \u00aben cours, se d\u00e9veloppant \u00e0 la mani\u00e8re d&rsquo;un processus m\u00e9tastatique\u00bb, expliquait David North dans son <a href=\"https:\/\/www.wsws.org\/fr\/articles\/2026\/08\/15\/tsgg-a15.html\" rel=\"nofollow noopener\" target=\"_blank\">rapport au neuvi\u00e8me congr\u00e8s du Parti de l&rsquo;\u00e9galit\u00e9 socialiste (\u00c9tats-Unis)<\/a>. \u00abElle se propage \u00e0 l&rsquo;\u00e9chelle mondiale comme une maladie chronique qui s\u2019aggrave, colonisant de nouvelles r\u00e9gions, fusionnant des conflits auparavant distincts et transformant progressivement l&rsquo;\u00e9conomie mondiale et chaque \u00c9tat-nation en vue de la conflagration g\u00e9n\u00e9rale vers laquelle elle tend.\u00bb<\/p>\n<p>En tant que premi\u00e8re puissance \u00e9conomique europ\u00e9enne, l&rsquo;Allemagne joua d\u00e9j\u00e0 un r\u00f4le particuli\u00e8rement agressif durant la Premi\u00e8re Guerre mondiale. Coinc\u00e9e au c\u0153ur d&rsquo;une Europe \u00e9triqu\u00e9e, d\u00e9pourvue d&rsquo;un vaste empire colonial et surpass\u00e9e par la flotte britannique, elle cherchait \u00e0 dominer l&rsquo;Europe et \u00e0 s&rsquo;\u00e9tendre vers l&rsquo;est. Les plans de guerre contre la France et la Russie \u00e9taient pr\u00eats depuis des ann\u00e9es dans les tiroirs des g\u00e9n\u00e9raux, des industriels et des hommes d&rsquo;\u00c9tat lorsque la guerre \u00e9clata en 1914.<\/p>\n<p>Il ne restait plus qu&rsquo;\u00e0 trouver un pr\u00e9texte plausible. On l\u2019obtint en orchestrant un scandale \u00e0 propos de l&rsquo;assassinat de l&rsquo;h\u00e9ritier du tr\u00f4ne autrichien par un nationaliste serbe \u00e0 Sarajevo et par le ch\u00e8que en blanc accord\u00e9 par Berlin \u00e0 l&rsquo;Autriche pour une guerre contre la Serbie. Le gouvernement allemand savait que la Russie r\u00e9agirait par une mobilisation g\u00e9n\u00e9rale et pourrait ainsi \u00eatre pr\u00e9sent\u00e9e comme l&rsquo;agresseur.<\/p>\n<p>Durant la Seconde Guerre mondiale, l&rsquo;imp\u00e9rialisme allemand chercha \u00e0 venger sa d\u00e9faite de la Premi\u00e8re Guerre mondiale en mobilisant toutes les ressources de la soci\u00e9t\u00e9 pour une guerre au cours de laquelle il commit des crimes d&rsquo;une ampleur inimaginable, notamment le meurtre syst\u00e9matique de 27 millions de citoyens sovi\u00e9tiques et de 6 millions de Juifs. Pour ce faire, il eut besoin de la dictature nazie, qui \u00e9crasa le mouvement ouvrier, convertit toute l&rsquo;industrie \u00e0 la production de guerre et fit dispara\u00eetre les derniers scrupules moraux.<\/p>\n<p>L&rsquo;imp\u00e9rialisme allemand se trouve aujourd&rsquo;hui dans une situation comparable \u00e0 celle de la premi\u00e8re moiti\u00e9 du XXe si\u00e8cle. Pendant la Guerre froide, il a exploit\u00e9 le march\u00e9 unique europ\u00e9en et engrang\u00e9 les profits \u00e0 l&rsquo;\u00e9chelle mondiale en profitant de l&rsquo;influence des \u00c9tats-Unis. La dissolution de l&rsquo;Union sovi\u00e9tique cela a chang\u00e9. L&rsquo;\u00e9conomie allemande a bien \u00e9t\u00e9 la premi\u00e8re \u00e0 b\u00e9n\u00e9ficier de l&rsquo;expansion vers l&rsquo;Est de l&rsquo;Union europ\u00e9enne et de l&rsquo;OTAN, mais lorsque l&rsquo;OTAN a \u00e9tendu son emprise \u00e0 l&rsquo;Ukraine et \u00e0 la G\u00e9orgie, elle a provoqu\u00e9 une r\u00e9action de d\u00e9fense de la part de Moscou. Le r\u00e9gime de Poutine, incapable de rallier les masses laborieuses, a r\u00e9pondu par une guerre qui dure depuis quatre ans et demi et a d\u00e9j\u00e0 fait des centaines de milliers de victimes.<\/p>\n<p>D\u00e8s le d\u00e9but, l&rsquo;Allemagne a jou\u00e9 un r\u00f4le de premier plan dans l&rsquo;escalade du conflit. En 2014, de concert avec les \u00c9tats-Unis, elle a orchestr\u00e9 le renversement violent du gouvernement de Kiev, portant au pouvoir un r\u00e9gime pro-occidental; elle a ensuite contribu\u00e9 \u00e0 la reconstruction de l&rsquo;arm\u00e9e ukrainienne; et aujourd&rsquo;hui, elle est le principal bailleur de fonds et un important fournisseur d&rsquo;armes du r\u00e9gime Zelensky, avec lequel elle collabore \u00e9troitement.<\/p>\n<p>Berlin s&rsquo;efforce de maintenir unis les rangs europ\u00e9ens. Il travaille en \u00e9troite collaboration avec le gouvernement britannique, qui apporte \u00e9galement un soutien militaire et financier massif \u00e0 l&rsquo;Ukraine. Sous la pr\u00e9sidence d&rsquo;Ursula von der Leyen \u2013 membre de l&rsquo;Union chr\u00e9tienne-d\u00e9mocrate (CDU), comme le chancelier allemand Merz \u2013 la Commission europ\u00e9enne a consid\u00e9rablement \u00e9tendu ses pouvoirs. Elle coordonne l&rsquo;industrie europ\u00e9enne de d\u00e9fense, \u00e9met ses propres obligations sur les march\u00e9s financiers et utilise les fonds ainsi lev\u00e9s pour financer un pr\u00eat de 90 milliards d&rsquo;euros \u00e0 l&rsquo;Ukraine.<\/p>\n<p>Berlin et Bruxelles s&rsquo;efforcent \u00e9galement de faire que les \u00c9tats-Unis, en tant que principale puissance de l&rsquo;OTAN, restent partie prenante du conflit. Mais les droits de douane punitifs impos\u00e9s par Trump, ses revendications sur le Groenland et ses relations unilat\u00e9rales avec Moscou ont exacerb\u00e9 les tensions. Trump n&rsquo;est pas ici la cause mais seulement la manifestation la plus flagrante de contradictions imp\u00e9rialistes accumul\u00e9es depuis longtemps.<\/p>\n<p>Chaque rencontre entre Trump et Poutine est suivi avec suspicion \u00e0 Berlin et Bruxelles. Plus les tensions transatlantiques s&rsquo;intensifient, plus Berlin alimente le conflit avec Moscou. Il a li\u00e9 son destin \u00e0 une victoire sur la Russie et n&rsquo;est pas pr\u00eat \u00e0 accepter d\u2019autre issue \u00e0 cette guerre en pleine escalade que sa capitulation. Les dirigeants acceptent ici sciemment le risque d&rsquo;une annihilation nucl\u00e9aire de l&rsquo;Europe.<\/p>\n<p>La r\u00e9sistance \u00e0 la guerre ne peut venir que de la classe ouvri\u00e8re, qui en paie le prix par les coupes sociales, la hausse des prix, le ch\u00f4mage et la conscription. Unir les travailleurs \u00e0 l&rsquo;\u00e9chelle internationale et les rallier \u00e0 un programme socialiste qui lie la lutte contre la guerre, contre les in\u00e9galit\u00e9s sociales et contre la dictature \u00e0 la lutte contre leur cause profonde \u2013 le capitalisme \u2013 est l&rsquo;objectif du Parti de l&rsquo;\u00e9galit\u00e9 socialiste (PES) et du Comit\u00e9 international de la Quatri\u00e8me Internationale.<\/p>\n<p>Le trotskyste ukrainien Bogdan Syrotiuk a \u00e9t\u00e9 condamn\u00e9 en Ukraine \u00e0 15 ans de prison pour haute trahison car il pr\u00f4ne la fin de la guerre par l&rsquo;unit\u00e9 des classes ouvri\u00e8res ukrainienne et russe. Syrotiuk est un opposant au r\u00e9gime de Poutine. Mais le gouvernement ukrainien qui honore comme des h\u00e9ros les collaborateurs nazis et les meurtriers de masse de la Seconde Guerre mondiale ne peut tol\u00e9rer aucune opposition socialiste \u00e0 sa guerre.<\/p>\n<p>La lutte pour la lib\u00e9ration de Bogdan est un combat crucial contre la guerre imp\u00e9rialiste. Nous exhortons tous les lecteurs du WSWS \u00e0 se mobiliser: signez la p\u00e9tition pour sa lib\u00e9ration sur <a href=\"https:\/\/www.wsws.org\/freebogdan\" rel=\"nofollow noopener\" target=\"_blank\">wsws.org\/freebogdan<\/a>, envoyez des lettres de protestation exigeant sa lib\u00e9ration aux tribunaux ukrainiens \u00e0 inbox@pm.mk.court.gov.ua et inbox@mka.court.gov.ua, avec copie \u00e0 freebogdan@wsws.org, et soulevez la question de sa lib\u00e9ration sur votre lieu de travail, \u00e0 l\u2019universit\u00e9, \u00e0 l\u2019\u00e9cole ou dans votre syndicat.<\/p>\n<p>(Article paru en anglais le 3 septembre 2026)<\/p>\n","protected":false},"excerpt":{"rendered":"Un avion cargo Antonov [Photo by Vitorinostudio \/ wikimedia \/ CC BY-SA 4.0] L&rsquo;accusation du gouvernement allemand que&hellip;\n","protected":false},"author":2,"featured_media":1166253,"comment_status":"","ping_status":"","sticky":false,"template":"","format":"standard","meta":{"footnotes":"","_share_on_mastodon":"0"},"categories":[1590],"tags":[120373,11,120374,672,120375,75542,1777,674,12,52174,132,220,120376],"class_list":["post-1166252","post","type-post","status-publish","format-standard","has-post-thumbnail","category-ukraine","tag-accusation-de-terrorisme","tag-actualites","tag-aeroport-de-leipzig","tag-allemagne","tag-attentat-manque","tag-escalade-de-guerre","tag-eu","tag-europe","tag-news","tag-provocation","tag-russie","tag-ukraine","tag-unite-europeen"],"share_on_mastodon":{"url":"https:\/\/pubeurope.com\/@fr\/117211109282126542","error":""},"_links":{"self":[{"href":"https:\/\/www.europesays.com\/fr\/wp-json\/wp\/v2\/posts\/1166252","targetHints":{"allow":["GET"]}}],"collection":[{"href":"https:\/\/www.europesays.com\/fr\/wp-json\/wp\/v2\/posts"}],"about":[{"href":"https:\/\/www.europesays.com\/fr\/wp-json\/wp\/v2\/types\/post"}],"author":[{"embeddable":true,"href":"https:\/\/www.europesays.com\/fr\/wp-json\/wp\/v2\/users\/2"}],"replies":[{"embeddable":true,"href":"https:\/\/www.europesays.com\/fr\/wp-json\/wp\/v2\/comments?post=1166252"}],"version-history":[{"count":0,"href":"https:\/\/www.europesays.com\/fr\/wp-json\/wp\/v2\/posts\/1166252\/revisions"}],"wp:featuredmedia":[{"embeddable":true,"href":"https:\/\/www.europesays.com\/fr\/wp-json\/wp\/v2\/media\/1166253"}],"wp:attachment":[{"href":"https:\/\/www.europesays.com\/fr\/wp-json\/wp\/v2\/media?parent=1166252"}],"wp:term":[{"taxonomy":"category","embeddable":true,"href":"https:\/\/www.europesays.com\/fr\/wp-json\/wp\/v2\/categories?post=1166252"},{"taxonomy":"post_tag","embeddable":true,"href":"https:\/\/www.europesays.com\/fr\/wp-json\/wp\/v2\/tags?post=1166252"}],"curies":[{"name":"wp","href":"https:\/\/api.w.org\/{rel}","templated":true}]}}