{"id":1166270,"date":"2026-09-04T05:33:15","date_gmt":"2026-09-04T05:33:15","guid":{"rendered":"https:\/\/www.europesays.com\/fr\/1166270\/"},"modified":"2026-09-04T05:33:15","modified_gmt":"2026-09-04T05:33:15","slug":"clement-charmasson-ne-veut-pas-oublier-le-chemin-parcouru","status":"publish","type":"post","link":"https:\/\/www.europesays.com\/fr\/1166270\/","title":{"rendered":"Cl\u00e9ment Charmasson ne veut pas oublier le chemin parcouru"},"content":{"rendered":"<p>\t\t\t\t\t\t<img width=\"770\" height=\"556\" src=\"https:\/\/www.europesays.com\/fr\/wp-content\/uploads\/2026\/09\/afp__20260828__2292396240__v1__highres__husqvarnabritishmastershostedbysirnickfaldo2-770x556.jpg\" class=\"img-responsive wp-post-image\" alt=\"\" decoding=\"async\" fetchpriority=\"high\"  \/>\t\t\t\t\t<\/p>\n<p>\t\t\t\t\t\t Partager cet article <\/p>\n<p class=\"screen-reader-text juiz_sps_maybe_hidden_text\">Partager la publication \u00ab\u00a0Cl\u00e9ment Charmasson ne veut pas oublier le chemin parcouru\u00a0\u00bb<\/p>\n<p><strong>Apr\u00e8s un d\u00e9but de partie canon puis un passage plus d\u00e9licat, Cl\u00e9ment Charmasson a conclu son premier tour de l\u2019Omega European Masters par une carte de 69 (-1). \u00c0 Crans-Montana, le Toulousain veut profiter de ce tournoi pour donner un nouvel \u00e9lan \u00e0 une premi\u00e8re saison sur le DP World Tour plus compliqu\u00e9e qu\u2019esp\u00e9r\u00e9.<\/strong><\/p>\n<p>&#13;<br \/>\n<strong>N.C., \u00e0 Crans-Montana<\/strong><\/p>\n<p><strong>Cl\u00e9ment Charmasson<\/strong> n\u2019aurait pas pu r\u00eaver meilleur d\u00e9part \u00e0 l\u2019<strong>Omega European Masters.<\/strong> Trois premiers trous, trois birdies. Le Fran\u00e7ais a imm\u00e9diatement trouv\u00e9 le bon rythme \u00e0 Crans-Montana, avec des coups de qualit\u00e9 et un putter au rendez-vous. \u00ab J\u2019\u00e9tais un peu parti comme une fus\u00e9e. Les shots partaient l\u00e0 o\u00f9 je voulais, le putter \u00e9tait chaud \u00bb, raconte-t-il.<\/p>\n<p>Mais cette entame id\u00e9ale n\u2019a pas totalement \u00e9t\u00e9 suivie d\u2019effet. Le Toulousain a connu un milieu de partie plus compliqu\u00e9, notamment avec quelques mauvais coups qui l\u2019ont rapidement p\u00e9nalis\u00e9. Le premier tournant est intervenu au 14 (son cinqui\u00e8me trou), un par 5, o\u00f9 il a conc\u00e9d\u00e9 un bogey qu\u2019il juge lui-m\u00eame \u00ab un peu b\u00eate \u00bb.<\/p>\n<p>Pas de quoi toutefois g\u00e2cher compl\u00e8tement cette premi\u00e8re journ\u00e9e. Charmasson a su tenir pour terminer sur une note positive et boucler son tour en 69 (-1) \u00e0 la 65e position. \u00ab Dans l\u2019ensemble, je suis content de faire ce score parce que c\u2019\u00e9tait quand m\u00eame pas super \u00e9vident. Le parcours est compliqu\u00e9, les greens sont rapides.\u00a0\u00bb<\/p>\n<p>Une premi\u00e8re saison sur le DP World Tour \u00e0 apprivoiser<\/p>\n<p>Cette semaine constitue aussi une nouvelle \u00e9tape dans l\u2019apprentissage acc\u00e9l\u00e9r\u00e9 de <strong>Cl\u00e9ment Charmasson<\/strong>. Son ascension a \u00e9t\u00e9 fulgurante. En 2024, il \u00e9voluait encore sur le <strong>Pro Golf Tour<\/strong>, o\u00f9 il avait termin\u00e9 septi\u00e8me de l\u2019ordre du m\u00e9rite. Sa promotion vers l\u2019<strong>HotelPlanner Tour<\/strong> est finalement arriv\u00e9e gr\u00e2ce aux r\u00e9sultats d\u2019autres joueurs lors des Cartes europ\u00e9ennes.<\/p>\n<p>En 2025, le Toulousain n\u2019a pas tard\u00e9 \u00e0 confirmer. D\u00e8s son cinqui\u00e8me d\u00e9part sur le deuxi\u00e8me \u00e9chelon europ\u00e9en, il a remport\u00e9 le <strong>Challenge de Espa\u00f1a<\/strong>. Il a ensuite ajout\u00e9 plusieurs belles performances, avant de valider sa mont\u00e9e sur le <strong>DP World Tour<\/strong> \u00e0 l\u2019issue du <strong>Rolex Grand Final<\/strong>. 2026 est donc l\u2019ann\u00e9e de la d\u00e9couverte du plus haut niveau europ\u00e9en. \u00ab Il y a beaucoup de d\u00e9couvertes \u00bb, explique le Fran\u00e7ais, qui estime aujourd\u2019hui \u00eatre davantage \u00e0 l\u2019aise sur le circuit. Mais cette adaptation est arriv\u00e9e avec un l\u00e9ger d\u00e9calage. \u00ab Est-ce que ce n\u2019est pas un peu trop tard ? On ne sait pas. \u00bb<\/p>\n<p>Les diff\u00e9rences sont nombreuses : parcours plus exigeants, voyages plus longs, niveau de jeu sup\u00e9rieur et marge d\u2019erreur r\u00e9duite. \u00c0 cela s\u2019ajoute un \u00e9l\u00e9ment essentiel, <strong>Charmasson<\/strong> estime \u00eatre \u00ab un peu moins bien cette ann\u00e9e ou du moins moins constant dans le jeu. Il a des tr\u00e8s bons scores, et je me ramasse le lendemain. \u00c7a m\u2019emp\u00eache de faire de grosses performances. Maintenant, on va essayer de corriger cela, et continuer jusqu\u2019\u00e0 la fin du tournoi. \u00bb<\/p>\n<blockquote><p>&#13;<br \/>\nJe m\u2019attendais \u00e0 pouvoir jouer plus de tournois&#13;<\/p>\n<p>Cl\u00e9ment Charmasson<\/p>\n<p>&#13;\n<\/p><\/blockquote>\n<p>Son bilan chiffr\u00e9 illustre cette irr\u00e9gularit\u00e9. En 18 tournois disput\u00e9s avant l\u2019<strong>Omega European Masters<\/strong>, le supporter du Stade Toulousain a pass\u00e9 que huit cuts pour aucun top 30. Au classement de la <strong>Race to Dubai<\/strong>, il occupait la 165e place avec 139,6 points avant cette semaine suisse.<\/p>\n<p>\u00c0 cela s\u2019ajoute une autre difficult\u00e9, plus administrative et presque invisible pour le public, le calendrier. \u00ab\u00a0Avec ma cat\u00e9gorie, je m\u2019attendais \u00e0 pouvoir jouer plus de tournois, et notamment durant ce Back Nine. Ma saison est plus courte que ce que je pensais. Donc c\u2019est un peu tout ces trucs-l\u00e0 hors golf qui sont difficiles \u00e0 g\u00e9rer aussi et qui d\u00e9coulent sur le sportif \u00bb, explique-t-il.<\/p>\n<p>Il veut cependant garder le recul n\u00e9cessaire. Car en deux ans, le joueur de 27 ans est pass\u00e9 du troisi\u00e8me \u00e9chelon europ\u00e9en au DP World Tour. \u00ab Tu as envie au moins de rester l\u00e0 o\u00f9 tu es, mais il ne faut pas que j\u2019oublie que je suis l\u00e0 pour aussi apprendre et prendre de l\u2019exp\u00e9rience tout en essayant de corriger les erreurs au fur et \u00e0 mesure \u00bb, rappelle-t-il.<\/p>\n<p>\u00a0<\/p>\n<p>\u00a0<\/p>\n<p>\u00a9JASPER WAX \/ GETTY IMAGES EUROPE \/ GETTY IMAGES VIA AFP<\/p>\n","protected":false},"excerpt":{"rendered":"Partager cet article Partager la publication \u00ab\u00a0Cl\u00e9ment Charmasson ne veut pas oublier le chemin parcouru\u00a0\u00bb Apr\u00e8s un d\u00e9but&hellip;\n","protected":false},"author":2,"featured_media":1166271,"comment_status":"","ping_status":"","sticky":false,"template":"","format":"standard","meta":{"footnotes":"","_share_on_mastodon":"0"},"categories":[1418],"tags":[1011,27,1472,60],"class_list":["post-1166270","post","type-post","status-publish","format-standard","has-post-thumbnail","category-golf","tag-fr","tag-france","tag-golf","tag-sports"],"share_on_mastodon":{"url":"https:\/\/pubeurope.com\/@fr\/117211144650610798","error":""},"_links":{"self":[{"href":"https:\/\/www.europesays.com\/fr\/wp-json\/wp\/v2\/posts\/1166270","targetHints":{"allow":["GET"]}}],"collection":[{"href":"https:\/\/www.europesays.com\/fr\/wp-json\/wp\/v2\/posts"}],"about":[{"href":"https:\/\/www.europesays.com\/fr\/wp-json\/wp\/v2\/types\/post"}],"author":[{"embeddable":true,"href":"https:\/\/www.europesays.com\/fr\/wp-json\/wp\/v2\/users\/2"}],"replies":[{"embeddable":true,"href":"https:\/\/www.europesays.com\/fr\/wp-json\/wp\/v2\/comments?post=1166270"}],"version-history":[{"count":0,"href":"https:\/\/www.europesays.com\/fr\/wp-json\/wp\/v2\/posts\/1166270\/revisions"}],"wp:featuredmedia":[{"embeddable":true,"href":"https:\/\/www.europesays.com\/fr\/wp-json\/wp\/v2\/media\/1166271"}],"wp:attachment":[{"href":"https:\/\/www.europesays.com\/fr\/wp-json\/wp\/v2\/media?parent=1166270"}],"wp:term":[{"taxonomy":"category","embeddable":true,"href":"https:\/\/www.europesays.com\/fr\/wp-json\/wp\/v2\/categories?post=1166270"},{"taxonomy":"post_tag","embeddable":true,"href":"https:\/\/www.europesays.com\/fr\/wp-json\/wp\/v2\/tags?post=1166270"}],"curies":[{"name":"wp","href":"https:\/\/api.w.org\/{rel}","templated":true}]}}