{"id":1166276,"date":"2026-09-04T05:40:40","date_gmt":"2026-09-04T05:40:40","guid":{"rendered":"https:\/\/www.europesays.com\/fr\/1166276\/"},"modified":"2026-09-04T05:40:40","modified_gmt":"2026-09-04T05:40:40","slug":"col-de-mortirolo-masque-de-beaute-sauna-hamburger-une-journee-de-preparation-avec-remco-evenepoel-photos","status":"publish","type":"post","link":"https:\/\/www.europesays.com\/fr\/1166276\/","title":{"rendered":"Col de Mortirolo, masque de beaut\u00e9, sauna, hamburger\u2026\u00a0: une journ\u00e9e de pr\u00e9paration avec Remco Evenepoel (PHOTOS)"},"content":{"rendered":"<p><a href=\"https:\/\/www.dhnet.be\/sports\/cyclisme\/2026\/09\/02\/remco-sera-sans-doute-le-favori-au-canada-paul-seixas-est-pret-a-retrouver-evenepoel-sur-les-gp-quebecois-puis-le-mondial-LP3EQPVNSJC4VOXAQBVKPMEBOU\/\" target=\"_self\" class=\"ap-StoryInterstitialLink ap-StoryElement ap-StoryElement--mb\" rel=\"nofollow noopener\">\u00ab\u00a0Remco sera sans doute LE favori au Canada\u00a0\u00bb : Paul Seixas est pr\u00eat \u00e0 retrouver Evenepoel sur les GP qu\u00e9b\u00e9cois puis le Mondial<\/a><\/p>\n<p class=\"ap-StoryElement ap-StoryElement--mb ap-StoryText\">Pour ses followers, il a partag\u00e9 sa journ\u00e9e type. Elle comporte pas moins de 16 \u00e9tapes.<\/p>\n<p class=\"ap-StoryElement ap-StoryElement--mb ap-StoryText\">7H55 : Apr\u00e8s le r\u00e9veil, Remco Evenepoel analysait mes m\u00e9triques de sommeil.<\/p>\n<p class=\"ap-StoryElement ap-StoryElement--mb ap-StoryText\">8H00 : place ensuite au d\u00e9jeuner. Pour une longue journ\u00e9e de pr\u00e9paration, Remco doit mettre de l&rsquo;essence dans le moteur.<\/p>\n<p class=\"ap-StoryElement ap-StoryElement--mb ap-StoryText\">8H45 : le champion olympique s&rsquo;habille pour partir s&rsquo;entrainer.<\/p>\n<p class=\"ap-StoryElement ap-StoryElement--mb ap-StoryText\">9H22 : Remco croise la route de Oumi, sa femme qui part faire une randonn\u00e9e.<\/p>\n<p class=\"ap-StoryElement ap-StoryElement--mb ap-StoryText\">11H56 : Remco arrive au sommet du col de Mortirolo, long de 12km \u00e0 une moyenne de 12 %.<\/p>\n<p><a href=\"https:\/\/www.dhnet.be\/sports\/cyclisme\/2026\/08\/27\/entrainement-avec-van-der-poel-cuistot-perso-et-bascule-en-mode-classiques-voici-comment-remco-evenepoel-se-prepare-pour-tenter-le-double-au-mondial-GRMMXFIRORBZPP2OV2VNVMA66E\/\" target=\"_self\" class=\"ap-StoryInterstitialLink ap-StoryElement ap-StoryElement--mb\" rel=\"nofollow noopener\">Entra\u00eenement avec van der Poel, cuistot perso et bascule en mode classiques : voici comment Remco Evenepoel se pr\u00e9pare pour tenter le doubl\u00e9 au Mondial<\/a><\/p>\n<p class=\"ap-StoryElement ap-StoryElement--mb ap-StoryText\">12H27 : Evenepoel s&rsquo;hydrate gr\u00e2ce aux bidons donn\u00e9s par son entraineur.<\/p>\n<p class=\"ap-StoryElement ap-StoryElement--mb ap-StoryText\">13H36 : Le Belge repart et a encore beaucoup de chemin \u00e0 parcourir.<\/p>\n<p class=\"ap-StoryElement ap-StoryElement--mb ap-StoryText\">16H04 : Place \u00e0 la derni\u00e8re ascension du jour.<\/p>\n<p class=\"ap-StoryElement ap-StoryElement--mb ap-StoryText\">16H25 : Evenepoel peut enfin souffler et s&rsquo;hydrater.<\/p>\n<p class=\"ap-StoryElement ap-StoryElement--mb ap-StoryText\">16H40 : Apr\u00e8s l&rsquo;effort, le r\u00e9confort. Remco s&rsquo;offre un hamburger du chef Basilio.<\/p>\n<p class=\"ap-StoryElement ap-StoryElement--mb ap-StoryText\">17H : Le coureur de Schepdaal re\u00e7oit un massage.<\/p>\n<p><a href=\"https:\/\/www.dhnet.be\/sports\/cyclisme\/tour-de-france\/2026\/07\/20\/lavis-de-rik-vebrugghe-apres-la-victoire-de-remco-evenepoel-sur-la-15e-etape-du-tour-de-france-cela-peut-etre-un-tournant-dans-sa-carriere-WOQDECPSY5AUHEODURUULYUP4M\/\" target=\"_self\" class=\"ap-StoryInterstitialLink ap-StoryElement ap-StoryElement--mb\" rel=\"nofollow noopener\">L&rsquo;avis de Rik Vebrugghe apr\u00e8s la victoire de Remco Evenepoel sur la 15e \u00e9tape du Tour de France : \u00ab\u00a0Cela peut \u00eatre un tournant dans sa carri\u00e8re\u00a0\u00bb<\/a><\/p>\n<p class=\"ap-StoryElement ap-StoryElement--mb ap-StoryText\">18H17 : Avant de filer au sauna.<\/p>\n<p class=\"ap-StoryElement ap-StoryElement--mb ap-StoryText\">19H30 : Remco se pr\u00e9pare pour sa soir\u00e9e.<\/p>\n<p class=\"ap-StoryElement ap-StoryElement--mb ap-StoryText\">19H48 : il rejoint Oumi pour aller manger au restaurant.<\/p>\n<p class=\"ap-StoryElement ap-StoryElement--mb ap-StoryText\">20H15 : Remco Evenepoel savoure un d\u00e9licieux plat.<\/p>\n<p class=\"ap-StoryElement ap-StoryElement--mb ap-StoryText\">22H51 : apr\u00e8s une bonne soir\u00e9e, Remco et Oumi se font un masque du visage.<\/p>\n","protected":false},"excerpt":{"rendered":"\u00ab\u00a0Remco sera sans doute LE favori au Canada\u00a0\u00bb : Paul Seixas est pr\u00eat \u00e0 retrouver Evenepoel sur les&hellip;\n","protected":false},"author":2,"featured_media":1166277,"comment_status":"","ping_status":"","sticky":false,"template":"","format":"standard","meta":{"footnotes":"","_share_on_mastodon":"0"},"categories":[1411],"tags":[1154,207,1011,27,120377,11697,60,1138],"class_list":["post-1166276","post","type-post","status-publish","format-standard","has-post-thumbnail","category-cyclisme","tag-cycling","tag-cyclisme","tag-fr","tag-france","tag-oumaima-rayane","tag-remco-evenepoel","tag-sports","tag-tadej-pogacar"],"share_on_mastodon":{"url":"https:\/\/pubeurope.com\/@fr\/117211170426476271","error":""},"_links":{"self":[{"href":"https:\/\/www.europesays.com\/fr\/wp-json\/wp\/v2\/posts\/1166276","targetHints":{"allow":["GET"]}}],"collection":[{"href":"https:\/\/www.europesays.com\/fr\/wp-json\/wp\/v2\/posts"}],"about":[{"href":"https:\/\/www.europesays.com\/fr\/wp-json\/wp\/v2\/types\/post"}],"author":[{"embeddable":true,"href":"https:\/\/www.europesays.com\/fr\/wp-json\/wp\/v2\/users\/2"}],"replies":[{"embeddable":true,"href":"https:\/\/www.europesays.com\/fr\/wp-json\/wp\/v2\/comments?post=1166276"}],"version-history":[{"count":0,"href":"https:\/\/www.europesays.com\/fr\/wp-json\/wp\/v2\/posts\/1166276\/revisions"}],"wp:featuredmedia":[{"embeddable":true,"href":"https:\/\/www.europesays.com\/fr\/wp-json\/wp\/v2\/media\/1166277"}],"wp:attachment":[{"href":"https:\/\/www.europesays.com\/fr\/wp-json\/wp\/v2\/media?parent=1166276"}],"wp:term":[{"taxonomy":"category","embeddable":true,"href":"https:\/\/www.europesays.com\/fr\/wp-json\/wp\/v2\/categories?post=1166276"},{"taxonomy":"post_tag","embeddable":true,"href":"https:\/\/www.europesays.com\/fr\/wp-json\/wp\/v2\/tags?post=1166276"}],"curies":[{"name":"wp","href":"https:\/\/api.w.org\/{rel}","templated":true}]}}