{"id":1166286,"date":"2026-09-04T05:49:19","date_gmt":"2026-09-04T05:49:19","guid":{"rendered":"https:\/\/www.europesays.com\/fr\/1166286\/"},"modified":"2026-09-04T05:49:19","modified_gmt":"2026-09-04T05:49:19","slug":"jarny-cinema-un-bel-ete-pour-les-petites-salles-obscures-meme-sans-clim","status":"publish","type":"post","link":"https:\/\/www.europesays.com\/fr\/1166286\/","title":{"rendered":"Jarny. Cin\u00e9ma\u00a0: un bel \u00e9t\u00e9 pour les petites salles obscures m\u00eame sans clim"},"content":{"rendered":"<p>\u00ab\u00a0M\u00eame sans canicule, on serait all\u00e9 voir les films cet \u00e9t\u00e9, c\u2019est certain\u00a0\u00bb nous confie-t-on \u00e0 l\u2019entr\u00e9e de l\u2019Espace Gerard-Philipe, \u00e0 Jarny. La programmation est exceptionnellement attractive cet \u00e9t\u00e9. L\u2019Odyss\u00e9e, Toy Story 5, \u00a0 <a href=\"https:\/\/www.republicain-lorrain.fr\/culture-loisirs\/2026\/08\/19\/quand-le-general-de-gaulle-creve-l-ecran-malgre-un-depart-rate\" target=\"_blank\" rel=\"nofollow noopener\">De Gaulle<\/a> , Va\u00efana, Spider-Man , ou encore Disclosure Day , le dernier Spielberg, ont su attirer les spectateurs dans les salles obscures. \u00ab\u00a0Les films pour enfants ont eu beaucoup de succ\u00e8s, Toy Story et Vaiana. \u00c7a fait vraiment plaisir\u00a0!\u00a0\u00bb, affirme Lo\u00efc Gauche, membre de l\u2019association du cin\u00e9ma Jean-Vilar, qui fait tourner le cin\u00e9ma de Conflans-en-Jarnisy. M\u00eame son de cloche \u00e0 l\u2019Espace G\u00e9rard-Philipe, cin\u00e9ma intercommunal \u00e0 Jarny. \u00ab\u00a0En ce moment nous avons <\/p>\n","protected":false},"excerpt":{"rendered":"\u00ab\u00a0M\u00eame sans canicule, on serait all\u00e9 voir les films cet \u00e9t\u00e9, c\u2019est certain\u00a0\u00bb nous confie-t-on \u00e0 l\u2019entr\u00e9e de&hellip;\n","protected":false},"author":2,"featured_media":1166287,"comment_status":"","ping_status":"","sticky":false,"template":"","format":"standard","meta":{"footnotes":"","_share_on_mastodon":"0"},"categories":[1354],"tags":[56821,650,1687,58,15834,59,1346,1011,27,230,56820,1360],"class_list":["post-1166286","post","type-post","status-publish","format-standard","has-post-thumbnail","category-films","tag-cc-orne-lorraine-confluences-54e2","tag-cinema","tag-culture-loisirs","tag-divertissement","tag-edition-briey","tag-entertainment","tag-films","tag-fr","tag-france","tag-infographie","tag-jarny","tag-movies"],"share_on_mastodon":{"url":"https:\/\/pubeurope.com\/@fr\/117211206050213686","error":""},"_links":{"self":[{"href":"https:\/\/www.europesays.com\/fr\/wp-json\/wp\/v2\/posts\/1166286","targetHints":{"allow":["GET"]}}],"collection":[{"href":"https:\/\/www.europesays.com\/fr\/wp-json\/wp\/v2\/posts"}],"about":[{"href":"https:\/\/www.europesays.com\/fr\/wp-json\/wp\/v2\/types\/post"}],"author":[{"embeddable":true,"href":"https:\/\/www.europesays.com\/fr\/wp-json\/wp\/v2\/users\/2"}],"replies":[{"embeddable":true,"href":"https:\/\/www.europesays.com\/fr\/wp-json\/wp\/v2\/comments?post=1166286"}],"version-history":[{"count":0,"href":"https:\/\/www.europesays.com\/fr\/wp-json\/wp\/v2\/posts\/1166286\/revisions"}],"wp:featuredmedia":[{"embeddable":true,"href":"https:\/\/www.europesays.com\/fr\/wp-json\/wp\/v2\/media\/1166287"}],"wp:attachment":[{"href":"https:\/\/www.europesays.com\/fr\/wp-json\/wp\/v2\/media?parent=1166286"}],"wp:term":[{"taxonomy":"category","embeddable":true,"href":"https:\/\/www.europesays.com\/fr\/wp-json\/wp\/v2\/categories?post=1166286"},{"taxonomy":"post_tag","embeddable":true,"href":"https:\/\/www.europesays.com\/fr\/wp-json\/wp\/v2\/tags?post=1166286"}],"curies":[{"name":"wp","href":"https:\/\/api.w.org\/{rel}","templated":true}]}}