{"id":1166327,"date":"2026-09-04T06:16:34","date_gmt":"2026-09-04T06:16:34","guid":{"rendered":"https:\/\/www.europesays.com\/fr\/1166327\/"},"modified":"2026-09-04T06:16:34","modified_gmt":"2026-09-04T06:16:34","slug":"que-faire-a-rennes-ce-week-end-du-05-septembre-au-06-septembre-2026","status":"publish","type":"post","link":"https:\/\/www.europesays.com\/fr\/1166327\/","title":{"rendered":"Que faire \u00e0 Rennes ce week-end du 05 septembre au 06 septembre 2026 ?"},"content":{"rendered":"<p>\n        Tout public. Dans cette proposition, l\u2019artiste questionne, entre autres, les espaces d\u2019exposition institutionnels et leur capacit\u00e9 \u00e0 favoriser l\u2019accueil des publics. Guid\u00e9e par l\u2019id\u00e9e que ni l\u2019art ni les artistes ne pensent en vase clos, Celina Eceiza int\u00e8gre \u00e0 l\u2019exposition une s\u00e9lection d\u2019\u0153uvres issues de la collection du Frac qu\u2019elle per\u00e7oit comme venant \u00e9largir sa propre pratique.\n        <\/p>\n<p><a href=\"https:\/\/www.letelegramme.fr\/api\/gotourl\/bevt\/3507940\/\" target=\"_blank\" rel=\"nofollow noopener\"><br \/>\n        Marathon radio musique\u00a0: 35\u00a0heures sans dormir<br \/>\n        <\/a><\/p>\n<p>\n        Tout public. Le marathon d\u00e9bute \u00e0 12 h le vendredi pour s\u2019achever \u00e0 23 h le samedi pour raconter les radios associatives, dans le cadre des 35 ans de la Ferarock. Au programme : des siestes musicales depuis les Champs Libres et Blindspot, une matinale depuis le march\u00e9 des Lices et des \u00e9missions en public ; le samedi, de 20 h \u00e0 23 h, au 360, concert de Mossa\u00ef mossa\u00ef et C.A.R (billetterie sur la page HelloAsso de Ferarock ; 12 \u20ac).\n        <\/p>\n<p><a href=\"https:\/\/www.letelegramme.fr\/api\/gotourl\/bevt\/3507861\/\" target=\"_blank\" rel=\"nofollow noopener\"><br \/>\n        Concert symphonique de l\u2019Oiso<br \/>\n        <\/a><\/p>\n<p>\n        Tout public ; accessible aux personnes \u00e0 mobilit\u00e9 r\u00e9duite. Concert jou\u00e9 par l\u2019Orchestre imaginaire symphonique de l\u2019Ouest qui a pour ambition de faire vibrer tous les publics \u00e0 travers les grandes \u0153uvres du r\u00e9pertoire symphonique, les musiques \u00e9crites pour l\u2019image, ainsi que des cr\u00e9ations symphoniques originales. Billetterie sur la page HelloAsso de Kibokozh production.\n        <\/p>\n<p><a href=\"https:\/\/www.letelegramme.fr\/api\/gotourl\/bevt\/3550812\/\" target=\"_blank\" rel=\"nofollow noopener\"><br \/>\n        Visite \u00ab\u00a0Les mini potes\u00a0\u00bb en famille<br \/>\n        <\/a><\/p>\n<p>\n        La visite entra\u00eene les enfants et leur famille dans les expositions du Frac. Moiti\u00e9 visite, moiti\u00e9 pratique, la d\u00e9couverte des \u0153uvres et du b\u00e2timent du Frac s\u2019exp\u00e9rimente \u00e0 travers le jeu o\u00f9 chacun perce les myst\u00e8res de l\u2019art gr\u00e2ce \u00e0 l\u2019observation de ce qui l\u2019entoure. R\u00e9servation conseill\u00e9e.\n        <\/p>\n<p>L&rsquo;agenda des loisirs<\/p>\n<p class=\"moveInBrittany__text\" style=\"color:#fff\">\n            Festivals, expositions, visites, conf\u00e9rences, &#8230;\n          <\/p>\n<p>Sortir \u00e0 Rennes le dimanche 06 septembre<a href=\"https:\/\/www.letelegramme.fr\/api\/gotourl\/bevt\/3550806\/\" target=\"_blank\" rel=\"nofollow noopener\"><br \/>\n        Marathon du dessin<br \/>\n        <\/a><\/p>\n<p>\n        Adultes et enfants peuvent participer au marathon du dessin et contribuer \u00e0 l\u2019exposition \u00ab Dormance \u00bb de Celina Eceiza, en dessinant directement sur les murs de l\u2019exposition.\n        <\/p>\n<p><a href=\"https:\/\/www.letelegramme.fr\/api\/gotourl\/bevt\/3550851\/\" target=\"_blank\" rel=\"nofollow noopener\"><br \/>\n        Exposition \u00ab\u00a0La mer jamais ne s\u2019oublie\u00a0\u00bb<br \/>\n        <\/a><\/p>\n<p>\n        Tout public. Cinq regards f\u00e9minins sur la mer, sa beaut\u00e9, ses myst\u00e8res et sa fragilit\u00e9.\n        <\/p>\n<p><\/p>\n","protected":false},"excerpt":{"rendered":"Tout public. Dans cette proposition, l\u2019artiste questionne, entre autres, les espaces d\u2019exposition institutionnels et leur capacit\u00e9 \u00e0 favoriser&hellip;\n","protected":false},"author":2,"featured_media":6963,"comment_status":"","ping_status":"","sticky":false,"template":"","format":"standard","meta":{"footnotes":"","_share_on_mastodon":"0"},"categories":[2821],"tags":[1111,11,829,1777,674,1011,27,12,3907,584,25],"class_list":["post-1166327","post","type-post","status-publish","format-standard","has-post-thumbnail","category-rennes","tag-actu","tag-actualites","tag-bretagne","tag-eu","tag-europe","tag-fr","tag-france","tag-news","tag-que-faire","tag-rennes","tag-republique-francaise"],"share_on_mastodon":{"url":"https:\/\/pubeurope.com\/@fr\/117211311951722417","error":""},"_links":{"self":[{"href":"https:\/\/www.europesays.com\/fr\/wp-json\/wp\/v2\/posts\/1166327","targetHints":{"allow":["GET"]}}],"collection":[{"href":"https:\/\/www.europesays.com\/fr\/wp-json\/wp\/v2\/posts"}],"about":[{"href":"https:\/\/www.europesays.com\/fr\/wp-json\/wp\/v2\/types\/post"}],"author":[{"embeddable":true,"href":"https:\/\/www.europesays.com\/fr\/wp-json\/wp\/v2\/users\/2"}],"replies":[{"embeddable":true,"href":"https:\/\/www.europesays.com\/fr\/wp-json\/wp\/v2\/comments?post=1166327"}],"version-history":[{"count":0,"href":"https:\/\/www.europesays.com\/fr\/wp-json\/wp\/v2\/posts\/1166327\/revisions"}],"wp:featuredmedia":[{"embeddable":true,"href":"https:\/\/www.europesays.com\/fr\/wp-json\/wp\/v2\/media\/6963"}],"wp:attachment":[{"href":"https:\/\/www.europesays.com\/fr\/wp-json\/wp\/v2\/media?parent=1166327"}],"wp:term":[{"taxonomy":"category","embeddable":true,"href":"https:\/\/www.europesays.com\/fr\/wp-json\/wp\/v2\/categories?post=1166327"},{"taxonomy":"post_tag","embeddable":true,"href":"https:\/\/www.europesays.com\/fr\/wp-json\/wp\/v2\/tags?post=1166327"}],"curies":[{"name":"wp","href":"https:\/\/api.w.org\/{rel}","templated":true}]}}