{"id":1166330,"date":"2026-09-04T06:19:14","date_gmt":"2026-09-04T06:19:14","guid":{"rendered":"https:\/\/www.europesays.com\/fr\/1166330\/"},"modified":"2026-09-04T06:19:14","modified_gmt":"2026-09-04T06:19:14","slug":"strasbourg-il-incendie-le-cabanon-de-son-ex-et-enflamme-la-facade-dun-immeuble-4-ans-de-prison","status":"publish","type":"post","link":"https:\/\/www.europesays.com\/fr\/1166330\/","title":{"rendered":"Strasbourg. Il incendie le cabanon de son ex et enflamme la fa\u00e7ade d\u2019un immeuble\u00a0: 4 ans de prison"},"content":{"rendered":"<p>Cela faisait quelques jours qu\u2019il r\u00f4dait aux abords de cet immeuble de la rue de Lichtenberg, dans la cit\u00e9-jardin du Neuhof, \u00e0 Strasbourg. La veille des faits, le 13\u00a0mai 2024, il dit \u00e0 une voisine\u00a0: \u00ab\u00a0\u00c7a va mal tourner. J\u2019en ai plus rien \u00e0 foutre.\u00a0\u00bb Le mardi, une autre voisine le voit tra\u00eener d\u00e8s 10\u00a0h\u00a030. Puis, le fils de son ex, 17 ans, voit sa camionnette vers 11\u00a0h\u00a030. Une derni\u00e8re voisine aper\u00e7oit le mis en cause partir du jardin peu avant midi. Juste apr\u00e8s, <a href=\"https:\/\/www.dna.fr\/faits-divers-justice\/2024\/05\/15\/apres-une-rupture-amoureuse-il-met-le-feu-a-un-cabanon-de-jardin\" target=\"_blank\" rel=\"nofollow noopener\">un cabanon de jardin est en feu<\/a> \u00a0; les flammes l\u00e8chent la fa\u00e7ade\u00a0; la fum\u00e9e p\u00e9n\u00e8tre dans les logements\u00a0; les fen\u00eatres se fendillent sous l\u2019effet de la chaleur. Il n\u2019y a miraculeusement aucune victime. Mais une famille, sur les six touch\u00e9es, doit \u00eatre relog\u00e9e.<\/p>\n<p>  \u00ab\u00a0J\u2019ai vrill\u00e9. J\u2019ai fait une b\u00eatise\u00a0\u00bb<\/p>\n<p>\u00ab\u00a0\u00c0 un moment donn\u00e9, j\u2019ai vrill\u00e9. J\u2019ai fait une b\u00eatise\u00a0\u00bb, explique-t-il \u00e0 la barre, r\u00e9p\u00e9tant une dizaine de fois le mot b\u00eatise, \u00e9tant repris une dizaine de fois par la pr\u00e9sidente Isabelle Karolak puis par M e Nicolas Clausmann, son conseil. <a href=\"https:\/\/www.dna.fr\/faits-divers-justice\/2024\/05\/16\/feu-de-cabanon-l-ex-conjoint-suspecte-mis-en-examen\" target=\"_blank\" rel=\"nofollow noopener\"> Il vivait mal sa s\u00e9paration avec celle qui a partag\u00e9 sa vie pendant 17 ans et qui l\u2019a accueilli pendant quatre ans<\/a> , apr\u00e8s qu\u2019il eut perdu son logement. Ensemble, ils ont reb\u00e2ti ce cabanon de jardin qui avait d\u00e9j\u00e0 br\u00fbl\u00e9. Ils y ont fait des f\u00eates entre amis, en famille. Elle a appris qu\u2019il avait une liaison. Mis face aux faits, il a fait une tentative de suicide. Elle en a eu assez et lui a dit de s\u2019en aller.<\/p>\n<p>  \u00ab\u00a0J\u2019avais la rage. Pas contre elle. Surtout contre moi.\u00a0\u00bb<\/p>\n<p>\u00ab\u00a0Je suis parti avec rien du tout. J\u2019avais la rage. Pas contre elle. Surtout contre moi.\u00a0\u00bb Ce cabanon qu\u2019il incendie repr\u00e9sente \u00ab\u00a0tout\u00a0\u00bb pour lui. Il a aussi \u00e9norm\u00e9ment de ranc\u0153ur envers elle car elle aurait gard\u00e9 son argent, oubliant au passage de dire que s\u2019il versait ses salaires sur son compte \u00e0 elle, c\u2019est qu\u2019il avait des dettes et \u00e9tait poursuivi par un huissier. \u00ab\u00a0Je ne pensais pas que \u00e7a aurait ces cons\u00e9quences.\u00a0\u00bb<\/p>\n<p>L\u2019experte psychologue remarque qu\u2019il n\u2019exprime aucun regret pour les victimes. Un trait relev\u00e9 par M e Fabrice Bigot en partie civile alors que \u00ab\u00a0tout aurait pu finir en drame absolu\u00a0\u00bb. \u00ab\u00a0Il a agi par vengeance. Il voulait que ma cliente ne puisse plus profiter de ce dont il ne pourrait plus profiter.\u00a0\u00bb Elle a perdu le sommeil, en capacit\u00e9 de concentration et culpabilise en croisant ses voisins.<\/p>\n<p>  \u00ab\u00a0On est sur un acte pr\u00e9m\u00e9dit\u00e9 sous le coup de la col\u00e8re\u00a0\u00bb<\/p>\n<p>\u00ab\u00a0On est sur un acte pr\u00e9m\u00e9dit\u00e9 sous le coup de la col\u00e8re\u00a0\u00bb, remarque la procureure Agn\u00e8s Robine. Elle requiert 5 ans de prison dont un avec sursis probatoire, avec mandat de d\u00e9p\u00f4t pour la partie ferme.<\/p>\n<p>En d\u00e9fense, M e Clausmann veut montrer qu\u2019il n\u2019y a pas eu pr\u00e9m\u00e9ditation, \u00ab\u00a0c\u2019\u00e9tait juste une id\u00e9e qui lui trottait dans la t\u00eate\u00a0\u00bb qui a conduit \u00e0 \u00ab\u00a0un acte irr\u00e9fl\u00e9chi, un p\u00e9tage de plombs plus qu\u2019une r\u00e9elle r\u00e9flexion\u00a0\u00bb. \u00ab\u00a0C\u2019est un homme qui \u00e9tait \u00e0 bout \u00e0 ce moment-l\u00e0 et qui se rend imm\u00e9diatement compte qu\u2019il est all\u00e9 trop loin.\u00a0\u00bb Face \u00e0 des r\u00e9quisitions s\u00e9v\u00e8res, il souligne l\u2019\u00e2ge, 64 ans aujourd\u2019hui, et la mauvaise sant\u00e9 de son client. \u00ab\u00a0Je suis d\u00e9sol\u00e9 de ce que j\u2019ai fait\u00a0\u00bb, affirme Michel Fendenheim.<\/p>\n<p>Parti avant le d\u00e9lib\u00e9r\u00e9, il n\u2019entendra pas le prononc\u00e9 de la peine\u00a0: 4 ans dont 3 avec sursis, avec une partie ferme am\u00e9nag\u00e9e sous la forme d\u2019un bracelet \u00e9lectronique. Il a interdiction de para\u00eetre rue de Lichtenberg pendant trois ans ainsi que de contact avec les victimes, auxquelles il devra verser 9\u00a0600\u00a0\u20ac.<\/p>\n","protected":false},"excerpt":{"rendered":"Cela faisait quelques jours qu\u2019il r\u00f4dait aux abords de cet immeuble de la rue de Lichtenberg, dans la&hellip;\n","protected":false},"author":2,"featured_media":1166331,"comment_status":"","ping_status":"","sticky":false,"template":"","format":"standard","meta":{"footnotes":"","_share_on_mastodon":"0"},"categories":[2820],"tags":[1111,11,2389,2649,271,272,2880,1777,674,274,107,1011,27,775,12,25,640,2879],"class_list":["post-1166330","post","type-post","status-publish","format-standard","has-post-thumbnail","category-strasbourg","tag-actu","tag-actualites","tag-alsace","tag-bas-rhin","tag-crime","tag-delit-et-contravention","tag-edition-strasbourg","tag-eu","tag-europe","tag-faits-divers-justice","tag-fil-info","tag-fr","tag-france","tag-grand-est","tag-news","tag-republique-francaise","tag-strasbourg","tag-strasbourg-ville"],"share_on_mastodon":{"url":"https:\/\/pubeurope.com\/@fr\/117211323698371610","error":""},"_links":{"self":[{"href":"https:\/\/www.europesays.com\/fr\/wp-json\/wp\/v2\/posts\/1166330","targetHints":{"allow":["GET"]}}],"collection":[{"href":"https:\/\/www.europesays.com\/fr\/wp-json\/wp\/v2\/posts"}],"about":[{"href":"https:\/\/www.europesays.com\/fr\/wp-json\/wp\/v2\/types\/post"}],"author":[{"embeddable":true,"href":"https:\/\/www.europesays.com\/fr\/wp-json\/wp\/v2\/users\/2"}],"replies":[{"embeddable":true,"href":"https:\/\/www.europesays.com\/fr\/wp-json\/wp\/v2\/comments?post=1166330"}],"version-history":[{"count":0,"href":"https:\/\/www.europesays.com\/fr\/wp-json\/wp\/v2\/posts\/1166330\/revisions"}],"wp:featuredmedia":[{"embeddable":true,"href":"https:\/\/www.europesays.com\/fr\/wp-json\/wp\/v2\/media\/1166331"}],"wp:attachment":[{"href":"https:\/\/www.europesays.com\/fr\/wp-json\/wp\/v2\/media?parent=1166330"}],"wp:term":[{"taxonomy":"category","embeddable":true,"href":"https:\/\/www.europesays.com\/fr\/wp-json\/wp\/v2\/categories?post=1166330"},{"taxonomy":"post_tag","embeddable":true,"href":"https:\/\/www.europesays.com\/fr\/wp-json\/wp\/v2\/tags?post=1166330"}],"curies":[{"name":"wp","href":"https:\/\/api.w.org\/{rel}","templated":true}]}}