{"id":1166332,"date":"2026-09-04T06:20:17","date_gmt":"2026-09-04T06:20:17","guid":{"rendered":"https:\/\/www.europesays.com\/fr\/1166332\/"},"modified":"2026-09-04T06:20:17","modified_gmt":"2026-09-04T06:20:17","slug":"strasbourg-et-metz-sont-a-la-recherche-de-stabilite-en-championnat","status":"publish","type":"post","link":"https:\/\/www.europesays.com\/fr\/1166332\/","title":{"rendered":"Strasbourg et Metz sont \u00e0 la recherche de stabilit\u00e9 en championnat"},"content":{"rendered":"<p style=\"margin: 0;\">vendredi  4 septembre 2026 \u00e0 07:53<\/p>\n<p>\t<img decoding=\"async\" src=\"https:\/\/www.europesays.com\/fr\/wp-content\/uploads\/2026\/09\/18843-strasbourg-et-metz-sont-a-la-recherche-de-stabilite-en-championnat_w1500.jpeg\" class=\"blur\" alt=\"Strasbourg et Metz sont \u00e0 la recherche de stabilit\u00e9 en championnat\"\/><br \/>\n\t<img decoding=\"async\" src=\"https:\/\/www.europesays.com\/fr\/wp-content\/uploads\/2026\/09\/18843-strasbourg-et-metz-sont-a-la-recherche-de-stabilite-en-championnat_w1500.jpeg\" class=\"main\" alt=\"Strasbourg et Metz sont \u00e0 la recherche de stabilit\u00e9 en championnat\"\/><\/p>\n<p>Le Racing a montr\u00e9 une meilleure image le week-end dernier en battant Lens \u00e0 domicile. Les Alsaciens devront prouver que ce n\u2019\u00e9tait pas qu\u2019un coup de chance en cherchant les 3 points \u00e0 Troyes ce dimanche \u00e0 15h.<\/p>\n<p>&#13;<\/p>\n<p>De son c\u00f4t\u00e9, Metz enchaine les matchs nuls depuis 3 rencontres, une victoire contre Rodez est donc attendue ce samedi \u00e0 14h \u00e0 Saint-Symphorien. Nancy sera en d\u00e9placement \u00e0 Nantes lundi \u00e0 20h45.<\/p>\n","protected":false},"excerpt":{"rendered":"vendredi 4 septembre 2026 \u00e0 07:53 Le Racing a montr\u00e9 une meilleure image le week-end dernier en battant&hellip;\n","protected":false},"author":2,"featured_media":1166333,"comment_status":"","ping_status":"","sticky":false,"template":"","format":"standard","meta":{"footnotes":"","_share_on_mastodon":"0"},"categories":[2820],"tags":[1111,11,1777,674,1011,27,775,12,25,640],"class_list":["post-1166332","post","type-post","status-publish","format-standard","has-post-thumbnail","category-strasbourg","tag-actu","tag-actualites","tag-eu","tag-europe","tag-fr","tag-france","tag-grand-est","tag-news","tag-republique-francaise","tag-strasbourg"],"share_on_mastodon":{"url":"https:\/\/pubeurope.com\/@fr\/117211330909052150","error":""},"_links":{"self":[{"href":"https:\/\/www.europesays.com\/fr\/wp-json\/wp\/v2\/posts\/1166332","targetHints":{"allow":["GET"]}}],"collection":[{"href":"https:\/\/www.europesays.com\/fr\/wp-json\/wp\/v2\/posts"}],"about":[{"href":"https:\/\/www.europesays.com\/fr\/wp-json\/wp\/v2\/types\/post"}],"author":[{"embeddable":true,"href":"https:\/\/www.europesays.com\/fr\/wp-json\/wp\/v2\/users\/2"}],"replies":[{"embeddable":true,"href":"https:\/\/www.europesays.com\/fr\/wp-json\/wp\/v2\/comments?post=1166332"}],"version-history":[{"count":0,"href":"https:\/\/www.europesays.com\/fr\/wp-json\/wp\/v2\/posts\/1166332\/revisions"}],"wp:featuredmedia":[{"embeddable":true,"href":"https:\/\/www.europesays.com\/fr\/wp-json\/wp\/v2\/media\/1166333"}],"wp:attachment":[{"href":"https:\/\/www.europesays.com\/fr\/wp-json\/wp\/v2\/media?parent=1166332"}],"wp:term":[{"taxonomy":"category","embeddable":true,"href":"https:\/\/www.europesays.com\/fr\/wp-json\/wp\/v2\/categories?post=1166332"},{"taxonomy":"post_tag","embeddable":true,"href":"https:\/\/www.europesays.com\/fr\/wp-json\/wp\/v2\/tags?post=1166332"}],"curies":[{"name":"wp","href":"https:\/\/api.w.org\/{rel}","templated":true}]}}